{"id":72579,"date":"2025-05-03T20:11:09","date_gmt":"2025-05-03T20:11:09","guid":{"rendered":"https:\/\/www.europesays.com\/fr\/72579\/"},"modified":"2025-05-03T20:11:09","modified_gmt":"2025-05-03T20:11:09","slug":"arsenal-se-rate-avant-le-sommet-a-paris-2","status":"publish","type":"post","link":"https:\/\/www.europesays.com\/fr\/72579\/","title":{"rendered":"Arsenal se rate avant le sommet \u00e0 Paris"},"content":{"rendered":"<p>Arsenal s&rsquo;est fait renverser par Bournemouth (2-1) samedi \u00e0 domicile, une rare d\u00e9faite en Premier League qui tombe au plus mal, dans le sprint final et avant la demi-finale retour de Ligue des champions contre le PSG.<\/p>\n<p>Paris a perdu \u00e0 Strasbourg avec ses rempla\u00e7ants et Arsenal a perdu chez lui avec son \u00e9quipe type, sur le m\u00eame score, quatre jours avant leurs retrouvailles au Parc des princes.<\/p>\n<p>\u00ab\u00a0Croyez-y et emmenez-nous \u00e0 Munich\u00a0\u00bb (\u00ab\u00a0Believe and take us to Munich\u00a0\u00bb), avaient \u00e9crit des supporters samedi \u00e0 l&rsquo;Emirates sur une banderole, en r\u00e9f\u00e9rence \u00e0 la finale europ\u00e9enne du 31 mai.<\/p>\n<p>Au coup de sifflet final, pourtant, les tribunes avaient commenc\u00e9 \u00e0 se vider, d\u00e9\u00e7ues par la prestation des Gunners.<\/p>\n<p>Deuxi\u00e8me depuis fin d\u00e9cembre, Arsenal (2e, 67 pts) voit Manchester City (3e, 64 pts) revenir \u00e0 trois points, \u00e0 trois journ\u00e9es de la fin. Et Newcastle (4e, 62 pts) peut aussi se rapprocher s&rsquo;il gagne dimanche \u00e0 Brighton.<\/p>\n<p>Les Londoniens marquent le pas en championnat, avec une seule victoire (et trois nuls) en cinq matches, et leur moral ne sera pas optimal au moment d&rsquo;arriver au Parc.<\/p>\n<p>La d\u00e9faite de samedi a cr\u00e9\u00e9 \u00ab\u00a0beaucoup de rage, de col\u00e8re, de frustration et une sensation d\u00e9sagr\u00e9able dans le ventre. Nous devons donc nous en servir mercredi pour r\u00e9aliser une grosse performance \u00e0 Paris, gagner le match et remporter la finale\u00a0\u00bb, a r\u00e9agi Mikel Arteta.<\/p>\n<p>&#8211; Partey align\u00e9 &#8211;<\/p>\n<p>Fid\u00e8le \u00e0 ses principes, l&rsquo;entra\u00eeneur avait pourtant align\u00e9 son \u00e9quipe-type pour entretenir la dynamique sportive, plut\u00f4t que de jouer la carte de la rotation.<\/p>\n<p>Seul le forfait de Jurri\u00ebn Timber l&rsquo;a contraint \u00e0 un changement au poste d&rsquo;arri\u00e8re droit, o\u00f9 Ben White a offici\u00e9. Thomas Partey, suspendu mardi contre Paris, a lui fait son retour comme milieu d\u00e9fensif.<\/p>\n<p>La pr\u00e9sence du Ghan\u00e9en a permis \u00e0 Declan Rice de retrouver sa place de milieu relayeur, un atout consid\u00e9rable offensivement pour les Gunners.<\/p>\n<p>L&rsquo;Anglais de 26 ans a apport\u00e9 le danger tr\u00e8s t\u00f4t sur des frappes (15e, 17e), il a \u00e9t\u00e9 proche de marquer de la t\u00eate (19e) et il a ouvert le score avec le sang froid d&rsquo;un buteur (34e, 1-0).<\/p>\n<p>Mais Bournemouth (8e, 53 pts) n&rsquo;a pas abdiqu\u00e9, au contraire, et a mis l&rsquo;intensit\u00e9 n\u00e9cessaire pour renverser le match en seconde p\u00e9riode, sur des phases arr\u00eat\u00e9es.<\/p>\n<p>Antoine Semenyo a envoy\u00e9 une longue touche sur la t\u00eate de Dean Huijsen (67e, 1-1), puis Evanilson a bonifi\u00e9 un corner en reprenant au second poteau le ballon d\u00e9vi\u00e9 par un partenaire (75e, 1-2).<\/p>\n<p>&#8211; Villa se reprend &#8211;<\/p>\n<p>Victime du PSG en quarts de finale, Aston Villa a lui fait ce qu&rsquo;il fallait pour retrouver la Ligue des champions la saison prochaine, samedi avec un succ\u00e8s 1-0 contre Fulham qui le rapproche des places qualificatives.<\/p>\n<p>\u00ab\u00a0Nous y avons go\u00fbt\u00e9 cette saison et nous voulons recommencer\u00a0\u00bb, a comment\u00e9 le buteur du jour, Youri Tielemans, sur TNT Sports.<\/p>\n<p>Le milieu belge a catapult\u00e9 de la t\u00eate un corner du capitaine John McGinn (12e, 1-0) et redonn\u00e9 de l&rsquo;\u00e9lan \u00e0 une \u00e9quipe qui en avait bien besoin.<\/p>\n<p>Les \u00ab\u00a0Villans\u00a0\u00bb ont en effet encha\u00een\u00e9 les d\u00e9ceptions r\u00e9cemment, de l&rsquo;\u00e9limination en C1 \u00e0 celle en Coupe d&rsquo;Angleterre, en passant par la d\u00e9faite en championnat contre Manchester City, un rival direct.<\/p>\n<p>L&rsquo;\u00e9quipe d&rsquo;Unai Emery est septi\u00e8me avec 60 points, soit le m\u00eame total que Chelsea (5e) et Nottingham Forest (6e), qui jouent respectivement contre Liverpool, dimanche, et contre Crystal Palace, lundi.<\/p>\n<p>Les autres rencontres de l&rsquo;apr\u00e8s-midi n&rsquo;avaient aucun enjeu pour le classement puisque Ipswich \u00e9tait d\u00e9j\u00e0 rel\u00e9gu\u00e9 avant son d\u00e9placement \u00e0 Everton (2-2), comme Leicester et Southampton (2-0).<\/p>\n<p>jta\/lle<\/p>\n","protected":false},"excerpt":{"rendered":"Arsenal s&rsquo;est fait renverser par Bournemouth (2-1) samedi \u00e0 domicile, une rare d\u00e9faite en Premier League qui tombe&hellip;\n","protected":false},"author":2,"featured_media":72580,"comment_status":"","ping_status":"","sticky":false,"template":"","format":"standard","meta":{"footnotes":""},"categories":[1888],"tags":[11,17621,5357,784,17624,17618,17628,17622,17623,1777,674,17627,13925,1011,27,17617,17631,17626,17629,447,16663,12,17625,626,17619,70,93,25,17630,640,17620],"class_list":{"0":"post-72579","1":"post","2":"type-post","3":"status-publish","4":"format-standard","5":"has-post-thumbnail","7":"category-paris","8":"tag-actualites","9":"tag-antoine-semenyo","10":"tag-arsenal","11":"tag-aston-villa","12":"tag-ben-white","13":"tag-bournemouth","14":"tag-brighton","15":"tag-dean-huijsen","16":"tag-declan-rice","17":"tag-eu","18":"tag-europe","19":"tag-evanilson","20":"tag-everton","21":"tag-fr","22":"tag-france","23":"tag-gunners","24":"tag-ipswich","25":"tag-john-mcginn","26":"tag-leicester","27":"tag-ligue-des-champions","28":"tag-manchester-city","29":"tag-news","30":"tag-nottingham-forest","31":"tag-paris","32":"tag-partey","33":"tag-premier-league","34":"tag-psg","35":"tag-republique-francaise","36":"tag-southampton","37":"tag-strasbourg","38":"tag-youri-tielemans"},"share_on_mastodon":{"url":"https:\/\/pubeurope.com\/@fr\/114445725615094072","error":""},"_links":{"self":[{"href":"https:\/\/www.europesays.com\/fr\/wp-json\/wp\/v2\/posts\/72579","targetHints":{"allow":["GET"]}}],"collection":[{"href":"https:\/\/www.europesays.com\/fr\/wp-json\/wp\/v2\/posts"}],"about":[{"href":"https:\/\/www.europesays.com\/fr\/wp-json\/wp\/v2\/types\/post"}],"author":[{"embeddable":true,"href":"https:\/\/www.europesays.com\/fr\/wp-json\/wp\/v2\/users\/2"}],"replies":[{"embeddable":true,"href":"https:\/\/www.europesays.com\/fr\/wp-json\/wp\/v2\/comments?post=72579"}],"version-history":[{"count":0,"href":"https:\/\/www.europesays.com\/fr\/wp-json\/wp\/v2\/posts\/72579\/revisions"}],"wp:featuredmedia":[{"embeddable":true,"href":"https:\/\/www.europesays.com\/fr\/wp-json\/wp\/v2\/media\/72580"}],"wp:attachment":[{"href":"https:\/\/www.europesays.com\/fr\/wp-json\/wp\/v2\/media?parent=72579"}],"wp:term":[{"taxonomy":"category","embeddable":true,"href":"https:\/\/www.europesays.com\/fr\/wp-json\/wp\/v2\/categories?post=72579"},{"taxonomy":"post_tag","embeddable":true,"href":"https:\/\/www.europesays.com\/fr\/wp-json\/wp\/v2\/tags?post=72579"}],"curies":[{"name":"wp","href":"https:\/\/api.w.org\/{rel}","templated":true}]}}