{"id":72589,"date":"2025-05-03T20:16:14","date_gmt":"2025-05-03T20:16:14","guid":{"rendered":"https:\/\/www.europesays.com\/fr\/72589\/"},"modified":"2025-05-03T20:16:14","modified_gmt":"2025-05-03T20:16:14","slug":"politique-pourquoi-lallemagne-procede-a-des-investissements-massifs-dans-sa-defense","status":"publish","type":"post","link":"https:\/\/www.europesays.com\/fr\/72589\/","title":{"rendered":"Politique. Pourquoi l&rsquo;Allemagne proc\u00e8de \u00e0 des investissements massifs dans sa d\u00e9fense"},"content":{"rendered":"<p>Avec 88,5\u00a0milliards de dollars consacr\u00e9s aux d\u00e9penses militaires l\u2019ann\u00e9e derni\u00e8re, d\u2019apr\u00e8s le Sipri, l\u2019Allemagne s\u2019est hiss\u00e9e au 4e rang des pays les plus d\u00e9pensiers du monde, devant l\u2019Inde. Une hausse majeure de 28\u00a0% sur un an qui en a fait le pays europ\u00e9en (hors Russie) qui a le plus d\u00e9pens\u00e9 pour sa d\u00e9fense pour la premi\u00e8re fois depuis 1982, devant le Royaume-Uni (6e avec 81,8\u00a0milliards de dollars) et la France (9e avec 64,7\u00a0milliards).<\/p>\n<p>L\u2019invasion de l\u2019Ukraine par la Russie en f\u00e9vrier\u00a02022 a agi comme un \u00e9lectrochoc, aux effets tr\u00e8s rapides pour le pays qui a fourni le plus d\u2019aide militaire \u00e0 Kiev en 2024 (7,7\u00a0milliards de dollars), apr\u00e8s les \u00c9tats-Unis. Derri\u00e8re tous ces chiffres se d\u00e9voile ainsi un changement profond dans la soci\u00e9t\u00e9 allemande. \u00ab\u00a0La situation de l\u2019Allemagne se met en place autour de d\u00e9cisions politiques qui viennent en rupture de sa tradition d\u2019aust\u00e9rit\u00e9 budg\u00e9taire et de grand contr\u00f4le de sa dette et de son d\u00e9ficit \u00bb, r\u00e9sume Jade Guiberteau Ricard, assistante de recherche au Sipri.<\/p>\n<p>R\u00e8gles assouplies et investissements massifs<\/p>\n<p>Sous l\u2019impulsion du futur chancelier <a href=\"https:\/\/www.ledauphine.com\/p\/friedrich-merz\" target=\"_blank\" rel=\"nofollow noopener\">Friedrich Merz<\/a>, l\u2019Allemagne s\u2019appr\u00eate cette ann\u00e9e \u00e0 assouplir les r\u00e8gles fiscales qui limitaient l\u2019endettement \u00e0 0,35\u00a0% du PIB et freinaient les d\u00e9penses militaires. \u00ab\u00a0Leurs r\u00e8gles institutionnelles \u00e9taient encore plus contraignantes que celles du pacte de stabilit\u00e9 europ\u00e9en\u00a0\u00bb, d\u00e9crypte Jean-Pierre Maulny, directeur adjoint de l\u2019Iris.<\/p>\n<p>L\u2019Allemagne peut ainsi poursuivre sur cette dynamique de d\u00e9penses, tout en restant dans les clous du pacte de stabilit\u00e9 europ\u00e9en (maintien d\u2019un d\u00e9ficit inf\u00e9rieur \u00e0 3\u00a0% du PIB). Ce qui explique pourquoi la part du PIB consacr\u00e9e aux d\u00e9penses militaires a grimp\u00e9 de 1,3 \u00e0 1,9\u00a0% entre\u00a02021 et\u00a02024.<\/p>\n<p>Les dirigeants allemands ont lanc\u00e9 d\u00e8s 2022 un fonds sp\u00e9cial de 100\u00a0milliards d\u2019euros pour consolider leur arm\u00e9e sur cinq ans. <a href=\"https:\/\/www.ledauphine.com\/politique\/2025\/03\/18\/bazooka-quel-est-ce-plan-d-investissement-massif-que-va-faire-voter-le-futur-chancelier%20\" target=\"_blank\" rel=\"nofollow noopener\">Avec son plan nomm\u00e9 \u00ab\u00a0bazooka\u00a0\u00bb<\/a> , dot\u00e9 de 500\u00a0milliards d\u2019euros sur douze ans pour investir dans plusieurs secteurs, le futur chancelier conservateur compte poursuivre cet effort pour la d\u00e9fense. Mais ce \u00ab\u00a0quoi qu\u2019il en co\u00fbte\u00a0\u00bb allemand pourrait \u00eatre menac\u00e9. \u00ab\u00a0L\u2019Allemagne va avoir un souci dans les ann\u00e9es qui viennent puisque toute son \u00e9conomie fonctionne gr\u00e2ce au commerce ext\u00e9rieur, dont les d\u00e9bouch\u00e9s risquent de p\u00e2tir du contexte actuel avec la Chine et les \u00c9tats-Unis [sur la guerre commerciale li\u00e9e aux droits de douane, NDLR]\u00a0\u00bb, pr\u00e9vient Jean-Pierre Maulny.<\/p>\n","protected":false},"excerpt":{"rendered":"Avec 88,5\u00a0milliards de dollars consacr\u00e9s aux d\u00e9penses militaires l\u2019ann\u00e9e derni\u00e8re, d\u2019apr\u00e8s le Sipri, l\u2019Allemagne s\u2019est hiss\u00e9e au 4e&hellip;\n","protected":false},"author":2,"featured_media":72590,"comment_status":"","ping_status":"","sticky":false,"template":"","format":"standard","meta":{"footnotes":""},"categories":[1587],"tags":[11,672,1804,1805,3206,1803,33,1777,674,107,329,1801,12,1802,220],"class_list":{"0":"post-72589","1":"post","2":"type-post","3":"status-publish","4":"format-standard","5":"has-post-thumbnail","7":"category-allemagne","8":"tag-actualites","9":"tag-allemagne","10":"tag-bundesrepublik-deutschland","11":"tag-de","12":"tag-defense-guerre-conflit","13":"tag-deutschland","14":"tag-economie","15":"tag-eu","16":"tag-europe","17":"tag-fil-info","18":"tag-france-monde","19":"tag-germany","20":"tag-news","21":"tag-republique-federale-dallemagne","22":"tag-ukraine"},"share_on_mastodon":{"url":"https:\/\/pubeurope.com\/@fr\/114445746064983154","error":""},"_links":{"self":[{"href":"https:\/\/www.europesays.com\/fr\/wp-json\/wp\/v2\/posts\/72589","targetHints":{"allow":["GET"]}}],"collection":[{"href":"https:\/\/www.europesays.com\/fr\/wp-json\/wp\/v2\/posts"}],"about":[{"href":"https:\/\/www.europesays.com\/fr\/wp-json\/wp\/v2\/types\/post"}],"author":[{"embeddable":true,"href":"https:\/\/www.europesays.com\/fr\/wp-json\/wp\/v2\/users\/2"}],"replies":[{"embeddable":true,"href":"https:\/\/www.europesays.com\/fr\/wp-json\/wp\/v2\/comments?post=72589"}],"version-history":[{"count":0,"href":"https:\/\/www.europesays.com\/fr\/wp-json\/wp\/v2\/posts\/72589\/revisions"}],"wp:featuredmedia":[{"embeddable":true,"href":"https:\/\/www.europesays.com\/fr\/wp-json\/wp\/v2\/media\/72590"}],"wp:attachment":[{"href":"https:\/\/www.europesays.com\/fr\/wp-json\/wp\/v2\/media?parent=72589"}],"wp:term":[{"taxonomy":"category","embeddable":true,"href":"https:\/\/www.europesays.com\/fr\/wp-json\/wp\/v2\/categories?post=72589"},{"taxonomy":"post_tag","embeddable":true,"href":"https:\/\/www.europesays.com\/fr\/wp-json\/wp\/v2\/tags?post=72589"}],"curies":[{"name":"wp","href":"https:\/\/api.w.org\/{rel}","templated":true}]}}