{"id":72593,"date":"2025-05-03T20:18:10","date_gmt":"2025-05-03T20:18:10","guid":{"rendered":"https:\/\/www.europesays.com\/fr\/72593\/"},"modified":"2025-05-03T20:18:10","modified_gmt":"2025-05-03T20:18:10","slug":"amende-de-lue-contre-tiktok-pekin-assure-navoir-jamais-exige-ni-nexigera-jamais-une-collecte-illegale-de-donnees","status":"publish","type":"post","link":"https:\/\/www.europesays.com\/fr\/72593\/","title":{"rendered":"Amende de l&rsquo;UE contre TikTok: P\u00e9kin assure \u00ab\u00a0n&rsquo;avoir jamais exig\u00e9 ni n&rsquo;exigera jamais\u00a0\u00bb une collecte ill\u00e9gale de donn\u00e9es"},"content":{"rendered":"<p class=\"ap-StoryElement ap-StoryElement--mb ap-StoryText\">L&rsquo;Autorit\u00e9 a estim\u00e9 que la plateforme chinoise n&rsquo;\u00e9tait pas parvenue \u00e0 \u00ab\u00a0d\u00e9montrer que les donn\u00e9es personnelles\u00a0\u00bb des Europ\u00e9ens, \u00ab\u00a0accessibles \u00e0 distance par son personnel en Chine\u00a0\u00bb, b\u00e9n\u00e9ficient dans ce pays d&rsquo;un niveau de protection \u00e9quivalent \u00e0 celui de l&rsquo;Union europ\u00e9enne.<\/p>\n<p class=\"ap-StoryElement ap-StoryElement--mb ap-StoryText\">Tik Tok a annonc\u00e9 son intention de faire appel de la d\u00e9cision.<\/p>\n<p><a href=\"https:\/\/www.lalibre.be\/economie\/entreprises-startup\/2025\/05\/02\/tiktok-condamne-un-demi-milliard-deuros-damende-les-donnees-personnelles-des-europeens-en-chine-nont-pas-ette-suffisament-protegees-2XH4RUDCXZG2TF7DPC7PIOPATM\/\" target=\"_blank\" rel=\"noopener noreferrer nofollow\" class=\"ap-StoryInterstitialLink ap-StoryElement ap-StoryElement--mb\">TikTok condamn\u00e9 \u00e0 un demi milliard d&rsquo;euros d&rsquo;amende : les donn\u00e9es personnelles des Europ\u00e9ens en Chine n&rsquo;ont pas \u00e9t\u00e9 suffisamment prot\u00e9g\u00e9es<\/a><\/p>\n<p class=\"ap-StoryElement ap-StoryElement--mb ap-StoryText\">Apr\u00e8s cette amende, le minist\u00e8re chinois des Affaires \u00e9trang\u00e8res a affirm\u00e9 samedi que P\u00e9kin n&rsquo;a \u00ab\u00a0jamais exig\u00e9 et n&rsquo;exigera jamais des entreprises ou des particuliers qu&rsquo;ils collectent ou stockent des donn\u00e9es par des moyens ill\u00e9gaux\u00a0\u00bb.<\/p>\n<p class=\"ap-StoryElement ap-StoryElement--mb ap-StoryText\">Il a \u00e9galement appel\u00e9 l&rsquo;UE et l&rsquo;Irlande \u00e0 \u00ab\u00a0offrir un environnement commercial juste, \u00e9quitable et non discriminatoire aux entreprises de tous les pays\u00a0\u00bb.<\/p>\n<p class=\"ap-StoryElement ap-StoryElement--mb ap-StoryText\"><a href=\"https:\/\/www.lalibre.be\/planete\/sante\/2025\/01\/22\/tiktok-bientot-interdit-en-belgique-ce-type-de-plateformes-mettent-en-danger-la-sante-de-nos-jeunes-FEUFQFAJ6VHBBBNYO2YSWTVPLI\/\" target=\"_blank\" rel=\"nofollow noopener\">TikTok<\/a> est une division de l&rsquo;entreprise technologique chinoise ByteDance.<\/p>\n<p class=\"ap-StoryElement ap-StoryElement--mb ap-StoryText\">L&rsquo;entreprise a fait l&rsquo;objet d&rsquo;une surveillance dans de nombreux pays, craignant que le gouvernement chinois n&rsquo;acc\u00e8de aux donn\u00e9es de ses utilisateurs et que la plateforme contribue \u00e0 diffuser de fausses informations.<\/p>\n<p class=\"ap-StoryElement ap-StoryElement--mb ap-StoryText\">Plusieurs pays ont interdit la plateforme pour des dur\u00e9es variables, notamment le Pakistan, le N\u00e9pal et la France sur le territoire de la Nouvelle-Cal\u00e9donie.<\/p>\n<p class=\"ap-StoryElement ap-StoryElement--mb ap-StoryText\">L&rsquo;amende inflig\u00e9e vendredi devrait accentuer la <a href=\"https:\/\/www.lalibre.be\/economie\/entreprises-startup\/2025\/01\/19\/tiktok-rend-inaccessible-son-reseau-social-aux-etats-unis-3JAMVYCWONDAXAYNAC52R3TRKI\/\" target=\"_blank\" rel=\"nofollow noopener\">pression sur le r\u00e9seau social aux \u00c9tats-Unis<\/a>.<\/p>\n<p class=\"ap-StoryElement ap-StoryElement--mb ap-StoryText\">Le Congr\u00e8s am\u00e9ricain a adopt\u00e9 une loi en 2024 obligeant ByteDance \u00e0 c\u00e9der le contr\u00f4le de TikTok aux \u00c9tats-Unis, sous peine d&rsquo;\u00eatre banni du pays. Le pr\u00e9sident Donald Trump a repouss\u00e9 \u00e0 deux reprises la date limite fix\u00e9e pour la vente du r\u00e9seau social, qui compte 170 millions d&rsquo;utilisateurs am\u00e9ricains.<\/p>\n<p class=\"ap-StoryElement ap-StoryElement--mb ap-StoryText\">Cette derni\u00e8re \u00e9ch\u00e9ance expire le 19 juin. P\u00e9kin a toujours ni\u00e9 acc\u00e9der aux donn\u00e9es d&rsquo;entreprises ayant des activit\u00e9s \u00e0 l&rsquo;\u00e9tranger et affirme respecter les lois locales.<\/p>\n<p><a href=\"https:\/\/www.lalibre.be\/belgique\/politique-belge\/2025\/04\/29\/skinnytok-la-ministre-vanessa-matz-depose-plainte-contre-tiktok-et-laccuse-de-faire-lapologie-de-la-minceur-et-de-lanorexie-4L342IPEF5CFTMUILSNAVB4BPI\/\" target=\"_blank\" rel=\"noopener noreferrer nofollow\" class=\"ap-StoryInterstitialLink ap-StoryElement ap-StoryElement--mb\">\u00ab\u00a0SkinnyTok\u00a0\u00bb: la ministre Vanessa Matz d\u00e9pose plainte contre TikTok et l&rsquo;accuse de faire \u00ab\u00a0l&rsquo;apologie de la minceur et de l&rsquo;anorexie\u00a0\u00bb<\/a><\/p>\n","protected":false},"excerpt":{"rendered":"L&rsquo;Autorit\u00e9 a estim\u00e9 que la plateforme chinoise n&rsquo;\u00e9tait pas parvenue \u00e0 \u00ab\u00a0d\u00e9montrer que les donn\u00e9es personnelles\u00a0\u00bb des Europ\u00e9ens,&hellip;\n","protected":false},"author":2,"featured_media":72594,"comment_status":"","ping_status":"","sticky":false,"template":"","format":"standard","meta":{"footnotes":""},"categories":[1586],"tags":[11,7087,309,75,1777,674,1779,1011,27,310,516,12,25,1778,364],"class_list":{"0":"post-72593","1":"post","2":"type-post","3":"status-publish","4":"format-standard","5":"has-post-thumbnail","7":"category-europe","8":"tag-actualites","9":"tag-amende","10":"tag-chine","11":"tag-donald-trump","12":"tag-eu","13":"tag-europe","14":"tag-european-union","15":"tag-fr","16":"tag-france","17":"tag-internet","18":"tag-irlande","19":"tag-news","20":"tag-republique-francaise","21":"tag-ue","22":"tag-union-europeenne"},"share_on_mastodon":{"url":"","error":""},"_links":{"self":[{"href":"https:\/\/www.europesays.com\/fr\/wp-json\/wp\/v2\/posts\/72593","targetHints":{"allow":["GET"]}}],"collection":[{"href":"https:\/\/www.europesays.com\/fr\/wp-json\/wp\/v2\/posts"}],"about":[{"href":"https:\/\/www.europesays.com\/fr\/wp-json\/wp\/v2\/types\/post"}],"author":[{"embeddable":true,"href":"https:\/\/www.europesays.com\/fr\/wp-json\/wp\/v2\/users\/2"}],"replies":[{"embeddable":true,"href":"https:\/\/www.europesays.com\/fr\/wp-json\/wp\/v2\/comments?post=72593"}],"version-history":[{"count":0,"href":"https:\/\/www.europesays.com\/fr\/wp-json\/wp\/v2\/posts\/72593\/revisions"}],"wp:featuredmedia":[{"embeddable":true,"href":"https:\/\/www.europesays.com\/fr\/wp-json\/wp\/v2\/media\/72594"}],"wp:attachment":[{"href":"https:\/\/www.europesays.com\/fr\/wp-json\/wp\/v2\/media?parent=72593"}],"wp:term":[{"taxonomy":"category","embeddable":true,"href":"https:\/\/www.europesays.com\/fr\/wp-json\/wp\/v2\/categories?post=72593"},{"taxonomy":"post_tag","embeddable":true,"href":"https:\/\/www.europesays.com\/fr\/wp-json\/wp\/v2\/tags?post=72593"}],"curies":[{"name":"wp","href":"https:\/\/api.w.org\/{rel}","templated":true}]}}