{"id":726176,"date":"2026-02-11T04:06:22","date_gmt":"2026-02-11T04:06:22","guid":{"rendered":"https:\/\/www.europesays.com\/fr\/726176\/"},"modified":"2026-02-11T04:06:22","modified_gmt":"2026-02-11T04:06:22","slug":"allemagne-greve-jeudi-chez-la-compagnie-aerienne-lufthansa","status":"publish","type":"post","link":"https:\/\/www.europesays.com\/fr\/726176\/","title":{"rendered":"Allemagne : gr\u00e8ve jeudi chez la compagnie a\u00e9rienne Lufthansa"},"content":{"rendered":"<p class=\"justifyText add-more-font-size-dep\" dir=\"ltr\"><strong> Les pilotes et les agents de bord de la compagnie a\u00e9rienne allemande Lufthansa ont annonc\u00e9 une gr\u00e8ve simultan\u00e9e jeudi, faisant craindre d\u2019importantes annulations de vols au d\u00e9part des a\u00e9roports allemands.<\/strong><\/p>\n<p>Le syndicat allemand des pilotes (VC) a indiqu\u00e9, dans un communiqu\u00e9, avoir appel\u00e9 \u00e0 une gr\u00e8ve d\u2019une journ\u00e9e dans le cadre d\u2019un diff\u00e9rend portant sur l\u2019augmentation des cotisations patronales destin\u00e9es \u00e0 la pension compl\u00e9mentaire des salari\u00e9s.<\/p>\n<p>Le mouvement concerne les vols op\u00e9r\u00e9s sous la marque Lufthansa ainsi que ceux de la compagnie de fret Lufthansa Cargo au d\u00e9part de l\u2019Allemagne. Le groupe Lufthansa comprend plusieurs compagnies, dont Swiss, Austrian Airlines, Brussels Airlines et ITA Airways.<\/p>\n<p>Le syndicat r\u00e9clame une hausse des contributions \u00e0 la retraite d\u2019entreprise pour environ 4.800 personnels de cockpit, une demande rejet\u00e9e par la direction en raison, selon elle, de co\u00fbts \u00e9lev\u00e9s et de la faible rentabilit\u00e9 de l\u2019activit\u00e9 premium.<\/p>\n<p>Parall\u00e8lement, le syndicat des agents de bord UFO a annonc\u00e9 un mouvement de gr\u00e8ve d\u2019avertissement pour l\u2019ouverture de n\u00e9gociations conventionnelles au sein de la maison m\u00e8re Lufthansa et de sa filiale r\u00e9gionale CityLine.<\/p>\n<p>Selon UFO, la strat\u00e9gie du groupe mettrait en p\u00e9ril environ 800 emplois chez CityLine, ce qui motive la revendication d\u2019un plan de sauvegarde de l\u2019emploi.<\/p>\n","protected":false},"excerpt":{"rendered":"Les pilotes et les agents de bord de la compagnie a\u00e9rienne allemande Lufthansa ont annonc\u00e9 une gr\u00e8ve simultan\u00e9e&hellip;\n","protected":false},"author":2,"featured_media":726177,"comment_status":"","ping_status":"","sticky":false,"template":"","format":"standard","meta":{"footnotes":"","_share_on_mastodon":"0"},"categories":[1587],"tags":[328,11,21612,672,81620,12224,1804,3530,23486,1805,1803,33,18579,1777,674,1801,6151,9272,4743,1894,12,1802],"class_list":["post-726176","post","type-post","status-publish","format-standard","has-post-thumbnail","category-allemagne","tag-a-la-une","tag-actualites","tag-aerienne","tag-allemagne","tag-allemagne-greve-jeudi-chez-la-compagnie-aerienne-lufthansa","tag-atlasinfo","tag-bundesrepublik-deutschland","tag-chez","tag-compagnie","tag-de","tag-deutschland","tag-economie","tag-en-direct","tag-eu","tag-europe","tag-germany","tag-greve","tag-jeudi","tag-la","tag-lufthansa","tag-news","tag-republique-federale-dallemagne"],"share_on_mastodon":{"url":"https:\/\/pubeurope.com\/@fr\/116050027167971209","error":""},"_links":{"self":[{"href":"https:\/\/www.europesays.com\/fr\/wp-json\/wp\/v2\/posts\/726176","targetHints":{"allow":["GET"]}}],"collection":[{"href":"https:\/\/www.europesays.com\/fr\/wp-json\/wp\/v2\/posts"}],"about":[{"href":"https:\/\/www.europesays.com\/fr\/wp-json\/wp\/v2\/types\/post"}],"author":[{"embeddable":true,"href":"https:\/\/www.europesays.com\/fr\/wp-json\/wp\/v2\/users\/2"}],"replies":[{"embeddable":true,"href":"https:\/\/www.europesays.com\/fr\/wp-json\/wp\/v2\/comments?post=726176"}],"version-history":[{"count":0,"href":"https:\/\/www.europesays.com\/fr\/wp-json\/wp\/v2\/posts\/726176\/revisions"}],"wp:featuredmedia":[{"embeddable":true,"href":"https:\/\/www.europesays.com\/fr\/wp-json\/wp\/v2\/media\/726177"}],"wp:attachment":[{"href":"https:\/\/www.europesays.com\/fr\/wp-json\/wp\/v2\/media?parent=726176"}],"wp:term":[{"taxonomy":"category","embeddable":true,"href":"https:\/\/www.europesays.com\/fr\/wp-json\/wp\/v2\/categories?post=726176"},{"taxonomy":"post_tag","embeddable":true,"href":"https:\/\/www.europesays.com\/fr\/wp-json\/wp\/v2\/tags?post=726176"}],"curies":[{"name":"wp","href":"https:\/\/api.w.org\/{rel}","templated":true}]}}