{"id":72619,"date":"2025-05-03T20:33:26","date_gmt":"2025-05-03T20:33:26","guid":{"rendered":"https:\/\/www.europesays.com\/fr\/72619\/"},"modified":"2025-05-03T20:33:26","modified_gmt":"2025-05-03T20:33:26","slug":"une-plemytaine-remporte-le-prix-du-livre-jeunesse-a-lanvollon","status":"publish","type":"post","link":"https:\/\/www.europesays.com\/fr\/72619\/","title":{"rendered":"Une Pl\u00e9mytaine remporte le prix du livre jeunesse \u00e0 Lanvollon"},"content":{"rendered":"<p>\u00c0 60 ans, l\u2019autrice Pauline Br\u00e9hat s\u2019est vue remettre le prix du livre jeunesse pour ces deux derni\u00e8res publications\u00a0: \u00ab\u00a0Au secours, Ars\u00e8ne\u00a0!\u00a0\u00bb et \u00ab\u00a0Mais qui a emprunt\u00e9 mes lunettes\u00a0?\u00a0\u00bb Ces histoires explorent les th\u00e9matiques de la nature et de l\u2019imaginaire avec une police adapt\u00e9e aux lecteurs dyslexiques. \ufeffLa r\u00e9compense a eu lieu dans le cadre de la 12e \u00e9dition du salon du livre de Lanvollon, samedi 26 avril.<\/p>\n<p>\u00ab\u00a0Je suis tr\u00e8s heureuse de ce prix, c\u2019est un signe de reconnaissance qui me fait me dire que je ne me suis pas tromp\u00e9e\u00a0!\u00a0\u00bb, se f\u00e9licite l\u2019\u00e9crivaine. Install\u00e9e \u00e0 Pl\u00e9my depuis 2018, Pauline Br\u00e9hat s\u2019est lanc\u00e9e dans l\u2019\u00e9criture \u00e0 plein temps m\u00eame si cette activit\u00e9 ne l\u2019a jamais vraiment quitt\u00e9e. Les livres et les mots ont toujours fait partie de la vie de la sexag\u00e9naire\u00a0: \u00ab\u00a0Je savais lire avant m\u00eame d\u2019arriver \u00e0 l\u2019\u00e9cole\u00a0\u00bb, confie-t-elle. Avec des parents \u00e9voluant dans le monde de l\u2019enseignement, l\u2019autrice juge avoir grandi dans un environnement favorable \u00e0 l\u2019\u00e9criture.<\/p>\n<p><img decoding=\"async\" src=\"https:\/\/www.europesays.com\/fr\/wp-content\/uploads\/2025\/05\/68163787724688141f06abc2.1.jpeg\" width=\"480\" height=\"300\" class=\"web_golden_m\" loading=\"lazy\" alt=\"Pauline Br\u00e9hat d\u00e9marre toujours ses histoires sur ses cahiers.\"\/>Pauline Br\u00e9hat d\u00e9marre toujours ses histoires sur ses cahiers. (Le T\u00e9l\u00e9gramme\/Rose-Madeleine Louapre)Des id\u00e9es plein les tiroirs<\/p>\n<p>Dans le calme de la campagne costarmoricaine, Pauline Br\u00e9hat ne manque pas de nouvelles id\u00e9es\u00a0: \u00ab\u00a0J\u2019ai des histoires qui n\u2019attendent qu\u2019\u00e0 \u00eatre illustr\u00e9es\u00a0! Mes livres n\u2019auraient pas pu prendre vie sans cela\u00a0\u00bb, gratifie la Pl\u00e9mytaine. En plus des histoires qu\u2019elle adresse \u00e0 un public de 4 \u00e0 6 ans, elle \u00e9crit aussi \u00e0 destination des adultes\u00a0: \u00ab\u00a0Je m\u2019int\u00e9resse beaucoup aux t\u00e9moignages v\u00e9cus, \u00e0 la protection des plus vuln\u00e9rables et aux injustices\u00a0\u00bb, ajoute-t-elle. Avec son autoentreprise, Pauline Br\u00e9hat propose des services de correction et de r\u00e9daction de bibliographie personnelle ou familiale tout en auto\u00e9ditant ses livres. Avant cela, la femme de soixante ans a d\u00e9but\u00e9 en presse locale, dans sa r\u00e9gion d\u2019origine, en Normandie. Pauline Br\u00e9hat a connu de nombreux d\u00e9tours, dont une parenth\u00e8se qu\u2019elle choisit de prendre pour \u00e9lever ses deux gar\u00e7ons, pour ne finalement plus qu\u2019\u00e9crire. \u00ab\u00a0C\u2019est difficile d\u2019en vivre, mais je suis libre, je fais ce que j\u2019aime, c\u2019est un choix de vie\u00a0\u00bb, conclut l\u2019\u00e9crivaine.<\/p>\n","protected":false},"excerpt":{"rendered":"\u00c0 60 ans, l\u2019autrice Pauline Br\u00e9hat s\u2019est vue remettre le prix du livre jeunesse pour ces deux derni\u00e8res&hellip;\n","protected":false},"author":2,"featured_media":72620,"comment_status":"","ping_status":"","sticky":false,"template":"","format":"standard","meta":{"footnotes":""},"categories":[1357],"tags":[1379,251,872,58,59,1011,27,2170,1351,1380],"class_list":{"0":"post-72619","1":"post","2":"type-post","3":"status-publish","4":"format-standard","5":"has-post-thumbnail","7":"category-livres","8":"tag-books","9":"tag-culture","10":"tag-culture-et-loisirs","11":"tag-divertissement","12":"tag-entertainment","13":"tag-fr","14":"tag-france","15":"tag-lamballe-armor","16":"tag-litterature","17":"tag-livres"},"share_on_mastodon":{"url":"https:\/\/pubeurope.com\/@fr\/114445812261657746","error":""},"_links":{"self":[{"href":"https:\/\/www.europesays.com\/fr\/wp-json\/wp\/v2\/posts\/72619","targetHints":{"allow":["GET"]}}],"collection":[{"href":"https:\/\/www.europesays.com\/fr\/wp-json\/wp\/v2\/posts"}],"about":[{"href":"https:\/\/www.europesays.com\/fr\/wp-json\/wp\/v2\/types\/post"}],"author":[{"embeddable":true,"href":"https:\/\/www.europesays.com\/fr\/wp-json\/wp\/v2\/users\/2"}],"replies":[{"embeddable":true,"href":"https:\/\/www.europesays.com\/fr\/wp-json\/wp\/v2\/comments?post=72619"}],"version-history":[{"count":0,"href":"https:\/\/www.europesays.com\/fr\/wp-json\/wp\/v2\/posts\/72619\/revisions"}],"wp:featuredmedia":[{"embeddable":true,"href":"https:\/\/www.europesays.com\/fr\/wp-json\/wp\/v2\/media\/72620"}],"wp:attachment":[{"href":"https:\/\/www.europesays.com\/fr\/wp-json\/wp\/v2\/media?parent=72619"}],"wp:term":[{"taxonomy":"category","embeddable":true,"href":"https:\/\/www.europesays.com\/fr\/wp-json\/wp\/v2\/categories?post=72619"},{"taxonomy":"post_tag","embeddable":true,"href":"https:\/\/www.europesays.com\/fr\/wp-json\/wp\/v2\/tags?post=72619"}],"curies":[{"name":"wp","href":"https:\/\/api.w.org\/{rel}","templated":true}]}}