{"id":72621,"date":"2025-05-03T20:34:24","date_gmt":"2025-05-03T20:34:24","guid":{"rendered":"https:\/\/www.europesays.com\/fr\/72621\/"},"modified":"2025-05-03T20:34:24","modified_gmt":"2025-05-03T20:34:24","slug":"en-direct-the-voice-qui-de-gianni-il-cello-mega-ou-mickael-gallo-remportera-la-finale","status":"publish","type":"post","link":"https:\/\/www.europesays.com\/fr\/72621\/","title":{"rendered":"EN DIRECT \u2013 \u00ab\u00a0The Voice\u00a0\u00bb : qui de Gianni, Il Cello, Mega ou Micka\u00ebl Gallo remportera la finale ?"},"content":{"rendered":"<p>La 14e saison de \u00ab\u00a0The Voice\u00a0\u00bb s&rsquo;ach\u00e8vera ce samedi 3 mai \u00e0 l\u2019issue d\u2019une ultime \u00e9mission en direct sur TF1 et en streaming sur TF1+.Les talents s\u00e9lectionn\u00e9s par le public dans les \u00e9quipes de Patricia Kaas, Zaz, Vianney et Florent Pagny partageront deux duos, un avec leur coach et un autre avec un artiste invit\u00e9.Lara Fabian, Matt Pokora, Yodelice et Pierre Garnier ont r\u00e9pondu pr\u00e9sents pour accompagner les finalistes.Minute par minute22:32EN DUO<\/p>\n<p>Instant douceur entre Micka\u00ebl Gallo et sa coach Patricia Kaas. Tous deux invoquent \u00ab\u00a0The Power of Love\u00a0\u00bb avec une tr\u00e8s belle reprise de ce tube de Frankie Goes to Hollywood.<\/p>\n<p><img decoding=\"async\" src=\"https:\/\/www.europesays.com\/fr\/wp-content\/uploads\/2025\/05\/mickael-gallo-patricia-kaas-the-voice-2025-finale-10a3ef-0@1x.jpeg\" alt=\"\" loading=\"lazy\" importance=\"low\" fetchpriority=\"low\" class=\"\"\/>TF122:28EN DUO<\/p>\n<p>Vianney et Mega sont pr\u00eats \u00e0 survoler cette finale en reprenant \u00ab\u00a0Envole-moi\u00a0\u00bb de Jean-Jacques Goldman. Un titre \u00e9vocateur de son parcours. \u00ab\u00a0On est parti d&rsquo;un peu loin\u00a0\u00bb, admet Vianney \u00e0 propos de son talent qui \u00ab\u00a0a mis toute l&rsquo;aventure pour d\u00e9ployer ses ailes\u00a0\u00bb.<\/p>\n<p><img decoding=\"async\" src=\"https:\/\/www.europesays.com\/fr\/wp-content\/uploads\/2025\/05\/vianney-mega-the-voice-ee370c-0@1x.jpeg\" alt=\"\" loading=\"lazy\" importance=\"low\" fetchpriority=\"low\" class=\"\"\/>TF122:14REPLAY<\/p>\n<p>Profitons de la deuxi\u00e8me page de pub pour r\u00e9\u00e9couter la prestation DINGUE de Florent Pagny et de ses finalistes. \u00ab\u00a0Music to my ears\u00a0\u00bb comme diraient les Am\u00e9ricains.<\/p>\n<p>The Voice 2025 \u2013 Il Cello et Florent Pagny chantent \u00ab\u00a0Io le canto per te\u00a0\u00bb &#8211; FinaleSource : The Voice<\/p>\n<p><img decoding=\"async\" src=\"https:\/\/photos.tf1info.fr\/images\/383\/215\/il-cello-et-florent-pagny-chantent-io-le-canto-per-te-finale-2a07d0-744112-0@1x.jpeg\" alt=\"The Voice 2025 \u2013 Il Cello et Florent Pagny chantent &quot;Io le canto per te&quot; - Finale\" loading=\"lazy\" importance=\"low\" fetchpriority=\"low\" class=\"\"\/><img decoding=\"async\" src=\"https:\/\/www.europesays.com\/fr\/wp-content\/uploads\/2025\/04\/player-logo-play.svg.svg+xml\" alt=\"Logo lecture\" class=\"jsx-d0de44c05fe3042c PlayerLazyload__Play\"\/>22:08REPLAY<\/p>\n<p>Les plan\u00e8tes de Matt Pokora et Micka\u00ebl Gallo se sont align\u00e9es ce soir, la preuve en musique :<\/p>\n<p>The Voice 2025 \u2013 Micka\u00ebl Gallo et M Pokora chantent \u00ab\u00a0Les plan\u00e8tes\u00a0\u00bb \u2013 FinaleSource : The Voice<\/p>\n<p><img decoding=\"async\" src=\"https:\/\/photos.tf1info.fr\/images\/383\/215\/mickael-gallo-et-m-pokora-chantent-les-planetes-finale-190394-8e7ea1-0@1x.jpeg\" alt=\"The Voice 2025 \u2013 Micka\u00ebl Gallo et M Pokora chantent &quot;Les plan\u00e8tes&quot; \u2013 Finale\" loading=\"lazy\" importance=\"low\" fetchpriority=\"low\" class=\"\"\/><img decoding=\"async\" src=\"https:\/\/www.europesays.com\/fr\/wp-content\/uploads\/2025\/04\/player-logo-play.svg.svg+xml\" alt=\"Logo lecture\" class=\"jsx-d0de44c05fe3042c PlayerLazyload__Play\"\/>22:07EN DUO<\/p>\n<p>\u00ab\u00a0Il s&rsquo;est cr\u00e9\u00e9 un personnage cin\u00e9matographique, un peu dandy. C&rsquo;est ce qu&rsquo;on dit de moi un peu\u00a0\u00bb. Gianni est ravie de chanter \u00ab\u00a0Talk to me\u00a0\u00bb avec Yodelice, qui s&rsquo;accompagne \u00e0 la guitare. Zaz n&rsquo;a qu&rsquo;une envie : voir son talent en concert. \u00ab\u00a0Il me fait voyager\u00a0\u00bb, dit-elle.<\/p>\n<p><img decoding=\"async\" src=\"https:\/\/www.europesays.com\/fr\/wp-content\/uploads\/2025\/05\/yodelice-gianni-the-voice-2025-finale-3d460e-0@1x.jpeg\" alt=\"\" loading=\"lazy\" importance=\"low\" fetchpriority=\"low\" class=\"\"\/>TF122:01EN DUO<\/p>\n<p>Au tour de Florent Pagny de monter sur sc\u00e8ne avec ses talents. Avec Il Cello, il se r\u00e9gale dans le registre lyrique qu&rsquo;il aime tant avec la chanson compos\u00e9e par Calogero et \u00e9crite par son beau-fr\u00e8re pour sa fille A\u00ebl, \u00ab\u00a0Io lo canto per te\u00a0\u00bb. Une s\u00e9quence qui fait plaisir \u00e0 voir, et surtout \u00e0 entendre, apr\u00e8s les probl\u00e8mes de sant\u00e9 qui ont contraint le chanteur de 63 ans \u00e0 mettre sa carri\u00e8re entre parenth\u00e8ses.<\/p>\n<p><img decoding=\"async\" src=\"https:\/\/www.europesays.com\/fr\/wp-content\/uploads\/2025\/05\/il-cello-florent-pagny-the-voice-2025-finale-49150c-0@1x.jpeg\" alt=\"\" loading=\"lazy\" importance=\"low\" fetchpriority=\"low\" class=\"\"\/>TF121:56REPLAY<\/p>\n<p>Un vainqueur de la \u00ab\u00a0Star Academy\u00a0\u00bb sur le plateau de \u00ab\u00a0The Voice\u00a0\u00bb. C&rsquo;est l&rsquo;union des plus belles voix de France ce soir !<\/p>\n<p>The Voice 2025 \u2013 Mega et Pierre Garnier chantent \u00ab\u00a0Ceux qu\u2019on \u00e9tait\u00a0\u00bb \u2013 FinaleSource : The Voice<\/p>\n<p><img decoding=\"async\" src=\"https:\/\/photos.tf1info.fr\/images\/383\/215\/mega-et-pierre-garnier-chantent-ceux-quon-etait-finale-593f93-79963e-0@1x.jpeg\" alt=\"The Voice 2025 \u2013 Mega et Pierre Garnier chantent &quot;Ceux qu\u2019on \u00e9tait&quot; \u2013 Finale\" loading=\"lazy\" importance=\"low\" fetchpriority=\"low\" class=\"\"\/><img decoding=\"async\" src=\"https:\/\/www.europesays.com\/fr\/wp-content\/uploads\/2025\/04\/player-logo-play.svg.svg+xml\" alt=\"Logo lecture\" class=\"jsx-d0de44c05fe3042c PlayerLazyload__Play\"\/>21:53EN DUO<\/p>\n<p>C&rsquo;est une chanson qu&rsquo;il adore reprendre au karaok\u00e9. Mais c&rsquo;est avec Matt Pokora que Micka\u00ebl Gallo chante \u00ab\u00a0Les Plan\u00e8tes\u00a0\u00bb ce soir. \u00ab\u00a0Il a l&rsquo;\u00e9nergie, regardez comme il transpire\u00a0\u00bb, souligne l&rsquo;interpr\u00e8te de \u00ab\u00a0Showbiz\u00a0\u00bb qui lui, c&rsquo;est vrai, n&rsquo;a pas une goutte de sueur sur le visage malgr\u00e9 son blouson de cuir.<\/p>\n<p><img decoding=\"async\" src=\"https:\/\/www.europesays.com\/fr\/wp-content\/uploads\/2025\/05\/matt-pokora-mickael-gallo-the-voice-2025-24f226-0@1x.jpeg\" alt=\"\" loading=\"lazy\" importance=\"low\" fetchpriority=\"low\" class=\"\"\/>TF121:48PORTRAIT<\/p>\n<p>Meneur de revue dans un cabaret du Puy-de-D\u00f4me, cet ancien prof de chant de 33 ans compte sur ce rendez-vous pour propulser sa carri\u00e8re solo.<\/p>\n<p>Culture, m\u00e9dias et divertissement<img decoding=\"async\" src=\"https:\/\/www.europesays.com\/fr\/wp-content\/uploads\/2025\/05\/mickael-gallo-1-4802f6-0@1x.jpeg\" alt=\"&quot;The Voice 2025&quot; : qui est Micka\u00ebl Gallo, le finaliste intense de Patricia Kaas ?\" loading=\"lazy\" importance=\"low\" fetchpriority=\"low\" class=\"\" copyright=\"TF1\" aria-hidden=\"true\"\/><\/p>\n<p>Publi\u00e9 hier \u00e0 17h29<\/p>\n<p>21:44REPLAY<\/p>\n<p>Le mot-cl\u00e9 de cette prestation ? La puissance.<\/p>\n<p>The Voice 2025 \u2013 Il Cello et Lara Fabian chantent \u00ab\u00a0Adagio\u00a0\u00bb &#8211; FinaleSource : The Voice<\/p>\n<p><img decoding=\"async\" src=\"https:\/\/photos.tf1info.fr\/images\/383\/215\/il-cello-et-lara-fabian-chantent-adagio-finale-e7b1a2-dee25c-0@1x.jpeg\" alt=\"The Voice 2025 \u2013 Il Cello et Lara Fabian chantent &quot;Adagio&quot; - Finale\" loading=\"lazy\" importance=\"low\" fetchpriority=\"low\" class=\"\"\/><img decoding=\"async\" src=\"https:\/\/www.europesays.com\/fr\/wp-content\/uploads\/2025\/04\/player-logo-play.svg.svg+xml\" alt=\"Logo lecture\" class=\"jsx-d0de44c05fe3042c PlayerLazyload__Play\"\/>21:43REPLAY<\/p>\n<p>Vous avez manqu\u00e9 l&rsquo;ouverture de la soir\u00e9e ? Profitez de la r\u00e9clame pour y jeter un oeil (et ouvrir les oreilles surtout).<\/p>\n<p>The Voice 2025 \u2013 Les finalistes et les coachs chantent \u00ab\u00a0Laissez-nous chanter\u00a0\u00bb de Gold \u2013 FinaleSource : The Voice<\/p>\n<p><img decoding=\"async\" src=\"https:\/\/photos.tf1info.fr\/images\/383\/215\/les-finalistes-et-les-coachs-chantent-laissez-nous-chanter-de-gold-finale-1538f6-5aad12-0@1x.jpeg\" alt=\"The Voice 2025 \u2013 Les finalistes et les coachs chantent &quot;Laissez-nous chanter&quot; de Gold \u2013 Finale\" loading=\"lazy\" importance=\"low\" fetchpriority=\"low\" class=\"\"\/><img decoding=\"async\" src=\"https:\/\/www.europesays.com\/fr\/wp-content\/uploads\/2025\/04\/player-logo-play.svg.svg+xml\" alt=\"Logo lecture\" class=\"jsx-d0de44c05fe3042c PlayerLazyload__Play\"\/>21:41EN DUO<\/p>\n<p>De la \u00ab\u00a0Star Ac\u00a0\u00bb \u00e0 \u00ab\u00a0The Voice\u00a0\u00bb, Pierre Garnier passera-t-il le flambeau \u00e0 Mega apr\u00e8s leur interpr\u00e9tation de \u00ab\u00a0Ceux qu&rsquo;on \u00e9tait\u00a0\u00bb ? \u00ab\u00a0Je lui souhaite le meilleur aussi\u00a0\u00bb, lance le Normand au Breton, rappelant l&rsquo;importance de partager de tels moments dans ce genre d&rsquo;\u00e9missions musicales.<\/p>\n<p><img decoding=\"async\" src=\"https:\/\/www.europesays.com\/fr\/wp-content\/uploads\/2025\/05\/the-voice-2025-pierre-garnier-mega-1a8273-0@1x.jpeg\" alt=\"\" loading=\"lazy\" importance=\"low\" fetchpriority=\"low\" class=\"\"\/>TF121:38PORTRAIT<\/p>\n<p>Le Breton de 23 ans \u00ab\u00a0a du gravier\u00a0\u00bb dans la voix selon son coach qui a bien failli passer \u00e0 c\u00f4t\u00e9.<\/p>\n<p>Culture, m\u00e9dias et divertissement<img decoding=\"async\" src=\"https:\/\/www.europesays.com\/fr\/wp-content\/uploads\/2025\/05\/mega-the-voice-21f186-0@1x.jpeg\" alt=\"&quot;The Voice 2025&quot; : qui est Mega, le finaliste miracul\u00e9 de l\u2019\u00e9quipe de Vianney ?\" loading=\"lazy\" importance=\"low\" fetchpriority=\"low\" class=\"\" copyright=\"TF1\" aria-hidden=\"true\"\/><\/p>\n<p>Publi\u00e9 le 30 avril 2025 \u00e0 18h29<\/p>\n<p>21:33EN DUO<\/p>\n<p>Gianni s&rsquo;attaque \u00e0 \u00ab\u00a0Die With a Smile\u00a0\u00bb de Lady Gaga et Bruno Mars avec sa coach Zaz. \u00ab\u00a0J&rsquo;adore ses yeux, il a une brillance\u00a0\u00bb, r\u00e9agit la chanteuse, ravie de ce moment partag\u00e9 avec son poulain.<\/p>\n<p><img decoding=\"async\" src=\"https:\/\/www.europesays.com\/fr\/wp-content\/uploads\/2025\/05\/gianni-zaz-finale-the-voice-2025-25a90f-0@1x.jpeg\" alt=\"\" loading=\"lazy\" importance=\"low\" fetchpriority=\"low\" class=\"\"\/>TF121:31PORTRAIT<\/p>\n<p>\u00c0 seulement 20 ans, le benjamin de cette finale venu de Corse a beaucoup \u00e9cout\u00e9 Lady Gaga pendant le confinement. C&rsquo;est avec une chanson de son idole qu&rsquo;il d\u00e9bute sa finale.<\/p>\n<p>Culture, m\u00e9dias et divertissement<img decoding=\"async\" src=\"https:\/\/www.europesays.com\/fr\/wp-content\/uploads\/2025\/05\/gianni-the-voice-f0d998-0@1x.jpeg\" alt=\"Gianni, 19 ans, est le finaliste de l'\u00e9quipe de Zaz.\" loading=\"lazy\" importance=\"low\" fetchpriority=\"low\" class=\"\" copyright=\"TF1\" aria-hidden=\"true\"\/><\/p>\n<p>Publi\u00e9 le 29 avril 2025 \u00e0 12h33<\/p>\n<p>21:29EN DUO<\/p>\n<p>\u00ab\u00a0C&rsquo;est vrai que le prgramme s&rsquo;appelle The Voice, l\u00e0 on est servi. Il Cello, vous \u00e9tiez au rendez-vous comme il fallait\u00a0\u00bb, s&rsquo;enthousiasme Florent Pagny qui salue \u00ab\u00a0une sublime performance\u00a0\u00bb. Rappelons que c&rsquo;est lui qui a form\u00e9 ce groupe, les trois chanteurs ne se connaissaient pas avant l&rsquo;\u00e9mission.<\/p>\n<p><img decoding=\"async\" src=\"https:\/\/www.europesays.com\/fr\/wp-content\/uploads\/2025\/05\/lara-fabian-il-cello-the-voice-2025-abfe29-0@1x.jpeg\" alt=\"\" loading=\"lazy\" importance=\"low\" fetchpriority=\"low\" class=\"\"\/>TF121:23PORTRAIT<\/p>\n<p>Les finalistes du Taulier ouvrent la comp\u00e9tition ce soir en reprenant \u00ab\u00a0Adagio\u00a0\u00bb avec la grande Lara Fabian, qui conna\u00eet bien l&rsquo;\u00e9mission pour en avoir \u00e9t\u00e9 coach. On fait les pr\u00e9sentations avec Levon, Salvatore et S\u00e9bastien Longhi .<\/p>\n<p>Culture, m\u00e9dias et divertissement<img decoding=\"async\" src=\"https:\/\/www.europesays.com\/fr\/wp-content\/uploads\/2025\/05\/il-cello-2-bf452d-0@1x.jpeg\" alt=\"Salvatore, Levon et Sebastien Longhi sont Il Cello, le premier groupe cr\u00e9e durant &quot;The Voice&quot;.\" loading=\"lazy\" importance=\"low\" fetchpriority=\"low\" class=\"\" copyright=\"TF1\" aria-hidden=\"true\"\/><\/p>\n<p>Publi\u00e9 le 28 avril 2025 \u00e0 15h53<\/p>\n<p>21:15LAISSEZ-LES CHANTER<\/p>\n<p>C&rsquo;est parti pour cette grande finale, que les talents ouvrent avec une reprise rock de \u00ab\u00a0Laissez-nous chanter\u00a0\u00bb du groupe Gold. Ils sont rejoints par les coachs en toute fin de prestation.<\/p>\n<p>21:08INVIT\u00c9S SP\u00c9CIAUX<\/p>\n<p>En plus d&rsquo;un duo avec leur coach, les finalistes chanteront avec l&rsquo;un des artistes invit\u00e9s : Lara Fabian, Matt Pokora, Yodelice et le vainqueur de la \u00ab\u00a0Star Academy\u00a0\u00bb Pierre Garnier.<\/p>\n<blockquote data-testid=\"EmbedTwitter\" id=\"tweet-1917229529858465904-:Rsqd6mb6ij9n7a6:\" class=\"jsx-aeff1a1c40f54d7a twitter-tweet flex justify-center items-center\"><p>#TheVoice Des invit\u00e9s exceptionnels pour une Finale exceptionnelle \ud83e\udd29 Lara Fabian, Pierre Garnier, Matt Pokora et Yodelice seront pr\u00e9sents sur sc\u00e8ne pour interpr\u00e9ter un titre aupr\u00e8s des Finalistes \u2728 La Grande Finale de The Voice, Samedi sur  @tf1 et  @tf1plus \u270c\ufe0f  pic.twitter.com\/BSmNEQGw8l \u2014 The Voice \u270c\ufe0f (@TheVoice_TF1)  April 29, 2025<\/p><\/blockquote>\n<p>21:01INTERVIEW<\/p>\n<p>Quelques minutes apr\u00e8s la demi-finale samedi dernier, Micka\u00ebl Gallo, Gianni, Il Cello et Mega ont confi\u00e9 leurs premi\u00e8res impressions \u00e0 TF1+.<\/p>\n<p>The Voice 2024 &#8211; Les 4 finalistes se confient en exclusivit\u00e9 pour TF1+Source : The Voice<\/p>\n<p><img decoding=\"async\" src=\"https:\/\/photos.tf1info.fr\/images\/383\/215\/les-4-finalistes-se-confient-en-exclusivite-pour-tf1-d52c62-c246f5-0@1x.jpeg\" alt=\"The Voice 2024 - Les 4 finalistes se confient en exclusivit\u00e9 pour TF1+\" loading=\"lazy\" importance=\"low\" fetchpriority=\"low\" class=\"\"\/><img decoding=\"async\" src=\"https:\/\/www.europesays.com\/fr\/wp-content\/uploads\/2025\/04\/player-logo-play.svg.svg+xml\" alt=\"Logo lecture\" class=\"jsx-d0de44c05fe3042c PlayerLazyload__Play\"\/>21:00THIS IS THE FINALE !<\/p>\n<p>Bonsoir \u00e0 tous et bienvenue dans ce direct consacr\u00e9 \u00e0 la finale de \u00ab\u00a0The Voice\u00a0\u00bb. Ils sont quatre &#8211; plus exactement six &#8211; \u00e0 esp\u00e9rer l&#8217;emporter.<\/p>\n<p data-module=\"article-paragraph\" class=\"jsx-362436225 Paragraph\">C\u2019est la derni\u00e8re ligne droite. <a href=\"https:\/\/www.tf1info.fr\/culture\/programme-tv-tf1-en-direct-the-voice-2025-suivez-la-demi-finale-avec-nous-2367349.html\" target=\"_blank\" rel=\"noopener\">Apr\u00e8s une demi-finale \u00e9lectrique,<\/a> les talents s\u00e9lectionn\u00e9s par le public dans chaque \u00e9quipe se retrouvent une ultime fois sur le plateau de \u00ab\u00a0The Voice\u00a0\u00bb qui couronnera son nouveau vainqueur ce samedi 3 mai en direct sur TF1 et en streaming sur TF1+. <a href=\"https:\/\/www.tf1info.fr\/culture\/programme-tv-tf1-sebastien-longhi-salvatore-levon-the-voice-2025-qui-sont-les-membres-de-il-cello-les-finalistes-de-florent-pagny-2367653.html\" target=\"_blank\" rel=\"noopener\">Le trio lyrique Il Cello<\/a>, <a href=\"https:\/\/www.tf1info.fr\/culture\/programme-tv-the-voice-2025-tf1-florent-pagny-cree-le-premier-groupe-de-l-histoire-de-l-emission-2362918.html\" target=\"_blank\" rel=\"noopener\">premier groupe form\u00e9 lors de l\u2019\u00e9mission<\/a>, pourrait entrer dans l\u2019histoire du programme en cas de victoire. Les prot\u00e9g\u00e9s de Florent Pagny, <a href=\"https:\/\/www.tf1info.fr\/culture\/florent-pagny-signe-un-emouvant-retour-avec-la-chanson-t-aimer-encore-ecrite-par-vianney-2368402.html\" target=\"_blank\" rel=\"noopener\">qui vient de sortir un nouveau single<\/a>, feront face \u00e0 Gianni, <a href=\"https:\/\/www.tf1info.fr\/culture\/programme-tv-tf1-streaming-the-voice-2025-qui-est-gianni-l-envoutant-finaliste-de-l-equipe-de-zaz-2367805.html\" target=\"_blank\" rel=\"noopener\">l\u2019envo\u00fbtant finaliste de Zaz<\/a>, <a href=\"https:\/\/www.tf1info.fr\/culture\/programme-tv-tf1-the-voice-2025-qui-est-mickael-gallo-le-finaliste-intense-de-patricia-kaas-2368492.html\" target=\"_blank\" rel=\"noopener\">\u00e0 l\u2019intense Micka\u00ebl Gallo <\/a>dans l\u2019\u00e9quipe de Patricia Kaas et <a href=\"https:\/\/www.tf1info.fr\/culture\/programme-tv-tf1-the-voice-2025-qui-est-mega-le-finaliste-miracule-de-l-equipe-de-vianney-2368124.html\" target=\"_blank\" rel=\"noopener\">au miracul\u00e9 Mega<\/a>, sauv\u00e9 par Vianney <a href=\"https:\/\/www.tf1info.fr\/culture\/vianney-lui-avait-offert-une-deuxieme-chance-mega-a-gagne-son-ticket-pour-la-suite-de-the-voice-2349315.html\" target=\"_blank\" rel=\"noopener\">gr\u00e2ce au joker de la seconde chance.<\/a><\/p>\n<p data-module=\"article-paragraph\" class=\"jsx-362436225 Paragraph Paragraph__End\">Tous se produiront trois fois : un duo avec leur coach, un autre avec l\u2019un des artistes invit\u00e9s et enfin une prestation avec l&rsquo;une de leurs compositions. Lara Fabian et Matt Pokora, anciens pensionnaires des fauteuils rouges, Yodelice et Pierre Garnier, <a href=\"https:\/\/www.tf1info.fr\/culture\/victoires-de-la-musique-2025-pierre-garnier-vainqueur-star-academy-elu-revelation-masculine-de-l-annee-2350953.html\" target=\"_blank\" rel=\"noopener\">r\u00e9v\u00e9l\u00e9 par la \u00ab\u00a0Star Academy\u00a0\u00bb<\/a>, donneront de la voix avec les talents. Qui succ\u00e8dera <a href=\"https:\/\/www.tf1info.fr\/culture\/interview-alphonse-gagnant-the-voice-2024-sur-tf1-je-veux-d-abord-terminer-mes-etudes-2301244.html\" target=\"_blank\" rel=\"noopener\">au jeune Alphonse<\/a>, sacr\u00e9 l\u2019an dernier ?<\/p>\n<p data-module=\"article-paragraph\" class=\"jsx-362436225 Paragraph Paragraph__End\">Retrouvez toutes les prestations de la saison sur TF1+.<\/p>\n<p>Delphine DE FREITAS<\/p>\n<p><script async src=\"https:\/\/platform.twitter.com\/widgets.js\" charset=\"utf-8\"><\/script><\/p>\n","protected":false},"excerpt":{"rendered":"La 14e saison de \u00ab\u00a0The Voice\u00a0\u00bb s&rsquo;ach\u00e8vera ce samedi 3 mai \u00e0 l\u2019issue d\u2019une ultime \u00e9mission en direct&hellip;\n","protected":false},"author":2,"featured_media":72622,"comment_status":"","ping_status":"","sticky":false,"template":"","format":"standard","meta":{"footnotes":""},"categories":[1356],"tags":[1111,11,1921,58,59,3109,1011,27,1922,2041,873,10827,973,252,199,3074,14965,1364,8475,133,2040],"class_list":{"0":"post-72621","1":"post","2":"type-post","3":"status-publish","4":"format-standard","5":"has-post-thumbnail","7":"category-television","8":"tag-actu","9":"tag-actualites","10":"tag-article-video","11":"tag-divertissement","12":"tag-entertainment","13":"tag-florent-pagny","14":"tag-fr","15":"tag-france","16":"tag-info","17":"tag-medias-et-divertissement","18":"tag-musique","19":"tag-nikos-aliagas","20":"tag-people","21":"tag-television","22":"tag-tf1","23":"tag-the-voice","24":"tag-the-voice-2025","25":"tag-tv","26":"tag-vianney","27":"tag-video","28":"tag-video-culture"},"share_on_mastodon":{"url":"https:\/\/pubeurope.com\/@fr\/114445816638834416","error":""},"_links":{"self":[{"href":"https:\/\/www.europesays.com\/fr\/wp-json\/wp\/v2\/posts\/72621","targetHints":{"allow":["GET"]}}],"collection":[{"href":"https:\/\/www.europesays.com\/fr\/wp-json\/wp\/v2\/posts"}],"about":[{"href":"https:\/\/www.europesays.com\/fr\/wp-json\/wp\/v2\/types\/post"}],"author":[{"embeddable":true,"href":"https:\/\/www.europesays.com\/fr\/wp-json\/wp\/v2\/users\/2"}],"replies":[{"embeddable":true,"href":"https:\/\/www.europesays.com\/fr\/wp-json\/wp\/v2\/comments?post=72621"}],"version-history":[{"count":0,"href":"https:\/\/www.europesays.com\/fr\/wp-json\/wp\/v2\/posts\/72621\/revisions"}],"wp:featuredmedia":[{"embeddable":true,"href":"https:\/\/www.europesays.com\/fr\/wp-json\/wp\/v2\/media\/72622"}],"wp:attachment":[{"href":"https:\/\/www.europesays.com\/fr\/wp-json\/wp\/v2\/media?parent=72621"}],"wp:term":[{"taxonomy":"category","embeddable":true,"href":"https:\/\/www.europesays.com\/fr\/wp-json\/wp\/v2\/categories?post=72621"},{"taxonomy":"post_tag","embeddable":true,"href":"https:\/\/www.europesays.com\/fr\/wp-json\/wp\/v2\/tags?post=72621"}],"curies":[{"name":"wp","href":"https:\/\/api.w.org\/{rel}","templated":true}]}}