{"id":726214,"date":"2026-02-11T04:31:09","date_gmt":"2026-02-11T04:31:09","guid":{"rendered":"https:\/\/www.europesays.com\/fr\/726214\/"},"modified":"2026-02-11T04:31:09","modified_gmt":"2026-02-11T04:31:09","slug":"monoprix-annonce-des-fermetures-de-magasins-dans-les-hauts-de-seine-et-le-val-de-marne","status":"publish","type":"post","link":"https:\/\/www.europesays.com\/fr\/726214\/","title":{"rendered":"Monoprix annonce des fermetures de magasins dans les Hauts-de-Seine et le Val-de-Marne"},"content":{"rendered":"<p>                    Par<br \/>\n        <strong><br \/>\n            <a href=\"https:\/\/actu.fr\/auteur\/dorinegoth\" title=\"Consulter tous les articles de Dorine Goth\" rel=\"nofollow noopener\" target=\"_blank\">Dorine Goth<\/a><br \/>\n                    <\/strong><\/p>\n<p>        Publi\u00e9 le<\/p>\n<p>            10 f\u00e9vr. 2026 \u00e0 20h50        <\/p>\n<p>Un coup de tonnerre dans l\u2019univers de la grande distribution. <strong><a href=\"https:\/\/actu.fr\/tag\/monoprix\" rel=\"nofollow noopener\" target=\"_blank\">Monoprix<\/a><\/strong> pr\u00e9voit de c\u00e9der <strong>trois magasins<\/strong> au discounter allemand <strong><a href=\"https:\/\/actu.fr\/tag\/lidl\/page\/3\" rel=\"nofollow noopener\" target=\"_blank\">Lidl<\/a><\/strong> et d\u2019en <strong>fermer six<\/strong> pour poursuivre la r\u00e9organisation de son parc de plus de 600 points de vente, sans \u00ab\u2009aucune suppression d\u2019emploi\u2009\u00bb, a annonc\u00e9 mardi 10\u00a0f\u00e9vrier 2026 l\u2019enseigne. <strong>Quatre<\/strong> des six fermetures concernent des points de vente dans les <strong>Hauts-de-Seine et le Val-de-Marne.<\/strong><\/p>\n<p>Des fermetures et des cessions<\/p>\n<p class=\" wall-content\">Monoprix, qui appartient au groupe Casino (tout comme Franprix, Naturalia et d\u2019autres), a r\u00e9uni mardi \u00ab\u2009ses instances repr\u00e9sentatives du personnel pour leur pr\u00e9senter plusieurs projets\u2009\u00bb concernant au total quelque 200 salari\u00e9s, selon un communiqu\u00e9.<\/p>\n<p class=\" wall-content\">Ceux-ci pr\u00e9voient la fermeture des <strong>Monoprix de La D\u00e9fense, Malakoff<\/strong> et du Monop\u2019 de <strong>Clichy<\/strong> dans les Hauts-de-Seine ainsi que celle du Monoprix de <strong>Vitry-sur-Seine<\/strong> dans le Val-de-Marne. Les deux autres magasins concern\u00e9s sont \u00e0 Nantes (Loire-Atlantique) et Tours (Indre-et-Loire). Les salari\u00e9s touch\u00e9s par des fermetures seront <strong>\u00ab\u2009repositionn\u00e9s\u2009\u00bb<\/strong> dans \u00ab\u2009d\u2019autres magasins de la marque\u2009\u00bb, selon Monoprix.<\/p>\n<p class=\" wall-content\">En \u00cele-de-France, le groupe pr\u00e9voit aussi la cession des magasins de Chatou, Le Pecq (Yvelines) et Argenteuil (Val-d\u2019Oise) au g\u00e9ant du discount Lidl.\u00a0Le distributeur allemand a confirm\u00e9 dans un communiqu\u00e9 s\u00e9par\u00e9 une \u00ab\u2009discussion exclusive\u2009\u00bb avec Casino et pr\u00e9voit une \u00ab\u2009finalisation de l\u2019op\u00e9ration\u2009\u00bb d\u2019ici \u00e0 la fin du premier semestre. Onze Monop doivent passer en franchise et un autre, \u00e0 Lyon, doit \u00eatre vendu \u00e0 l\u2019enseigne espagnole <a href=\"https:\/\/actu.fr\/economie\/discount-c-est-quoi-primaprix-l-enseigne-qui-vient-d-ouvrir-des-magasins-en-france_55111327.html\" rel=\"nofollow noopener\" target=\"_blank\">Primaprix<\/a>, a pr\u00e9cis\u00e9 le groupe \u00e0 l\u2019AFP. Concernant les cessions, Lidl promet \u00e9galement de conserver <strong>\u00ab\u2009100\u2009% des effectifs\u2009\u00bb.<\/strong><\/p>\n<p>\u00ab\u2009Une r\u00e9organisation brutale\u2009\u00bb<\/p>\n<p class=\" wall-content\">La CGT Monoprix, qui avait d\u00e9nonc\u00e9 la semaine derni\u00e8re \u00ab\u2009une r\u00e9organisation brutale\u2009\u00bb, a d\u00e9plor\u00e9 ces annonces. \u00ab\u2009On est inquiets, surtout pour les personnes qui vont passer du jour au lendemain chez Lidl, o\u00f9 <strong>les conditions de travail ne sont pas les m\u00eames<\/strong>\u2009\u00bb, a r\u00e9pondu \u00e0 l\u2019AFP une membre du syndicat, qui a souhait\u00e9 rester anonyme.<\/p>\n<p class=\" wall-content\">Ces projets \u00ab\u2009r\u00e9sultent d\u2019analyses men\u00e9es magasin par magasin\u2009\u00bb, a justifi\u00e9 Monoprix. \u00ab\u2009Ils s\u2019inscrivent dans la transformation\u2009\u00bb du groupe Casino, tomb\u00e9 en 2024 dans l\u2019escarcelle du <a href=\"https:\/\/actu.fr\/economie\/fnac-darty-nature-decouvertes-quels-changements-pour-les-clients-apres-l-opa-de-daniel-kretinsky_63747561.html\" rel=\"nofollow noopener\" target=\"_blank\">milliardaire tch\u00e8que Daniel Kretinsky<\/a>, apr\u00e8s des ann\u00e9es de <a href=\"https:\/\/actu.fr\/economie\/surendettement-de-nouvelles-regles-pour-vos-credits-a-la-consommation-ce-qui-va-changer-en-2026_63516881.html\" rel=\"nofollow noopener\" target=\"_blank\">surendettement<\/a>.<\/p>\n<p class=\" wall-content\">Le distributeur st\u00e9phanois, qui a vendu la quasi-totalit\u00e9 de ses hypers et supermarch\u00e9s fran\u00e7ais, pr\u00e9voit de<strong> r\u00e9nover 100\u2009% de ses Monoprix \u00e0 horizon 2030.<\/strong> Sur les neuf premiers mois de 2025, il en a ferm\u00e9 16 mais ouvert 19 et pass\u00e9 trois en franchise. Casino n\u00e9gocie actuellement avec ses cr\u00e9anciers pour ramener de 1,4\u00a0milliard \u00e0 800\u00a0millions d\u2019euros le montant qu\u2019il doit rembourser en 2027.<\/p>\n<p>Votre r\u00e9gion, votre actu !<\/p>\n<p>Recevez chaque jour les infos qui comptent pour vous.<\/p>\n<p>\t<a href=\"https:\/\/actu.fr\/newsletter\" class=\"ac-btn ac-btn--corner ac-btn--medium ac-btn--blue800\" rel=\"nofollow noopener\" target=\"_blank\">S&rsquo;incrire<\/a><\/p>\n<p class=\" wall-content\">Lidl, sixi\u00e8me distributeur en France, entend de son c\u00f4t\u00e9 \u00ab\u2009renforcer son maillage territorial dans des zones urbaines et p\u00e9riurbaines\u2009\u00bb, apr\u00e8s avoir repris 19 supermarch\u00e9s \u00e0 Auchan en 2025, dont neuf pr\u00e9c\u00e9demment c\u00e9d\u00e9s par Casino.<\/p>\n<p class=\" wall-content\"><strong>Avec AFP<\/strong><\/p>\n<p class=\" wall-content\">Personnalisez votre actualit\u00e9 en ajoutant vos villes et m\u00e9dias en favori avec <a href=\"https:\/\/moncompte.actu.fr\" title=\"D\u00e9couvez Mon Actu\" rel=\"nofollow noopener\" data-trk=\"{&quot;cta&quot;:{&quot;action&quot;:&quot;https:\\\/\\\/moncompte.actu.fr&quot;,&quot;category&quot;:&quot;mon compte&quot;,&quot;from&quot;:&quot;article footer&quot;,&quot;name&quot;:&quot;Mon actu&quot;,&quot;type&quot;:&quot;cta&quot;}}\" target=\"_blank\">Mon Actu<\/a>.<\/p>\n","protected":false},"excerpt":{"rendered":"Par Dorine Goth Publi\u00e9 le 10 f\u00e9vr. 2026 \u00e0 20h50 Un coup de tonnerre dans l\u2019univers de la&hellip;\n","protected":false},"author":2,"featured_media":726215,"comment_status":"","ping_status":"","sticky":false,"template":"","format":"standard","meta":{"footnotes":"","_share_on_mastodon":"0"},"categories":[6],"tags":[35,130,33,34,1011,27,18542,34256],"class_list":["post-726214","post","type-post","status-publish","format-standard","has-post-thumbnail","category-economie","tag-business","tag-consommation","tag-economie","tag-economy","tag-fr","tag-france","tag-lidl","tag-monoprix"],"share_on_mastodon":{"url":"https:\/\/pubeurope.com\/@fr\/116050125483137435","error":""},"_links":{"self":[{"href":"https:\/\/www.europesays.com\/fr\/wp-json\/wp\/v2\/posts\/726214","targetHints":{"allow":["GET"]}}],"collection":[{"href":"https:\/\/www.europesays.com\/fr\/wp-json\/wp\/v2\/posts"}],"about":[{"href":"https:\/\/www.europesays.com\/fr\/wp-json\/wp\/v2\/types\/post"}],"author":[{"embeddable":true,"href":"https:\/\/www.europesays.com\/fr\/wp-json\/wp\/v2\/users\/2"}],"replies":[{"embeddable":true,"href":"https:\/\/www.europesays.com\/fr\/wp-json\/wp\/v2\/comments?post=726214"}],"version-history":[{"count":0,"href":"https:\/\/www.europesays.com\/fr\/wp-json\/wp\/v2\/posts\/726214\/revisions"}],"wp:featuredmedia":[{"embeddable":true,"href":"https:\/\/www.europesays.com\/fr\/wp-json\/wp\/v2\/media\/726215"}],"wp:attachment":[{"href":"https:\/\/www.europesays.com\/fr\/wp-json\/wp\/v2\/media?parent=726214"}],"wp:term":[{"taxonomy":"category","embeddable":true,"href":"https:\/\/www.europesays.com\/fr\/wp-json\/wp\/v2\/categories?post=726214"},{"taxonomy":"post_tag","embeddable":true,"href":"https:\/\/www.europesays.com\/fr\/wp-json\/wp\/v2\/tags?post=726214"}],"curies":[{"name":"wp","href":"https:\/\/api.w.org\/{rel}","templated":true}]}}