{"id":72627,"date":"2025-05-03T20:37:10","date_gmt":"2025-05-03T20:37:10","guid":{"rendered":"https:\/\/www.europesays.com\/fr\/72627\/"},"modified":"2025-05-03T20:37:10","modified_gmt":"2025-05-03T20:37:10","slug":"apres-lhospitalisation-de-deux-jeunes-une-cinquantaine-de-contacts-identifies","status":"publish","type":"post","link":"https:\/\/www.europesays.com\/fr\/72627\/","title":{"rendered":"apr\u00e8s l&rsquo;hospitalisation de deux jeunes, une cinquantaine de contacts identifi\u00e9s"},"content":{"rendered":"<p>            Par<br \/>\n        <strong><br \/>\n            <a href=\"https:\/\/actu.fr\/auteur\/clemence-pays02-actu-fr\" title=\"Consulter tous les articles de Cl\u00e9mence Pays\" target=\"_blank\" rel=\"noopener\">Cl\u00e9mence Pays<\/a><br \/>\n        <\/strong><\/p>\n<p>        Publi\u00e9 le<\/p>\n<p>            2 mai 2025 \u00e0 17h32        <\/p>\n<p>[<strong>Mise \u00e0 jour vendredi 2 mai, \u00e0 19 h 08 :<\/strong> Contact\u00e9e par <a href=\"https:\/\/actu.fr\/rennes\/\" target=\"_blank\" rel=\"noopener\">actu Rennes<\/a>, l\u2019ARS Bretagne indique qu\u2019<strong>il n\u2019y a pas de troisi\u00e8me cas<\/strong> de m\u00e9ningite d\u00e9tect\u00e9.]<\/p>\n<p class=\" wall-content\">[<strong>Mise \u00e0 jour vendredi 2 mai 2025, \u00e0 18 h 06 :<\/strong> Selon nos confr\u00e8res de <a href=\"https:\/\/www.ouest-france.fr\/sante\/meningite-a-rennes-un-troisieme-personne-hospitalise-apres-une-soiree-dans-un-bar-du-centre-ville-4ab60064-2754-11f0-b7b8-37276f4d776e\" target=\"_blank\" rel=\"noopener\">Ouest-France<\/a>, une troisi\u00e8me personne aurait \u00e9t\u00e9 hospitalis\u00e9e pour la m\u00eame pathologie. Un cas qui n\u2019est \u00e0 cette heure pas confirm\u00e9 par\u00e9 l\u2019ARS.]<\/p>\n<p class=\" wall-content\">Fin avril\u00a02025, <a href=\"https:\/\/actu.fr\/bretagne\/rennes_35238\/meningite-deux-jeunes-de-16-et-18-ans-hospitalises-en-reanimation-au-chu-de-rennes_62580259.html\" target=\"_blank\" rel=\"noopener\">deux jeunes de 16 et 18\u00a0ans ont \u00e9t\u00e9 hospitalis\u00e9s en r\u00e9animation au CHU de Rennes<\/a>, pour une infection invasive \u00e0 m\u00e9ningocoques de type B.<\/p>\n<p class=\" wall-content\">Vendredi 2\u00a0mai, l\u2019Agence r\u00e9gionale de sant\u00e9 Bretagne (ARS) a annonc\u00e9 qu\u2019<strong>un des deux patients est sorti de r\u00e9animation,<\/strong> \u00ab\u2009mais reste sous surveillance m\u00e9dicale\u2009\u00bb.<\/p>\n<p>Des contacts identifi\u00e9s<\/p>\n<p class=\" wall-content\">Si \u00e0 ce jour,<strong> \u00ab\u2009aucun autre cas n\u2019a \u00e9t\u00e9 diagnostiqu\u00e9\u2009\u00bb,<\/strong> l\u2019enqu\u00eate de l\u2019ARS Bretagne a permis d\u2019identifier <strong>une cinquantaine de \u00ab\u2009contacts\u2009\u00bb<\/strong> parmi les proches des deux malades. \u00ab\u2009Tous ont re\u00e7u une antibioth\u00e9rapie pr\u00e9ventive\u2009\u00bb, indique l\u2019ARS.<\/p>\n<blockquote class=\"ac-article-quote wall-content\">\n<p>Les investigations men\u00e9es par l\u2019ARS Bretagne traduisent que les deux situations sont li\u00e9es avec des \u00ab\u00a0contacts\u00a0\u00bb en commun, m\u00eame si les deux patients ne fr\u00e9quentent pas le m\u00eame \u00e9tablissement scolaire et ne suivent pas le m\u00eame cursus de formation.<\/p>\n<p>    <strong>ARS Bretagne<\/strong>\n            <\/p><\/blockquote>\n<p class=\" wall-content\">Un <strong>s\u00e9quen\u00e7age des souches<\/strong> est en cours aupr\u00e8s du centre national de r\u00e9f\u00e9rence de l\u2019institut Pasteur. Cette analyse doit permettre d\u2019indiquer si ces souches sont identiques aux <a href=\"https:\/\/actu.fr\/bretagne\/rennes_35238\/explosion-de-cas-de-meningite-en-france-rennes-et-sa-metropole-particulierement-concernees_62317345.html\" target=\"_blank\" rel=\"noopener\">cas enregistr\u00e9s sur le territoire de Rennes m\u00e9tropole, en janvier et f\u00e9vrier\u00a02025<\/a>.<\/p>\n<p class=\" wall-content\">\u00ab\u2009Les <strong>r\u00e9sultats<\/strong> sont attendus sous une dizaine de jours\u2009\u00bb, pr\u00e9cise l\u2019ARS Bretagne.<\/p>\n<p>Vid\u00e9os : en ce moment sur ActuUne campagne de vaccination en cours<\/p>\n<p class=\" wall-content\">Depuis lundi 3\u00a0mars, <a href=\"https:\/\/actu.fr\/bretagne\/rennes_35238\/meningite-a-rennes-une-campagne-massive-de-vaccination-va-debuter-lundi-ce-qu-il-faut-savoir_62317343.html\" target=\"_blank\" rel=\"noopener\">une campagne de vaccination concernant 100\u2009000 jeunes a \u00e9t\u00e9 lanc\u00e9e dans le bassin rennais<\/a>. Des \u00e9tablissements scolaires ainsi que des professionnels de sant\u00e9 avaient alors \u00e9t\u00e9 mobilis\u00e9s afin de vacciner rapidement les personnes concern\u00e9es.<\/p>\n<p class=\" wall-content\">L\u2019ARS rappelle que <strong>cette campagne de vaccination se poursuit.<\/strong><\/p>\n<p class=\" wall-content\">Suivez toute l\u2019actualit\u00e9 de vos villes et m\u00e9dias favoris en vous inscrivant \u00e0 <a href=\"https:\/\/moncompte.actu.fr\" title=\"D\u00e9couvez Mon Actu\" rel=\"nofollow noopener\" data-trk=\"{&quot;cta&quot;:{&quot;action&quot;:&quot;https:\\\/\\\/moncompte.actu.fr&quot;,&quot;category&quot;:&quot;mon compte&quot;,&quot;from&quot;:&quot;article footer&quot;,&quot;name&quot;:&quot;Mon actu&quot;,&quot;type&quot;:&quot;cta&quot;}}\" target=\"_blank\">Mon Actu<\/a>.<\/p>\n","protected":false},"excerpt":{"rendered":"Par Cl\u00e9mence Pays Publi\u00e9 le 2 mai 2025 \u00e0 17h32 [Mise \u00e0 jour vendredi 2 mai, \u00e0 19&hellip;\n","protected":false},"author":2,"featured_media":72628,"comment_status":"","ping_status":"","sticky":false,"template":"","format":"standard","meta":{"footnotes":""},"categories":[10],"tags":[7513,1011,27,72,71,104],"class_list":{"0":"post-72627","1":"post","2":"type-post","3":"status-publish","4":"format-standard","5":"has-post-thumbnail","7":"category-sante","8":"tag-chu-de-rennes","9":"tag-fr","10":"tag-france","11":"tag-health","12":"tag-sante","13":"tag-societe"},"share_on_mastodon":{"url":"https:\/\/pubeurope.com\/@fr\/114445827787864758","error":""},"_links":{"self":[{"href":"https:\/\/www.europesays.com\/fr\/wp-json\/wp\/v2\/posts\/72627","targetHints":{"allow":["GET"]}}],"collection":[{"href":"https:\/\/www.europesays.com\/fr\/wp-json\/wp\/v2\/posts"}],"about":[{"href":"https:\/\/www.europesays.com\/fr\/wp-json\/wp\/v2\/types\/post"}],"author":[{"embeddable":true,"href":"https:\/\/www.europesays.com\/fr\/wp-json\/wp\/v2\/users\/2"}],"replies":[{"embeddable":true,"href":"https:\/\/www.europesays.com\/fr\/wp-json\/wp\/v2\/comments?post=72627"}],"version-history":[{"count":0,"href":"https:\/\/www.europesays.com\/fr\/wp-json\/wp\/v2\/posts\/72627\/revisions"}],"wp:featuredmedia":[{"embeddable":true,"href":"https:\/\/www.europesays.com\/fr\/wp-json\/wp\/v2\/media\/72628"}],"wp:attachment":[{"href":"https:\/\/www.europesays.com\/fr\/wp-json\/wp\/v2\/media?parent=72627"}],"wp:term":[{"taxonomy":"category","embeddable":true,"href":"https:\/\/www.europesays.com\/fr\/wp-json\/wp\/v2\/categories?post=72627"},{"taxonomy":"post_tag","embeddable":true,"href":"https:\/\/www.europesays.com\/fr\/wp-json\/wp\/v2\/tags?post=72627"}],"curies":[{"name":"wp","href":"https:\/\/api.w.org\/{rel}","templated":true}]}}