{"id":72635,"date":"2025-05-03T20:41:11","date_gmt":"2025-05-03T20:41:11","guid":{"rendered":"https:\/\/www.europesays.com\/fr\/72635\/"},"modified":"2025-05-03T20:41:11","modified_gmt":"2025-05-03T20:41:11","slug":"calendrier-modifie-attribution-tout-savoir-sur-son-versement-en-2025","status":"publish","type":"post","link":"https:\/\/www.europesays.com\/fr\/72635\/","title":{"rendered":"calendrier modifi\u00e9, attribution&#8230; tout savoir sur son versement en 2025"},"content":{"rendered":"<p>                                        <img width=\"658\" height=\"329\" src=\"https:\/\/www.europesays.com\/fr\/wp-content\/uploads\/2025\/05\/Cheque-energie-calendrier-modifie-attribution.-tout-savoir-sur-son-versement-en-2025-658x329.jpg\" class=\"attachment-single-desktop size-single-desktop wp-post-image\" alt=\"Ch\u00e8que \u00e9nergie : calendrier modifi\u00e9, attribution... tout savoir sur son versement en 2025\" fetchpriority=\"high\" loading=\"eager\" decoding=\"sync\"  \/>                                    <\/p>\n<p>                            Le ch\u00e8que \u00e9nergie fait son grand retour cette ann\u00e9e. Mais, son calendrier a \u00e9t\u00e9 modifi\u00e9 et son mode d&rsquo;attribution pour les foyers aussi.<\/p>\n<p>Attribu\u00e9 automatiquement en fonction <a href=\"https:\/\/www.tuxboard.com\/cheque-energie-pouvez-vous-le-toucher-si-vous-vivez-chez-vos-parents-19042025\/\" target=\"_blank\" rel=\"noopener\">des revenus fiscaux<\/a>, le ch\u00e8que \u00e9nergie s\u2019adapte au <strong>profil des b\u00e9n\u00e9ficiaires<\/strong> en offrant plusieurs <a href=\"https:\/\/www.tuxboard.com\/noz-va-faire-un-enorme-carton-avec-la-vente-des-stocks-de-cette-celebre-marque-de-cafe-01052025\/\" target=\"_blank\" rel=\"noopener\">possibilit\u00e9s<\/a> d\u2019utilisation. Mais alors, qu\u2019en est-il pour l\u2019ann\u00e9e 2025 ?<\/p>\n<p>Ch\u00e8que \u00e9nergie : un soutien annuel non n\u00e9gligeable<\/p>\n<p>R\u00e9serv\u00e9 aux foyers dont le revenu fiscal de r\u00e9f\u00e9rence (RFR) ne d\u00e9passe pas <strong>un certain seuil<\/strong>, le ch\u00e8que \u00e9nergie apporte un soutien financier varie entre 48 et 277 euros. Et ce, selon la composition du m\u00e9nage et ses ressources.<\/p>\n<p>Aucune d\u00e9marche n\u2019est requise : le ch\u00e8que est envoy\u00e9 par courrier entre <strong>avril et mai<\/strong> 2024. Il peut \u00eatre utilis\u00e9 pour r\u00e9gler les factures d\u2019\u00e9lectricit\u00e9, de gaz, de fioul ou de bois, mais aussi pour payer les <a href=\"https:\/\/www.tuxboard.com\/cheque-energie-2025-la-methode-dattribution-change-voici-comment-en-profiter-12042025\/\" target=\"_blank\" rel=\"noopener\">charges de chauffage<\/a> collectif en logement social ou en copropri\u00e9t\u00e9.<\/p>\n<p>Il sert \u00e9galement \u00e0 financer des travaux de r\u00e9novation \u00e9nerg\u00e9tique. \u00c0 condition qu\u2019ils se voient r\u00e9alis\u00e9s par un artisan certifi\u00e9 RGE (Reconnu Garant de l\u2019Environnement), comme l\u2019isolation ou l\u2019installation d\u2019un <strong>syst\u00e8me de chauffage<\/strong> plus performant.<\/p>\n<p>Les b\u00e9n\u00e9ficiaires profitent \u00e9galement d\u2019avantages sp\u00e9cifiques, tels que la protection contre<a href=\"https:\/\/www.tuxboard.com\/cheque-energie-2025-la-date-denvoi-devoilee-decouvrez-vite-quand-vous-allez-le-recevoir-29032025\/\" target=\"_blank\" rel=\"noopener\"> les coupures d\u2019\u00e9lectricit\u00e9<\/a> en cas d\u2019impay\u00e9s,. Ou encore des r\u00e9ductions sur les frais de mise en service d\u2019un contrat d\u2019\u00e9nergie.<\/p>\n<p>Pens\u00e9 comme un outil de soutien au pouvoir d\u2019achat et \u00e0 <strong>la transition \u00e9nerg\u00e9tique<\/strong>, le ch\u00e8que \u00e9nergie est valable jusqu\u2019au 31 mars 2025. Il repr\u00e9sente une aide pr\u00e9cieuse pour all\u00e9ger les factures des m\u00e9nages les plus modestes.<\/p>\n<p>Afin de mieux prot\u00e9ger les foyers pr\u00e9caires, le ministre de l\u2019Industrie et de l\u2019\u00c9nergie, Marc Ferracci, a demand\u00e9 aux fournisseurs d\u2019\u00e9nergie d\u2019adopter une <a href=\"https:\/\/www.tuxboard.com\/cheque-energie-attention-les-conditions-pour-obtenir-laide-se-durcissent-29032025\/\" target=\"_blank\" rel=\"noopener\">approche plus souple<\/a>. Et ce, \u00e0 l\u2019\u00e9gard de <strong>tous les b\u00e9n\u00e9ficiaires<\/strong>.<\/p>\n<p>Des conditions de ressources pour en b\u00e9n\u00e9ficier<\/p>\n<p>Attribu\u00e9 sous conditions de ressources, le ch\u00e8que \u00e9nergie repose <strong>sur deux crit\u00e8res<\/strong>. Le revenu fiscal de r\u00e9f\u00e9rence (RFR) du foyer et sa composition, exprim\u00e9e en unit\u00e9s de consommation (UC).<\/p>\n<p>Pour y avoir droit, le RFR par UC doit \u00eatre inf\u00e9rieur \u00e0 11 000 \u20ac. Le <strong>calcul des UC<\/strong> prend en compte la taille du m\u00e9nage. 1 UC pour la premi\u00e8re personne, 0,5 pour la deuxi\u00e8me, puis 0,3 pour chaque personne suppl\u00e9mentaire.<\/p>\n<p>Par exemple, un couple avec deux enfants repr\u00e9sente 2,1 UC (1 + 0,5 + 0,3 + 0,3). Si son RFR <strong>est de 20 000<\/strong> <strong>\u20ac,<\/strong> cela donne 9 523 \u20ac par UC, ce qui est inf\u00e9rieur au seuil de 11 000 \u20ac et le foyer est donc \u00e9ligible.<\/p>\n<p>A partir de l\u2019\u00e9t\u00e9 2025, une version d\u00e9mat\u00e9rialis\u00e9e sera disponible sur le site d\u00e9di\u00e9. Elle pourra \u00eatre utilis\u00e9e <strong>en plusieurs fois<\/strong>, notamment aupr\u00e8s des fournisseurs partenaires d\u2019\u00e9lectricit\u00e9 ou de gaz.<\/p>\n<p>En 2025, le ch\u00e8que \u00e9nergie ne pourra plus servir \u00e0 financer des <strong>travaux de r\u00e9novation<\/strong>. Il se verra exclusivement r\u00e9serv\u00e9 au r\u00e8glement des factures d\u2019\u00e9nergie (\u00e9lectricit\u00e9, gaz, fioul, bois\u2026).<\/p>\n<p>D\u2019ailleurs, les b\u00e9n\u00e9ficiaires d\u00e9j\u00e0 identifi\u00e9s continueront \u00e0 <strong>recevoir le ch\u00e8que<\/strong> automatiquement. En revanche, les m\u00e9nages nouvellement \u00e9ligibles (d\u00e9m\u00e9nagement, changement de situation\u2026) devront faire une demande en ligne ou par courrier.<\/p>\n<p>Ch\u00e8que \u00e9nergie : un envoi tardif en 2025<\/p>\n<p>En raison d\u2019un vote tardif de la loi de finances, l\u2019envoi du ch\u00e8que se voit repouss\u00e9<strong> \u00e0 novembre 2025<\/strong>. Au lieu du printemps habituel. Mais alors, que faire si vous ne recevez pas le ch\u00e8que \u00e9nergie ?<\/p>\n<p>Si vous pensez \u00eatre \u00e9ligible, mais ne recevez rien, v\u00e9rifiez vos droits puis signalez-vous sur le portail d\u00e9di\u00e9 <strong>ou par courrier<\/strong>. Une assistance est disponible pour vous aider \u00e0 effectuer cette d\u00e9marche.<\/p>\n<p>Le ch\u00e8que permet de r\u00e9gler les factures d\u2019\u00e9lectricit\u00e9, de gaz, de fioul ou de bois, les charges <strong>li\u00e9es \u00e0 l\u2019\u00e9nergie<\/strong> dans certains logements-foyers, EHPAD. Ou bien encore les r\u00e9sidences autonomie.<\/p>\n<p>Vous pouvez payer en ligne, et pour cela, il suffit de vous connecter \u00e0 <strong>votre espace personnel<\/strong>. De saisir les r\u00e9f\u00e9rences du ch\u00e8que. Le montant se verra d\u00e9duit de votre prochaine facture.<\/p>\n<p>Par courrier, envoyez le ch\u00e8que avec une copie de votre facture et <strong>votre num\u00e9ro client<\/strong> \u00e0 votre fournisseur. Vous pouvez activer une pr\u00e9-affectation automatique du ch\u00e8que pour qu\u2019il se voit d\u00e9duit chaque ann\u00e9e de vos factures, sans nouvelle d\u00e9marche.<\/p>\n<p>Cela se fait en ligne ou en cochant une case sur le ch\u00e8que papier. Et si le <strong>montant du ch\u00e8que<\/strong> se dit sup\u00e9rieur \u00e0 votre facture, le solde se verra automatiquement report\u00e9 sur vos prochaines mensualit\u00e9s.<\/p>\n<p>                                    <img loading=\"lazy\" decoding=\"async\" src=\"data:image\/svg+xml,%3Csvg%20xmlns=\" http:=\"\" itemprop=\"image\" width=\"32\" height=\"32\" alt=\"avatar\" class=\"avatar avatar-32\" data-lazy-src=\"https:\/\/www.europesays.com\/fr\/wp-content\/uploads\/2025\/04\/BL.jpg\"\/>                                                                    <\/p>\n<p>                                    <a class=\"post-author-name\" href=\"https:\/\/www.tuxboard.com\/author\/rubentux2022\/\" title=\"B. L.\" itemprop=\"url\" target=\"_blank\" rel=\"noopener\">B. L.<\/a><\/p>\n<p itemprop=\"description\">Salut, je suis Ruben, le nouveau r\u00e9dacteur web de Tuxboard.com. &#13;<br \/>\n&#13;<br \/>\nFra\u00eechement dipl\u00f4m\u00e9 d&rsquo;une \u00e9cole de journalisme \u00e0 Paris, je suis passionn\u00e9 par l&rsquo;actualit\u00e9 des m\u00e9dias, les \u00e9missions de t\u00e9l\u00e9vision et la sociologie.&#13;<br \/>\n&#13;<br \/>\nJe suis enthousiaste \u00e0 l&rsquo;id\u00e9e de partager avec vous mes articles et mes d\u00e9cryptages de l&rsquo;actualit\u00e9 sur Tuxboard.<\/p>\n","protected":false},"excerpt":{"rendered":"Le ch\u00e8que \u00e9nergie fait son grand retour cette ann\u00e9e. Mais, son calendrier a \u00e9t\u00e9 modifi\u00e9 et son mode&hellip;\n","protected":false},"author":2,"featured_media":72636,"comment_status":"","ping_status":"","sticky":false,"template":"","format":"standard","meta":{"footnotes":""},"categories":[6],"tags":[35,982,33,34,1011,27],"class_list":{"0":"post-72635","1":"post","2":"type-post","3":"status-publish","4":"format-standard","5":"has-post-thumbnail","7":"category-economie","8":"tag-business","9":"tag-cheque-energie","10":"tag-economie","11":"tag-economy","12":"tag-fr","13":"tag-france"},"share_on_mastodon":{"url":"https:\/\/pubeurope.com\/@fr\/114445843396898466","error":""},"_links":{"self":[{"href":"https:\/\/www.europesays.com\/fr\/wp-json\/wp\/v2\/posts\/72635","targetHints":{"allow":["GET"]}}],"collection":[{"href":"https:\/\/www.europesays.com\/fr\/wp-json\/wp\/v2\/posts"}],"about":[{"href":"https:\/\/www.europesays.com\/fr\/wp-json\/wp\/v2\/types\/post"}],"author":[{"embeddable":true,"href":"https:\/\/www.europesays.com\/fr\/wp-json\/wp\/v2\/users\/2"}],"replies":[{"embeddable":true,"href":"https:\/\/www.europesays.com\/fr\/wp-json\/wp\/v2\/comments?post=72635"}],"version-history":[{"count":0,"href":"https:\/\/www.europesays.com\/fr\/wp-json\/wp\/v2\/posts\/72635\/revisions"}],"wp:featuredmedia":[{"embeddable":true,"href":"https:\/\/www.europesays.com\/fr\/wp-json\/wp\/v2\/media\/72636"}],"wp:attachment":[{"href":"https:\/\/www.europesays.com\/fr\/wp-json\/wp\/v2\/media?parent=72635"}],"wp:term":[{"taxonomy":"category","embeddable":true,"href":"https:\/\/www.europesays.com\/fr\/wp-json\/wp\/v2\/categories?post=72635"},{"taxonomy":"post_tag","embeddable":true,"href":"https:\/\/www.europesays.com\/fr\/wp-json\/wp\/v2\/tags?post=72635"}],"curies":[{"name":"wp","href":"https:\/\/api.w.org\/{rel}","templated":true}]}}