{"id":72643,"date":"2025-05-03T20:45:30","date_gmt":"2025-05-03T20:45:30","guid":{"rendered":"https:\/\/www.europesays.com\/fr\/72643\/"},"modified":"2025-05-03T20:45:30","modified_gmt":"2025-05-03T20:45:30","slug":"saint-etienne-un-grimpeur-de-24-ans-fait-une-chute-de-cinq-metres-de-haut","status":"publish","type":"post","link":"https:\/\/www.europesays.com\/fr\/72643\/","title":{"rendered":"Saint-\u00c9tienne. Un grimpeur de 24 ans fait une chute de cinq m\u00e8tres de haut"},"content":{"rendered":"<p>Les pompiers sont intervenus ce samedi 3\u00a0mai, vers 16\u00a0h 20, sur le site d\u2019escalade de Roche Corbi\u00e8re. Un sommet rocheux pr\u00e9\u00e9minent qui surplombe le Gouffre d\u2019Enfer, situ\u00e9 \u00e0 proximit\u00e9 de Rochetaill\u00e9e, \u00e0 Saint-\u00c9tienne.<\/p>\n<p>H\u00e9liport\u00e9 au CHU de Saint-\u00c9tienne<\/p>\n<p>Une dizaine de pompiers ont port\u00e9 secours \u00e0\u00a0un jeune homme de 24 ans qui a fait une chute de cinq m\u00e8tres. Gravement bless\u00e9, il a \u00e9t\u00e9 pris en charge par une \u00e9quipe m\u00e9dicale et une ambulance.<\/p>\n<p>Il a ensuite \u00e9t\u00e9 pris en charge par l\u2019\u00e9quipe de sauvetage en milieux p\u00e9rilleux et Montagne, avant d\u2019\u00eatre h\u00e9liport\u00e9. C\u2019est l\u2019h\u00e9licopt\u00e8re de la s\u00e9curit\u00e9 civile, Drago 69, qui a conduit le bless\u00e9 au CHU de Saint-\u00c9tienne. Sur place se trouvaient une ambulance, un v\u00e9hicule d\u2019intervention en milieux p\u00e9rilleux et un v\u00e9hicule infirmier.<\/p>\n","protected":false},"excerpt":{"rendered":"Les pompiers sont intervenus ce samedi 3\u00a0mai, vers 16\u00a0h 20, sur le site d\u2019escalade de Roche Corbi\u00e8re. Un&hellip;\n","protected":false},"author":2,"featured_media":72644,"comment_status":"","ping_status":"","sticky":false,"template":"","format":"standard","meta":{"footnotes":""},"categories":[9653],"tags":[119,1111,11,2430,7539,1777,674,274,1011,27,3367,12,25,4001,7538],"class_list":{"0":"post-72643","1":"post","2":"type-post","3":"status-publish","4":"format-standard","5":"has-post-thumbnail","7":"category-saint-etienne","8":"tag-accident","9":"tag-actu","10":"tag-actualites","11":"tag-auvergne-rhone-alpes","12":"tag-edition-loire-sud","13":"tag-eu","14":"tag-europe","15":"tag-faits-divers-justice","16":"tag-fr","17":"tag-france","18":"tag-loire","19":"tag-news","20":"tag-republique-francaise","21":"tag-saint-etienne","22":"tag-saint-etienne-ville"},"share_on_mastodon":{"url":"https:\/\/pubeurope.com\/@fr\/114445859118267820","error":""},"_links":{"self":[{"href":"https:\/\/www.europesays.com\/fr\/wp-json\/wp\/v2\/posts\/72643","targetHints":{"allow":["GET"]}}],"collection":[{"href":"https:\/\/www.europesays.com\/fr\/wp-json\/wp\/v2\/posts"}],"about":[{"href":"https:\/\/www.europesays.com\/fr\/wp-json\/wp\/v2\/types\/post"}],"author":[{"embeddable":true,"href":"https:\/\/www.europesays.com\/fr\/wp-json\/wp\/v2\/users\/2"}],"replies":[{"embeddable":true,"href":"https:\/\/www.europesays.com\/fr\/wp-json\/wp\/v2\/comments?post=72643"}],"version-history":[{"count":0,"href":"https:\/\/www.europesays.com\/fr\/wp-json\/wp\/v2\/posts\/72643\/revisions"}],"wp:featuredmedia":[{"embeddable":true,"href":"https:\/\/www.europesays.com\/fr\/wp-json\/wp\/v2\/media\/72644"}],"wp:attachment":[{"href":"https:\/\/www.europesays.com\/fr\/wp-json\/wp\/v2\/media?parent=72643"}],"wp:term":[{"taxonomy":"category","embeddable":true,"href":"https:\/\/www.europesays.com\/fr\/wp-json\/wp\/v2\/categories?post=72643"},{"taxonomy":"post_tag","embeddable":true,"href":"https:\/\/www.europesays.com\/fr\/wp-json\/wp\/v2\/tags?post=72643"}],"curies":[{"name":"wp","href":"https:\/\/api.w.org\/{rel}","templated":true}]}}