{"id":726919,"date":"2026-02-11T11:52:17","date_gmt":"2026-02-11T11:52:17","guid":{"rendered":"https:\/\/www.europesays.com\/fr\/726919\/"},"modified":"2026-02-11T11:52:17","modified_gmt":"2026-02-11T11:52:17","slug":"magistrate-de-grenoble-enlevee-avec-sa-mere-le-parquet-anticriminalite-organisee-se-saisit-du-dossier","status":"publish","type":"post","link":"https:\/\/www.europesays.com\/fr\/726919\/","title":{"rendered":"Magistrate de Grenoble enlev\u00e9e avec sa m\u00e8re: le parquet anticriminalit\u00e9 organis\u00e9e se saisit du dossier"},"content":{"rendered":"<p class=\"mb-4 text-lg md:leading-8 break-words\">Le nouveau parquet national anticriminalit\u00e9 organis\u00e9e (Pnaco) a annonc\u00e9 mercredi \u00e0 l&rsquo;AFP se saisir de l&rsquo;enqu\u00eate sur le rapt et la s\u00e9questration d&rsquo;une magistrate grenobloise, sur fond de multiplication des affaires de demandes de ran\u00e7ons en cryptomonnaies.<\/p>\n<p class=\"mb-4 text-lg md:leading-8 break-words\">Six personnes, dont un mineur, ont \u00e9t\u00e9 interpell\u00e9es le week-end dernier dans ce dossier, avait indiqu\u00e9 dimanche le procureur de la R\u00e9publique de Lyon, Thierry Dran. Deux suspects ont \u00e9t\u00e9 arr\u00eat\u00e9s en Savoie samedi soir alors qu&rsquo;ils tentaient de prendre un bus pour l&rsquo;Espagne, selon une source proche du dossier.<\/p>\n<p class=\"mb-4 text-lg md:leading-8 break-words\">Dans ce type d&rsquo;affaires, les gardes \u00e0 vue peuvent durer jusqu&rsquo;\u00e0 96 heures. Elles doivent se terminer ce mercredi matin avec une pr\u00e9sentation \u00e0 un juge \u00e0 Paris \u00e0 la mi-journ\u00e9e, d&rsquo;apr\u00e8s la source proche.<\/p>\n<p class=\"mb-4 text-lg md:leading-8 break-words\">Les deux victimes, \u00e2g\u00e9es de 35 et 67 ans, ont \u00e9t\u00e9 retrouv\u00e9es bless\u00e9es vendredi dans un garage dans la Dr\u00f4me apr\u00e8s avoir \u00e9t\u00e9 s\u00e9questr\u00e9es pendant une trentaine d&rsquo;heures.<\/p>\n<p class=\"mb-4 text-lg md:leading-8 break-words\">\u00ab\u00a0Elles ont pu profiter de l&rsquo;absence de leurs ravisseurs pour se d\u00e9tacher\u00a0\u00bb et appeler de l&rsquo;aide en tapant contre la porte du garage o\u00f9 elles \u00e9taient enferm\u00e9es, \u00e0 Bourg-les-Valence, avait d\u00e9taill\u00e9 vendredi le procureur de Lyon, Thierry Dran.<\/p>\n<p class=\"mb-4 text-lg md:leading-8 break-words\">\u00ab\u00a0Alert\u00e9 par le bruit, un voisin est alors intervenu. Il a pu ouvrir la porte et ainsi permettre \u00e0 nos deux victimes de s&rsquo;\u00e9chapper\u00a0\u00bb, avait-il ajout\u00e9.<\/p>\n<p class=\"mb-4 text-lg md:leading-8 break-words\">La magistrate, qui exerce \u00e0 Grenoble, avait \u00e9t\u00e9 enlev\u00e9e jeudi vers 02H50 \u00e0 son domicile de Saint-Martin-le-Vinoux (Is\u00e8re), pr\u00e8s de Grenoble, avec sa m\u00e8re.<\/p>\n<p class=\"mb-4 text-lg md:leading-8 break-words\">Son compagnon, \u00ab\u00a0associ\u00e9 dans une start-up qui a des activit\u00e9s de cryptomonnaies\u00a0\u00bb, \u00e9tait absent lors du rapt. Il a pr\u00e9venu la police vers 09H30 jeudi apr\u00e8s avoir re\u00e7u un message des ravisseurs, mena\u00e7ant de mutiler les victimes si un versement de ran\u00e7on en cryptomonnaies n&rsquo;\u00e9tait pas rapidement effectu\u00e9\u00a0\u00bb, selon M. Dran, qui a refus\u00e9 de pr\u00e9ciser le montant demand\u00e9.<\/p>\n<p class=\"mb-4 text-lg md:leading-8 break-words\">Aucune ran\u00e7on n&rsquo;a \u00e9t\u00e9 vers\u00e9e, avait-il ajout\u00e9.<\/p>\n<p class=\"mb-4 text-lg md:leading-8 break-words\">&#8211; S\u00e9rie noire &#8211;<\/p>\n<p class=\"mb-4 text-lg md:leading-8 break-words\">Policiers et magistrats s&rsquo;\u00e9taient montr\u00e9s prudents dimanche sur le profil des gard\u00e9s \u00e0 vue, pr\u00e9sent\u00e9s par plusieurs m\u00e9dias comme des ex\u00e9cutants, notamment des petits d\u00e9linquants recrut\u00e9s sur les r\u00e9seaux sociaux.<\/p>\n<p class=\"mb-4 text-lg md:leading-8 break-words\">\u00ab\u00a0L&rsquo;enqu\u00eate le d\u00e9montrera, il est beaucoup trop t\u00f4t pour tirer la moindre conclusion\u00a0\u00bb, avait comment\u00e9 M. Dran \u00e0 ce sujet.<\/p>\n<p class=\"mb-4 text-lg md:leading-8 break-words\">Les enl\u00e8vements, parfois spectaculaires, contre demande de ran\u00e7on ou vols de cryptomonnaies se sont multipli\u00e9s depuis d\u00e9but 2025 dans toute la France, parall\u00e8lement \u00e0 la popularit\u00e9 de ces actifs.<\/p>\n<p class=\"mb-4 text-lg md:leading-8 break-words\">Le parquet national anticriminalit\u00e9 organis\u00e9e s&rsquo;est d\u00e9j\u00e0 saisi fin janvier de six faits d&rsquo;enl\u00e8vements ou s\u00e9questrations en bande organis\u00e9e, li\u00e9s \u00e0 des extorsions de cryptomonnaies. Des faits, accompagn\u00e9s de violences aggrav\u00e9es, commis entre le 18 d\u00e9cembre et le 14 janvier en Charente-Maritime, dans la Sarthe, le Maine-et-Loire, les Yvelines, les Hauts-de-Seine et en Haute-Savoie.<\/p>\n<p class=\"mb-4 text-lg md:leading-8 break-words\">Le Pnaco avait fait \u00e9tat d'\u00a0\u00bbun pr\u00e9judice estim\u00e9 \u00e0 plusieurs millions d&rsquo;euros\u00a0\u00bb et soulign\u00e9 que certaines des victimes avaient \u00ab\u00a0subi d&rsquo;importantes violences\u00a0\u00bb.<\/p>\n<p class=\"mb-4 text-lg md:leading-8 break-words\">Parmi ces dossiers figure la s\u00e9questration d&rsquo;un couple \u00e0 Dompierre-sur-Mer, en Charente-Maritime, par trois personnes encagoul\u00e9es qui ont forc\u00e9 leurs victimes \u00e0 leur transf\u00e9rer environ huit millions d&rsquo;euros en cryptomonnaies.<\/p>\n<p class=\"mb-4 text-lg md:leading-8 break-words\">La s\u00e9rie noire des enl\u00e8vements a commenc\u00e9 en janvier 2025 avec le rapt du cofondateur de Ledger (start-up de portefeuilles de cryptomonnaies), David Balland, et de sa compagne. Ce dernier, dont le doigt avait \u00e9t\u00e9 sectionn\u00e9 par les malfaiteurs, avait \u00e9t\u00e9 lib\u00e9r\u00e9 gr\u00e2ce \u00e0 un assaut du GIGN, tandis que sa compagne avait \u00e9t\u00e9 retrouv\u00e9e ligot\u00e9e dans un v\u00e9hicule par les gendarmes. Six hommes et une femme avaient \u00e9t\u00e9 mis en examen dans la foul\u00e9e, tandis que le commanditaire pr\u00e9sum\u00e9 a \u00e9t\u00e9 mis en examen en avril et \u00e9crou\u00e9.<\/p>\n<p class=\"mb-4 text-lg md:leading-8 break-words\">Le 1er mai, en plein Paris, le p\u00e8re d&rsquo;un homme ayant fait fortune dans les cryptomonnaies avait \u00e9galement \u00e9t\u00e9 enlev\u00e9 par quatre hommes encagoul\u00e9s. Il s&rsquo;en \u00e9tait suivi 58 heures d&rsquo;angoisse pour la famille et de calvaire pour l&rsquo;otage dont un doigt a \u00e9t\u00e9 sectionn\u00e9, au terme d&rsquo;un premier ultimatum fix\u00e9 par les ravisseurs qui r\u00e9clamaient une ran\u00e7on de plusieurs millions d&rsquo;euros en cryptomonnaies. L&rsquo;homme avait finalement \u00e9t\u00e9 lib\u00e9r\u00e9 par la police.<\/p>\n<p class=\"mb-4 text-lg md:leading-8 break-words\">cco-epe\/asl\/tes<\/p>\n","protected":false},"excerpt":{"rendered":"Le nouveau parquet national anticriminalit\u00e9 organis\u00e9e (Pnaco) a annonc\u00e9 mercredi \u00e0 l&rsquo;AFP se saisir de l&rsquo;enqu\u00eate sur le&hellip;\n","protected":false},"author":2,"featured_media":726920,"comment_status":"","ping_status":"","sticky":false,"template":"","format":"standard","meta":{"footnotes":"","_share_on_mastodon":"0"},"categories":[9566],"tags":[1111,11,2430,81684,1777,674,1011,27,2731,81686,81685,12,81683,25,81682],"class_list":["post-726919","post","type-post","status-publish","format-standard","has-post-thumbnail","category-grenoble","tag-actu","tag-actualites","tag-auvergne-rhone-alpes","tag-demande-de-rancon","tag-eu","tag-europe","tag-fr","tag-france","tag-grenoble","tag-la-porte-du-garage","tag-le-rapt","tag-news","tag-procureur-de-la-republique-de-lyon","tag-republique-francaise","tag-thierry-dran"],"share_on_mastodon":{"url":"https:\/\/pubeurope.com\/@fr\/116051859515387250","error":""},"_links":{"self":[{"href":"https:\/\/www.europesays.com\/fr\/wp-json\/wp\/v2\/posts\/726919","targetHints":{"allow":["GET"]}}],"collection":[{"href":"https:\/\/www.europesays.com\/fr\/wp-json\/wp\/v2\/posts"}],"about":[{"href":"https:\/\/www.europesays.com\/fr\/wp-json\/wp\/v2\/types\/post"}],"author":[{"embeddable":true,"href":"https:\/\/www.europesays.com\/fr\/wp-json\/wp\/v2\/users\/2"}],"replies":[{"embeddable":true,"href":"https:\/\/www.europesays.com\/fr\/wp-json\/wp\/v2\/comments?post=726919"}],"version-history":[{"count":0,"href":"https:\/\/www.europesays.com\/fr\/wp-json\/wp\/v2\/posts\/726919\/revisions"}],"wp:featuredmedia":[{"embeddable":true,"href":"https:\/\/www.europesays.com\/fr\/wp-json\/wp\/v2\/media\/726920"}],"wp:attachment":[{"href":"https:\/\/www.europesays.com\/fr\/wp-json\/wp\/v2\/media?parent=726919"}],"wp:term":[{"taxonomy":"category","embeddable":true,"href":"https:\/\/www.europesays.com\/fr\/wp-json\/wp\/v2\/categories?post=726919"},{"taxonomy":"post_tag","embeddable":true,"href":"https:\/\/www.europesays.com\/fr\/wp-json\/wp\/v2\/tags?post=726919"}],"curies":[{"name":"wp","href":"https:\/\/api.w.org\/{rel}","templated":true}]}}