{"id":727082,"date":"2026-02-11T13:27:14","date_gmt":"2026-02-11T13:27:14","guid":{"rendered":"https:\/\/www.europesays.com\/fr\/727082\/"},"modified":"2026-02-11T13:27:14","modified_gmt":"2026-02-11T13:27:14","slug":"lucie-restauratrice-archeologique-revele-les-objets","status":"publish","type":"post","link":"https:\/\/www.europesays.com\/fr\/727082\/","title":{"rendered":"Lucie, restauratrice arch\u00e9ologique, r\u00e9v\u00e8le les objets"},"content":{"rendered":"<p>  Saviez-vous que Paris poss\u00e8de un patrimoine arch\u00e9ologique extr\u00eamement riche, qui s\u2019\u00e9tend de la pr\u00e9histoire \u00e0 l\u2019\u00e9poque contemporaine\u00a0? C\u00e9ramiques, ossements, outils, objets en m\u00e9tal ou en stuc, fragments de verre\u2026 Plus de 100\u00a0000 lots retrouv\u00e9s dans les entrailles de la capitale sont conserv\u00e9s <a href=\"https:\/\/www.paris.fr\/pages\/l-archeologie-a-paris-2402\" rel=\"nofollow noopener\" target=\"_blank\">au p\u00f4le arch\u00e9ologique de la rue du Pr\u00e9 (18e)<\/a>\u00a0! Et une seule conservatrice-restauratrice, Lucie Altenburg, stabilise et nettoie ce patrimoine exceptionnel. Son r\u00f4le, discret, est central\u00a0: sans ses comp\u00e9tences, bien des d\u00e9couvertes ne seraient jamais identifi\u00e9es.<\/p>\n","protected":false},"excerpt":{"rendered":"Saviez-vous que Paris poss\u00e8de un patrimoine arch\u00e9ologique extr\u00eamement riche, qui s\u2019\u00e9tend de la pr\u00e9histoire \u00e0 l\u2019\u00e9poque contemporaine\u00a0? C\u00e9ramiques,&hellip;\n","protected":false},"author":2,"featured_media":727083,"comment_status":"","ping_status":"","sticky":false,"template":"","format":"standard","meta":{"footnotes":"","_share_on_mastodon":"0"},"categories":[1888],"tags":[11,1777,674,1011,27,12,626,25],"class_list":["post-727082","post","type-post","status-publish","format-standard","has-post-thumbnail","category-paris","tag-actualites","tag-eu","tag-europe","tag-fr","tag-france","tag-news","tag-paris","tag-republique-francaise"],"share_on_mastodon":{"url":"https:\/\/pubeurope.com\/@fr\/116052232987492622","error":""},"_links":{"self":[{"href":"https:\/\/www.europesays.com\/fr\/wp-json\/wp\/v2\/posts\/727082","targetHints":{"allow":["GET"]}}],"collection":[{"href":"https:\/\/www.europesays.com\/fr\/wp-json\/wp\/v2\/posts"}],"about":[{"href":"https:\/\/www.europesays.com\/fr\/wp-json\/wp\/v2\/types\/post"}],"author":[{"embeddable":true,"href":"https:\/\/www.europesays.com\/fr\/wp-json\/wp\/v2\/users\/2"}],"replies":[{"embeddable":true,"href":"https:\/\/www.europesays.com\/fr\/wp-json\/wp\/v2\/comments?post=727082"}],"version-history":[{"count":0,"href":"https:\/\/www.europesays.com\/fr\/wp-json\/wp\/v2\/posts\/727082\/revisions"}],"wp:featuredmedia":[{"embeddable":true,"href":"https:\/\/www.europesays.com\/fr\/wp-json\/wp\/v2\/media\/727083"}],"wp:attachment":[{"href":"https:\/\/www.europesays.com\/fr\/wp-json\/wp\/v2\/media?parent=727082"}],"wp:term":[{"taxonomy":"category","embeddable":true,"href":"https:\/\/www.europesays.com\/fr\/wp-json\/wp\/v2\/categories?post=727082"},{"taxonomy":"post_tag","embeddable":true,"href":"https:\/\/www.europesays.com\/fr\/wp-json\/wp\/v2\/tags?post=727082"}],"curies":[{"name":"wp","href":"https:\/\/api.w.org\/{rel}","templated":true}]}}