{"id":72725,"date":"2025-05-03T21:30:09","date_gmt":"2025-05-03T21:30:09","guid":{"rendered":"https:\/\/www.europesays.com\/fr\/72725\/"},"modified":"2025-05-03T21:30:09","modified_gmt":"2025-05-03T21:30:09","slug":"coupe-de-france-n1-2-classements-actualite","status":"publish","type":"post","link":"https:\/\/www.europesays.com\/fr\/72725\/","title":{"rendered":"Coupe de France N1 #2 : Classements &#8211; Actualit\u00e9"},"content":{"rendered":"<p style=\"text-align: justify;\">Le SCO Dijon-Team Materiel-velo.con conserve sa place de leader de la Coupe de France N1 \u00e0 l&rsquo;issue de la deuxi\u00e8me manche, le Grand Prix de la Sologne des \u00c9tangs. Le podium est compl\u00e9t\u00e9 par le VC Rouen 76 et le Team Bricquebec Cotentin. Le Vend\u00e9e U remporte la manche.<br \/>La troisi\u00e8me manche, le CLM Champenois, aura lieu le dimanche 18 mai prochain.<\/p>\n<p><strong>Classement de la 2e manche :<\/strong><br \/>1. VENDEE U\u2013PAYS DE LA LOIRE 70 pts<br \/>2. V\u00c9LOCE CLUB ROUEN 76 53<br \/>3. TEAM BRICQUEBEC COTENTIN 51<br \/>4. GUIDON CHALETTOIS 47<br \/>5. SCO DIJON\u2013TEAM MATERIEL.COM 44<br \/>6. PARIS CYCLISTE OLYMPIQUE 43<br \/>7. TEAM ATRIA EXPERTS COMPTABLES\u2013MONTLU\u00c7ON CYCLISME 33<br \/>8. HEXAGONE 32<br \/>9. VELO CLUB VILLEFRANCHE BEAUJOLAIS 31<br \/>10. CC ETUPES LE DOUBS PAYS DE MONTBELIARD 29<br \/>11. AMICALE CYCLISTE BISONTINE 28<br \/>12. BOURG EN BRESSE AIN CYCLISME 22<br \/>13. AVC AIX EN PROVENCE DOLE 20<br \/>14. CHARVIEU CHAVAGNEUX ISERE CYCLISME 17<br \/>15. VCP LOUDEAC 14<br \/>16. TEAM LOCKIMMO. COM\u2013CC NOGENT SUR OISE 4<\/p>\n<p><strong>Classement g\u00e9n\u00e9ral :<\/strong><br \/>1. SCO DIJON\u2013TEAM MATERIEL.COM 153 pts<br \/>2. V\u00c9LOCE CLUB ROUEN 76 126<br \/>3. HEXAGONE 104<br \/>4. TEAM BRICQUEBEC COTENTIN 89<br \/>5. VENDEE U\u2013PAYS DE LA LOIRE 80<br \/>6. GUIDON CHALETTOIS 75<br \/>7. PARIS CYCLISTE OLYMPIQUE 63<br \/>8. VCP LOUDEAC 56<br \/>9. AMICALE CYCLISTE BISONTINE 52<br \/>10. BOURG EN BRESSE AIN CYCLISME 45<br \/>11. AVC AIX EN PROVENCE DOLE 45<br \/>12. CC ETUPES LE DOUBS PAYS DE MONTBELIARD 42<br \/>13. TEAM ATRIA EXPERTS COMPTABLES\u2013MONTLU\u00c7ON CYCLISME 33<br \/>14. VELO CLUB VILLEFRANCHE BEAUJOLAIS 31<br \/>15. CHARVIEU CHAVAGNEUX ISERE CYCLISME 24<br \/>16. TEAM LOCKIMMO. COM\u2013CC NOGENT SUR OISE 22<br \/>17. OCF TEAM LEGEND WHEELS 17<br \/>18. MAYENNE-V AND B-MONBANA 16<br \/>19. DINAN SPORT CYCLING 3<\/p>\n<p>Remerciements \u00e0 Fr\u00e9d\u00e9ric Lafargue &#8211; <a href=\"http:\/\/www.stsport.fr\" target=\"_blank\" rel=\"noopener\">www.stsport.fr<\/a><\/p>\n","protected":false},"excerpt":{"rendered":"Le SCO Dijon-Team Materiel-velo.con conserve sa place de leader de la Coupe de France N1 \u00e0 l&rsquo;issue de&hellip;\n","protected":false},"author":2,"featured_media":72726,"comment_status":"","ping_status":"","sticky":false,"template":"","format":"standard","meta":{"footnotes":""},"categories":[4],"tags":[11,834,828,836,829,837,827,83,826,824,823,207,814,817,815,816,822,821,832,211,839,1011,27,820,818,819,12,835,831,830,833,838,25,212,208,825],"class_list":{"0":"post-72725","1":"post","2":"type-post","3":"status-publish","4":"format-standard","5":"has-post-thumbnail","7":"category-france","8":"tag-actualites","9":"tag-attaque","10":"tag-belgique","11":"tag-braquet","12":"tag-bretagne","13":"tag-chute","14":"tag-competition","15":"tag-coupe-de-france","16":"tag-coureur","17":"tag-course-cyclisme","18":"tag-course-cycliste","19":"tag-cyclisme","20":"tag-direct","21":"tag-direct-velo","22":"tag-directvelo","23":"tag-directvelo-com","24":"tag-epreuve","25":"tag-epreuve-cycliste","26":"tag-federation-francaise-de-cyclisme","27":"tag-ffc","28":"tag-flandres","29":"tag-fr","30":"tag-france","31":"tag-live","32":"tag-live-course","33":"tag-live-epreuve","34":"tag-news","35":"tag-peloton","36":"tag-radio-peloton","37":"tag-radio-tour","38":"tag-ravitaillement","39":"tag-relance","40":"tag-republique-francaise","41":"tag-uci","42":"tag-velo","43":"tag-velos"},"share_on_mastodon":{"url":"https:\/\/pubeurope.com\/@fr\/114446036411974579","error":""},"_links":{"self":[{"href":"https:\/\/www.europesays.com\/fr\/wp-json\/wp\/v2\/posts\/72725","targetHints":{"allow":["GET"]}}],"collection":[{"href":"https:\/\/www.europesays.com\/fr\/wp-json\/wp\/v2\/posts"}],"about":[{"href":"https:\/\/www.europesays.com\/fr\/wp-json\/wp\/v2\/types\/post"}],"author":[{"embeddable":true,"href":"https:\/\/www.europesays.com\/fr\/wp-json\/wp\/v2\/users\/2"}],"replies":[{"embeddable":true,"href":"https:\/\/www.europesays.com\/fr\/wp-json\/wp\/v2\/comments?post=72725"}],"version-history":[{"count":0,"href":"https:\/\/www.europesays.com\/fr\/wp-json\/wp\/v2\/posts\/72725\/revisions"}],"wp:featuredmedia":[{"embeddable":true,"href":"https:\/\/www.europesays.com\/fr\/wp-json\/wp\/v2\/media\/72726"}],"wp:attachment":[{"href":"https:\/\/www.europesays.com\/fr\/wp-json\/wp\/v2\/media?parent=72725"}],"wp:term":[{"taxonomy":"category","embeddable":true,"href":"https:\/\/www.europesays.com\/fr\/wp-json\/wp\/v2\/categories?post=72725"},{"taxonomy":"post_tag","embeddable":true,"href":"https:\/\/www.europesays.com\/fr\/wp-json\/wp\/v2\/tags?post=72725"}],"curies":[{"name":"wp","href":"https:\/\/api.w.org\/{rel}","templated":true}]}}