{"id":727265,"date":"2026-02-11T15:19:10","date_gmt":"2026-02-11T15:19:10","guid":{"rendered":"https:\/\/www.europesays.com\/fr\/727265\/"},"modified":"2026-02-11T15:19:10","modified_gmt":"2026-02-11T15:19:10","slug":"le-retour-evenement-au-zenith-sud","status":"publish","type":"post","link":"https:\/\/www.europesays.com\/fr\/727265\/","title":{"rendered":"Le retour \u00e9v\u00e9nement au Z\u00e9nith Sud"},"content":{"rendered":"<p>\t\t\t\t\t\t\t\tUn spectacle de d\u00e9mesure<\/p>\n<p data-path-to-node=\"3\">Pr\u00e9parez-vous \u00e0 \u00eatre transport\u00e9s au XVIIe si\u00e8cle, entre intrigues de palais, amours passionn\u00e9es et destins grav\u00e9s dans l\u2019Histoire.<\/p>\n<p data-path-to-node=\"5\">Ce n\u2019est pas simplement une com\u00e9die musicale, c\u2019est une fresque historique port\u00e9e par des tubes incontournables comme \u00ab\u00a0\u00catre \u00e0 la hauteur\u00a0\u00bb ou \u00ab\u00a0Je fais de toi mon essentiel\u00a0\u00bb. Avec des costumes somptueux et des chor\u00e9graphies audacieuses, ce retour c\u00e9l\u00e8bre l\u2019ascension de Louis XIV, de son sacre \u00e0 son triomphe absolu.<\/p>\n<p>Pourquoi r\u00e9server vos places ?<\/p>\n<ul data-path-to-node=\"12\">\n<li>\n<p data-path-to-node=\"12,0,0\"><b data-path-to-node=\"12,0,0\" data-index-in-node=\"0\">Une mise en sc\u00e8ne renouvel\u00e9e<\/b> : Alliant modernit\u00e9 technique et respect des codes classiques du spectacle d\u2019origine.<\/p>\n<\/li>\n<li>\n<p data-path-to-node=\"12,1,0\"><b data-path-to-node=\"12,1,0\" data-index-in-node=\"0\">Une \u00e9motion intacte<\/b> : Red\u00e9couvrez les voix qui ont marqu\u00e9 toute une g\u00e9n\u00e9ration.<\/p>\n<\/li>\n<li>\n<p data-path-to-node=\"12,2,0\"><b data-path-to-node=\"12,2,0\" data-index-in-node=\"0\">Un moment pour tous<\/b> : Que vous soyez nostalgique de la premi\u00e8re heure ou nouveau spectateur, l\u2019\u00e9clat de la Cour ne laisse personne indiff\u00e9rent.<\/p>\n<\/li>\n<\/ul>\n<p>Le choix dans les repr\u00e9sentations<\/p>\n<p data-path-to-node=\"8\">Pour ne rien manquer de cette \u00e9pop\u00e9e lyrique, voici les rendez-vous \u00e0 noter dans vos agendas pour ce mois de f\u00e9vrier 2026 :<\/p>\n","protected":false},"excerpt":{"rendered":"Un spectacle de d\u00e9mesure Pr\u00e9parez-vous \u00e0 \u00eatre transport\u00e9s au XVIIe si\u00e8cle, entre intrigues de palais, amours passionn\u00e9es et&hellip;\n","protected":false},"author":2,"featured_media":727266,"comment_status":"","ping_status":"","sticky":false,"template":"","format":"standard","meta":{"footnotes":"","_share_on_mastodon":"0"},"categories":[9599],"tags":[1111,11,1777,674,1011,27,2208,12,2680,25],"class_list":["post-727265","post","type-post","status-publish","format-standard","has-post-thumbnail","category-montpellier","tag-actu","tag-actualites","tag-eu","tag-europe","tag-fr","tag-france","tag-montpellier","tag-news","tag-occitanie","tag-republique-francaise"],"share_on_mastodon":{"url":"https:\/\/pubeurope.com\/@fr\/116052673455071487","error":""},"_links":{"self":[{"href":"https:\/\/www.europesays.com\/fr\/wp-json\/wp\/v2\/posts\/727265","targetHints":{"allow":["GET"]}}],"collection":[{"href":"https:\/\/www.europesays.com\/fr\/wp-json\/wp\/v2\/posts"}],"about":[{"href":"https:\/\/www.europesays.com\/fr\/wp-json\/wp\/v2\/types\/post"}],"author":[{"embeddable":true,"href":"https:\/\/www.europesays.com\/fr\/wp-json\/wp\/v2\/users\/2"}],"replies":[{"embeddable":true,"href":"https:\/\/www.europesays.com\/fr\/wp-json\/wp\/v2\/comments?post=727265"}],"version-history":[{"count":0,"href":"https:\/\/www.europesays.com\/fr\/wp-json\/wp\/v2\/posts\/727265\/revisions"}],"wp:featuredmedia":[{"embeddable":true,"href":"https:\/\/www.europesays.com\/fr\/wp-json\/wp\/v2\/media\/727266"}],"wp:attachment":[{"href":"https:\/\/www.europesays.com\/fr\/wp-json\/wp\/v2\/media?parent=727265"}],"wp:term":[{"taxonomy":"category","embeddable":true,"href":"https:\/\/www.europesays.com\/fr\/wp-json\/wp\/v2\/categories?post=727265"},{"taxonomy":"post_tag","embeddable":true,"href":"https:\/\/www.europesays.com\/fr\/wp-json\/wp\/v2\/tags?post=727265"}],"curies":[{"name":"wp","href":"https:\/\/api.w.org\/{rel}","templated":true}]}}