{"id":727267,"date":"2026-02-11T15:20:11","date_gmt":"2026-02-11T15:20:11","guid":{"rendered":"https:\/\/www.europesays.com\/fr\/727267\/"},"modified":"2026-02-11T15:20:11","modified_gmt":"2026-02-11T15:20:11","slug":"un-locataire-tire-sur-les-portes-de-ses-voisins-a-montpellier-importante-intervention-policiere","status":"publish","type":"post","link":"https:\/\/www.europesays.com\/fr\/727267\/","title":{"rendered":"Un locataire tire sur les portes de ses voisins \u00e0 Montpellier, importante intervention polici\u00e8re"},"content":{"rendered":"<p>                    Par<br \/>\n        <strong><br \/>\n            <a href=\"https:\/\/actu.fr\/auteur\/lea-pippinato\" title=\"Consulter tous les articles de L\u00e9a Pippinato\" rel=\"nofollow noopener\" target=\"_blank\">L\u00e9a Pippinato<\/a><br \/>\n                    <\/strong><\/p>\n<p>        Publi\u00e9 le<\/p>\n<p>            11 f\u00e9vr. 2026 \u00e0 15h58        <\/p>\n<p>La tension est vive <strong>ce mercredi 11 f\u00e9vrier 2026<\/strong> dans le quartier Figuerolles, \u00e0 Montpellier. En d\u00e9but d\u2019apr\u00e8s-midi, un locataire d\u2019un immeuble situ\u00e9 rue Adam de Craponne a ouvert le feu sur des portes d\u2019appartements voisins. \u00c0 cette heure, l\u2019op\u00e9ration de police se poursuit.<\/p>\n<p>    <a href=\"https:\/\/www.google.com\/maps\/embed?pb=!1m18!1m12!1m3!1d11549.983984600467!2d3.89608215!3d43.63784795!2m3!1f0!2f0!3f0!3m2!1i1024!2i768!4f13.1!3m3!1m2!1s0x12b6afab7b767b7d%3A0x82bada63afd0247a!2sRue%20Adam%20de%20Craponne%2C%20Montpellier!5e0!3m2!1sfr!2sfr!4v1770821606706!5m2!1sfr!2sfr\" title=\"Ouvrie le lien\" rel=\"nofollow noopener\" target=\"_blank\">Cliquez ici pour visualiser le contenu<\/a><\/p>\n<p>Intervention massive des forces de l\u2019ordre<\/p>\n<p class=\" wall-content\">La Bac (brigade anticriminalit\u00e9) est intervenue et des unit\u00e9s arm\u00e9es et encagoul\u00e9es ont ensuite rejoint les lieux. Les autorit\u00e9s n\u2019ont pas encore communiqu\u00e9 sur les motivations du tireur pr\u00e9sum\u00e9 ni sur son \u00e9tat.<\/p>\n<p>\/ MISE \u00c0 JOUR \/<\/p>\n<p class=\" wall-content\"><strong>16h10 : <\/strong>L\u2019homme aurait tir\u00e9 sur sa propre porte d\u2019entr\u00e9e avec une arme de type Airsoft. Selon les premiers \u00e9l\u00e9ments, il se serait montr\u00e9 mena\u00e7ant envers des voisins qu\u2019il conna\u00eet pourtant bien. D\u00e9crit comme psychologiquement instable, son comportement a conduit les policiers sur place \u00e0 effectuer des v\u00e9rifications afin de d\u00e9terminer s\u2019il se trouve toujours \u00e0 son domicile et s\u2019il est encore en possession d\u2019une arme.<\/p>\n<p class=\" wall-content\">Personnalisez votre actualit\u00e9 en ajoutant vos villes et m\u00e9dias en favori avec <a href=\"https:\/\/moncompte.actu.fr\" title=\"D\u00e9couvez Mon Actu\" rel=\"nofollow noopener\" data-trk=\"{&quot;cta&quot;:{&quot;action&quot;:&quot;https:\\\/\\\/moncompte.actu.fr&quot;,&quot;category&quot;:&quot;mon compte&quot;,&quot;from&quot;:&quot;article footer&quot;,&quot;name&quot;:&quot;Mon actu&quot;,&quot;type&quot;:&quot;cta&quot;}}\" target=\"_blank\">Mon Actu<\/a>.<\/p>\n","protected":false},"excerpt":{"rendered":"Par L\u00e9a Pippinato Publi\u00e9 le 11 f\u00e9vr. 2026 \u00e0 15h58 La tension est vive ce mercredi 11 f\u00e9vrier&hellip;\n","protected":false},"author":2,"featured_media":727268,"comment_status":"","ping_status":"","sticky":false,"template":"","format":"standard","meta":{"footnotes":"","_share_on_mastodon":"0"},"categories":[9599],"tags":[1111,11,1777,674,118,1011,27,2208,12,2680,1072,25,7501],"class_list":["post-727267","post","type-post","status-publish","format-standard","has-post-thumbnail","category-montpellier","tag-actu","tag-actualites","tag-eu","tag-europe","tag-faits-divers","tag-fr","tag-france","tag-montpellier","tag-news","tag-occitanie","tag-police","tag-republique-francaise","tag-violences-urbaines"],"share_on_mastodon":{"url":"https:\/\/pubeurope.com\/@fr\/116052677431860778","error":""},"_links":{"self":[{"href":"https:\/\/www.europesays.com\/fr\/wp-json\/wp\/v2\/posts\/727267","targetHints":{"allow":["GET"]}}],"collection":[{"href":"https:\/\/www.europesays.com\/fr\/wp-json\/wp\/v2\/posts"}],"about":[{"href":"https:\/\/www.europesays.com\/fr\/wp-json\/wp\/v2\/types\/post"}],"author":[{"embeddable":true,"href":"https:\/\/www.europesays.com\/fr\/wp-json\/wp\/v2\/users\/2"}],"replies":[{"embeddable":true,"href":"https:\/\/www.europesays.com\/fr\/wp-json\/wp\/v2\/comments?post=727267"}],"version-history":[{"count":0,"href":"https:\/\/www.europesays.com\/fr\/wp-json\/wp\/v2\/posts\/727267\/revisions"}],"wp:featuredmedia":[{"embeddable":true,"href":"https:\/\/www.europesays.com\/fr\/wp-json\/wp\/v2\/media\/727268"}],"wp:attachment":[{"href":"https:\/\/www.europesays.com\/fr\/wp-json\/wp\/v2\/media?parent=727267"}],"wp:term":[{"taxonomy":"category","embeddable":true,"href":"https:\/\/www.europesays.com\/fr\/wp-json\/wp\/v2\/categories?post=727267"},{"taxonomy":"post_tag","embeddable":true,"href":"https:\/\/www.europesays.com\/fr\/wp-json\/wp\/v2\/tags?post=727267"}],"curies":[{"name":"wp","href":"https:\/\/api.w.org\/{rel}","templated":true}]}}