{"id":727277,"date":"2026-02-11T15:25:13","date_gmt":"2026-02-11T15:25:13","guid":{"rendered":"https:\/\/www.europesays.com\/fr\/727277\/"},"modified":"2026-02-11T15:25:13","modified_gmt":"2026-02-11T15:25:13","slug":"une-mosaique-dodorico-redecouverte-en-plein-centre-ville","status":"publish","type":"post","link":"https:\/\/www.europesays.com\/fr\/727277\/","title":{"rendered":"une mosa\u00efque d\u2019Odorico red\u00e9couverte en plein centre-ville"},"content":{"rendered":"<p style=\"text-align: justify;\" data-start=\"104\" data-end=\"685\">Une belle surprise patrimoniale vient d\u2019appara\u00eetre en plein c\u0153ur de Rennes. \u00c0 l\u2019occasion de travaux men\u00e9s au 5, rue d\u2019Estr\u00e9es, dans l\u2019ancien magasin Andr\u00e9 r\u00e9cemment ferm\u00e9, une mosa\u00efque sign\u00e9e Odorico a \u00e9t\u00e9 mise au jour par les ouvriers. C\u2019est Daniel Enocq, sp\u00e9cialiste reconnu des mosa\u00efques et auteur de plusieurs ouvrages sur le patrimoine rennais, qui a confirm\u00e9 l\u2019authenticit\u00e9 de la d\u00e9couverte. Contact\u00e9 par la nouvelle propri\u00e9taire des lieux, intrigu\u00e9e par les d\u00e9cors apparus derri\u00e8re des am\u00e9nagements plus r\u00e9cents, il n\u2019a eu aucun doute : il s\u2019agit bien d\u2019une mosa\u00efque issue de l\u2019atelier Odorico.<\/p>\n<p style=\"text-align: justify;\" data-start=\"687\" data-end=\"1179\">Les photographies, transmises par la propri\u00e9taire actuelle \u00e0 Daniel Enocq, ont \u00e9t\u00e9 publi\u00e9es sur la page Facebook <a href=\"https:\/\/www.facebook.com\/enocqd\" rel=\"nofollow noopener\" target=\"_blank\">Rennes en 1900<\/a>. Elles repr\u00e9sentent une tr\u00e8s belle fresque sign\u00e9e par le mosa\u00efste Isidore Odorico, bien connu pour ses compositions color\u00e9es, visibles encore aujourd\u2019hui sur de nombreux immeubles et commerces de la capitale bretonne (piscine Saint-Georges\u2026).<\/p>\n<p style=\"text-align: justify;\" data-start=\"1181\" data-end=\"1813\">Pour comprendre toute la port\u00e9e de cette d\u00e9couverte, il faut remonter \u00e0 l\u2019histoire du lieu. Avant d\u2019abriter l\u2019enseigne Andr\u00e9, le 5, rue d\u2019Estr\u00e9es \u00e9tait le c\u00e9l\u00e8bre magasin \u00ab A la F\u00e9e \u00bb (source <a href=\"https:\/\/www.wiki-rennes.fr\/Rue_Ambroisine_Garnier-Leray?utm_source=chatgpt.com\" rel=\"nofollow noopener\" target=\"_blank\">wikirennes<\/a>). Cette maison, sp\u00e9cialis\u00e9e dans les fournitures pour la mode et la couture, mercerie, passementerie, soieries, rubans et dentelles, fut l\u2019une des adresses incontournables du centre rennais. On venait de loin pour s\u2019y approvisionner. \u00c0 une \u00e9poque o\u00f9 la concurrence \u00e9tait rude et o\u00f9 beaucoup de commerces familiaux disparaissaient, \u00ab A la F\u00e9e \u00bb s\u2019imposa par la qualit\u00e9 de son offre, l\u2019importance de ses stocks et un solide r\u00e9seau de couturi\u00e8res.<\/p>\n<p style=\"text-align: justify;\" data-start=\"1815\" data-end=\"2578\">\u00c0 l\u2019origine de cette r\u00e9ussite, une femme au parcours remarquable : Ambroisine Garnier-Leray. N\u00e9e \u00e0 Rennes en 1863, elle fonde en 1890 sa premi\u00e8re mercerie gr\u00e2ce \u00e0 un h\u00e9ritage familial. Avec son mari Julien Garnier, elle d\u00e9veloppe ensuite \u00ab A la F\u00e9e \u00bb rue d\u2019Estr\u00e9es, \u00e0 deux pas de l\u2019H\u00f4tel de Ville. Le commerce prosp\u00e8re au point d\u2019agrandir ses locaux. En 1927 et 1928, le magasin est enti\u00e8rement r\u00e9am\u00e9nag\u00e9. La devanture est repens\u00e9e avec une alliance \u00e9l\u00e9gante de marbre, de mosa\u00efques et de fer forg\u00e9.<\/p>\n<p style=\"text-align: justify;\" data-start=\"1815\" data-end=\"2578\">Les travaux sont alors confi\u00e9s \u00e0 Isidore Odorico, dont le talent contribue \u00e0 donner au lieu une identit\u00e9 visuelle forte et moderne. Ambroisine Garnier-Leray d\u00e9c\u00e8de malheureusement en 1928, peu apr\u00e8s ces transformations, sans profiter longtemps de cette nouvelle fa\u00e7ade.\u00a0Gr\u00e2ce \u00e0 la vigilance de la nouvelle propri\u00e9taire et \u00e0 l\u2019expertise de Daniel Enocq, un fragment du patrimoine de \u00ab A la F\u00e9e \u00bb refait surface. Une preuve suppl\u00e9mentaire que sous les enseignes contemporaines, la ville cache encore de pr\u00e9cieux t\u00e9moignages de son pass\u00e9.<\/p>\n<p data-start=\"1815\" data-end=\"2578\"><img fetchpriority=\"high\" decoding=\"async\" class=\"alignnone size-medium wp-image-110676\" src=\"data:image\/svg+xml,%3Csvg%20xmlns=\" http:=\"\" alt=\"\" width=\"337\" height=\"600\" data-wp-pid=\"110676\" data-lazy- data-lazy- data-lazy-src=\"https:\/\/www.europesays.com\/fr\/wp-content\/uploads\/2026\/02\/une1-337x600.jpg\"\/><\/p>\n<p style=\"text-align: justify;\">\u00a0<\/p>\n","protected":false},"excerpt":{"rendered":"Une belle surprise patrimoniale vient d\u2019appara\u00eetre en plein c\u0153ur de Rennes. \u00c0 l\u2019occasion de travaux men\u00e9s au 5,&hellip;\n","protected":false},"author":2,"featured_media":727278,"comment_status":"","ping_status":"","sticky":false,"template":"","format":"standard","meta":{"footnotes":"","_share_on_mastodon":"0"},"categories":[2821],"tags":[1111,11,829,1777,674,1011,27,12,584,25],"class_list":["post-727277","post","type-post","status-publish","format-standard","has-post-thumbnail","category-rennes","tag-actu","tag-actualites","tag-bretagne","tag-eu","tag-europe","tag-fr","tag-france","tag-news","tag-rennes","tag-republique-francaise"],"share_on_mastodon":{"url":"https:\/\/pubeurope.com\/@fr\/116052696892708753","error":""},"_links":{"self":[{"href":"https:\/\/www.europesays.com\/fr\/wp-json\/wp\/v2\/posts\/727277","targetHints":{"allow":["GET"]}}],"collection":[{"href":"https:\/\/www.europesays.com\/fr\/wp-json\/wp\/v2\/posts"}],"about":[{"href":"https:\/\/www.europesays.com\/fr\/wp-json\/wp\/v2\/types\/post"}],"author":[{"embeddable":true,"href":"https:\/\/www.europesays.com\/fr\/wp-json\/wp\/v2\/users\/2"}],"replies":[{"embeddable":true,"href":"https:\/\/www.europesays.com\/fr\/wp-json\/wp\/v2\/comments?post=727277"}],"version-history":[{"count":0,"href":"https:\/\/www.europesays.com\/fr\/wp-json\/wp\/v2\/posts\/727277\/revisions"}],"wp:featuredmedia":[{"embeddable":true,"href":"https:\/\/www.europesays.com\/fr\/wp-json\/wp\/v2\/media\/727278"}],"wp:attachment":[{"href":"https:\/\/www.europesays.com\/fr\/wp-json\/wp\/v2\/media?parent=727277"}],"wp:term":[{"taxonomy":"category","embeddable":true,"href":"https:\/\/www.europesays.com\/fr\/wp-json\/wp\/v2\/categories?post=727277"},{"taxonomy":"post_tag","embeddable":true,"href":"https:\/\/www.europesays.com\/fr\/wp-json\/wp\/v2\/tags?post=727277"}],"curies":[{"name":"wp","href":"https:\/\/api.w.org\/{rel}","templated":true}]}}