{"id":72739,"date":"2025-05-03T21:38:09","date_gmt":"2025-05-03T21:38:09","guid":{"rendered":"https:\/\/www.europesays.com\/fr\/72739\/"},"modified":"2025-05-03T21:38:09","modified_gmt":"2025-05-03T21:38:09","slug":"en-bretagne-pierre-henry-basset-finit-sur-une-bonne-note-actualite","status":"publish","type":"post","link":"https:\/\/www.europesays.com\/fr\/72739\/","title":{"rendered":"En Bretagne, Pierre-Henry Basset finit sur une bonne note &#8211; Actualit\u00e9"},"content":{"rendered":"<p style=\"text-align: justify;\">Pierre-Henry Basset a termin\u00e9 en beaut\u00e9 le Tour de Bretagne. Le soci\u00e9taire de XDS Astana Development Team est pass\u00e9 \u00e0 l\u2019offensive, ce jeudi lors de la derni\u00e8re \u00e9tape, dans le circuit final autour de Planco\u00ebt, \u00e0 25 kilom\u00e8tres du terme. \u201cJ\u2019ai souffert tout le Tour de Bretagne, je n\u2019\u00e9tais pas super bien. Il a fallu attendre la derni\u00e8re journ\u00e9e pour que \u00e7a aille mieux. J\u2019ai vu le gars de Lidl partir (Sebastien Grindley, NDLR), je savais qu\u2019il fallait que je le suive parce que les gars de cette \u00e9quipe sont toujours assez forts. Les jambes \u00e9taient bonnes, on est rentr\u00e9s sur l\u2019\u00e9chapp\u00e9e\u201c, raconte-t-il au micro de DirectVelo.<\/p>\n<p style=\"text-align: justify;\">Le Costarmoricain de 21 ans est revenu sur le groupe de t\u00eate, o\u00f9 figurait son co\u00e9quipier kazakh Daniil Marukhin. Puis le 4e du g\u00e9n\u00e9ral, Federico Savino (Soudal Quick-Step Devo Team), Eliott Boulet (Groupama-FDJ Continental) et Jean-Louis Le Ny ont \u00e9galement op\u00e9r\u00e9 la jonction peu apr\u00e8s. \u201c\u00c7a ne s\u2019entendait pas super bien non plus. Je n\u2019ai pas trop voulu faire d\u2019efforts, j\u2019ai d\u00e9j\u00e0 gagn\u00e9 (au Tour de Rhodes, <strong><a href=\"https:\/\/www.directvelo.com\/actualite\/119384\/pierre-henry-basset-jai-repense-a-lautre-fois\" target=\"_blank\" rel=\"noopener\">lire ici<\/a><\/strong>), j\u2019ai vraiment voulu tout miser sur la victoire d\u2019\u00e9tape\u201c.<\/p>\n<p style=\"text-align: justify;\"><strong>\u00ab J\u2019AI PRIS DU PLAISIR DEVANT MES SUPPORTERS \u00bb<\/strong><\/p>\n<p style=\"text-align: justify;\">Pierre-Henry Basset a \u00e9t\u00e9 repris \u00e0 la flamme rouge. \u201cJ\u2019ai perdu, mais je me suis amus\u00e9. J\u2019ai pris du plaisir devant mes supporters. Je leur ai fait plaisir, c\u2019\u00e9tait super sympa. Je suis content de bien finir ce Tour de Bretagne\u201c. Encore pr\u00e9sent \u00e0 l\u2019avant du peloton \u00e0 200 m\u00e8tres de l\u2019arriv\u00e9e, il s\u2019est ensuite relev\u00e9 et a d\u00fb finir \u00e0 pied apr\u00e8s avoir \u00e9t\u00e9 percut\u00e9 par un adversaire\u2026 \u201cQuelqu\u2019un a d\u00e9fonc\u00e9 ma roue arri\u00e8re et j\u2019ai fini \u00e0 pied. C\u2019est comme \u00e7a, je ne suis pas tomb\u00e9 d\u00e9j\u00e0, c\u2019est le principal et de toute fa\u00e7on, je n\u2019avais plus trop de jus pour le sprint apr\u00e8s avoir pass\u00e9 la fin de course \u00e0 l\u2019avant\u201c.<\/p>\n<p style=\"text-align: justify;\">22e au classement g\u00e9n\u00e9ral, l\u2019Espoir 2 termine plus loin que son petit fr\u00e8re Antoine qui \u00e9volue au VC Pays de Loud\u00e9ac (<strong><a href=\"https:\/\/www.directvelo.com\/actualite\/120153\/tour-de-bretagne-et-7-classements\" target=\"_blank\" rel=\"noopener\">voir ici<\/a><\/strong>). \u201cLe bilan est mitig\u00e9, vu que je n\u2019\u00e9tais pas super bien sur les premi\u00e8res \u00e9tapes, je n\u2019ai pas pu obtenir le meilleur g\u00e9n\u00e9ral possible. J\u2019ai essay\u00e9 de renverser \u00e7a sur la derni\u00e8re \u00e9tape, mais \u00e7a n\u2019a pas fonctionn\u00e9. Je suis content pour mon petit-fr\u00e8re qui a bien march\u00e9\u201c. \u00c0 la fin du mois de mai, le 2e du classement Espoirs Continental du Challenge DV va participer \u00e0 sa premi\u00e8re Coupe des Nations Espoirs, la Course de la Paix. L\u2019an pass\u00e9, il avait juste port\u00e9 le maillot de l\u2019\u00e9quipe de France \u00e0 l\u2019occasion du Championnat d\u2019Europe U23 en Belgique. \u201cJe vais bien m\u2019entra\u00eener pour et apr\u00e8s, il y aura le Giro Next Gen\u201c.<\/p>\n","protected":false},"excerpt":{"rendered":"Pierre-Henry Basset a termin\u00e9 en beaut\u00e9 le Tour de Bretagne. Le soci\u00e9taire de XDS Astana Development Team est&hellip;\n","protected":false},"author":2,"featured_media":72740,"comment_status":"","ping_status":"","sticky":false,"template":"","format":"standard","meta":{"footnotes":""},"categories":[1411],"tags":[834,828,836,829,837,827,83,826,824,823,1154,207,814,817,815,816,822,821,832,211,839,1011,27,820,818,819,835,831,830,833,838,60,212,208,825],"class_list":{"0":"post-72739","1":"post","2":"type-post","3":"status-publish","4":"format-standard","5":"has-post-thumbnail","7":"category-cyclisme","8":"tag-attaque","9":"tag-belgique","10":"tag-braquet","11":"tag-bretagne","12":"tag-chute","13":"tag-competition","14":"tag-coupe-de-france","15":"tag-coureur","16":"tag-course-cyclisme","17":"tag-course-cycliste","18":"tag-cycling","19":"tag-cyclisme","20":"tag-direct","21":"tag-direct-velo","22":"tag-directvelo","23":"tag-directvelo-com","24":"tag-epreuve","25":"tag-epreuve-cycliste","26":"tag-federation-francaise-de-cyclisme","27":"tag-ffc","28":"tag-flandres","29":"tag-fr","30":"tag-france","31":"tag-live","32":"tag-live-course","33":"tag-live-epreuve","34":"tag-peloton","35":"tag-radio-peloton","36":"tag-radio-tour","37":"tag-ravitaillement","38":"tag-relance","39":"tag-sports","40":"tag-uci","41":"tag-velo","42":"tag-velos"},"share_on_mastodon":{"url":"https:\/\/pubeurope.com\/@fr\/114446067584980799","error":""},"_links":{"self":[{"href":"https:\/\/www.europesays.com\/fr\/wp-json\/wp\/v2\/posts\/72739","targetHints":{"allow":["GET"]}}],"collection":[{"href":"https:\/\/www.europesays.com\/fr\/wp-json\/wp\/v2\/posts"}],"about":[{"href":"https:\/\/www.europesays.com\/fr\/wp-json\/wp\/v2\/types\/post"}],"author":[{"embeddable":true,"href":"https:\/\/www.europesays.com\/fr\/wp-json\/wp\/v2\/users\/2"}],"replies":[{"embeddable":true,"href":"https:\/\/www.europesays.com\/fr\/wp-json\/wp\/v2\/comments?post=72739"}],"version-history":[{"count":0,"href":"https:\/\/www.europesays.com\/fr\/wp-json\/wp\/v2\/posts\/72739\/revisions"}],"wp:featuredmedia":[{"embeddable":true,"href":"https:\/\/www.europesays.com\/fr\/wp-json\/wp\/v2\/media\/72740"}],"wp:attachment":[{"href":"https:\/\/www.europesays.com\/fr\/wp-json\/wp\/v2\/media?parent=72739"}],"wp:term":[{"taxonomy":"category","embeddable":true,"href":"https:\/\/www.europesays.com\/fr\/wp-json\/wp\/v2\/categories?post=72739"},{"taxonomy":"post_tag","embeddable":true,"href":"https:\/\/www.europesays.com\/fr\/wp-json\/wp\/v2\/tags?post=72739"}],"curies":[{"name":"wp","href":"https:\/\/api.w.org\/{rel}","templated":true}]}}