{"id":727440,"date":"2026-02-11T16:56:12","date_gmt":"2026-02-11T16:56:12","guid":{"rendered":"https:\/\/www.europesays.com\/fr\/727440\/"},"modified":"2026-02-11T16:56:12","modified_gmt":"2026-02-11T16:56:12","slug":"cette-collegiale-gothique-dile-de-france-est-vieille-de-plus-de-800-ans-et-elle-cache-un-tresor-lie-a-la-royaute","status":"publish","type":"post","link":"https:\/\/www.europesays.com\/fr\/727440\/","title":{"rendered":"Cette coll\u00e9giale gothique d&rsquo;\u00cele-de-France est vieille de plus de 800 ans et elle cache un tr\u00e9sor li\u00e9 \u00e0 la royaut\u00e9"},"content":{"rendered":"<p>\t\t\t\t\t\t\t\t\t\t\t\t\t\t\t\t\t\t\t\t\t\t<img loading=\"lazy\" decoding=\"async\" src=\"data:image\/svg+xml,%3Csvg%20xmlns=\" http:=\"\" class=\"img-fluid\" alt=\"coll\u00e9giale gothique\" width=\"1024\" height=\"683\" data-lazy-src=\"https:\/\/www.europesays.com\/fr\/wp-content\/uploads\/2026\/02\/COUV-ARTICLES-1620x1080-98-1024x683.jpg\"\/><\/p>\n<p>    Save<\/p>\n<p>\u00c0 l\u2019ouest de Paris, certaines villes de la vall\u00e9e de la Seine conservent un patrimoine discret mais charg\u00e9 d\u2019histoire. Apr\u00e8s Saint-Germain-en-Laye, Vernon ou encore <a href=\"https:\/\/parissecret.com\/collegiale-mantes-la-jolie\/\" rel=\"follow nofollow noopener\" target=\"_self\" class=\"shortcode-outbound-link\" data-has-ga=\"true\" data-ga-type=\"click\" data-label=\"https:\/\/parissecret.com\/collegiale-mantes-la-jolie\/\" data-action=\"text_cta_0\" data-category=\"click_internal\">Mantes-la-Jolie<\/a>, cap cette fois sur Poissy. Connue pour son pass\u00e9 royal et pour quelques monuments majeurs, la ville abrite en plein centre une \u00e9glise gothique qui a vu passer <strong>l\u2019un des rois les plus c\u00e9l\u00e8bres<\/strong> de France, la coll\u00e9giale Notre-Dame.<\/p>\n<p> Une coll\u00e9giale m\u00e9di\u00e9vale m\u00e9connue \u00e0 deux pas de Paris <\/p>\n<p>Situ\u00e9e sur la place principale, la coll\u00e9giale Notre-Dame de Poissy attire imm\u00e9diatement l\u2019attention avec <strong>sa tour-clocher massive<\/strong> et sa silhouette ancienne. Sa construction d\u00e9bute au XIIe si\u00e8cle, avant d\u2019\u00eatre compl\u00e9t\u00e9e et transform\u00e9e jusqu\u2019au XVIe si\u00e8cle. Ce long chantier explique le m\u00e9lange de styles que l\u2019on observe aujourd\u2019hui, <strong>entre \u00e9l\u00e9ments romans et gothiques<\/strong>. L\u2019\u00e9difice est surtout connu pour un \u00e9v\u00e9nement historique pr\u00e9cis. C\u2019est ici qu\u2019a \u00e9t\u00e9 baptis\u00e9 le futur roi Louis IX en 1214.<\/p>\n<p><img fetchpriority=\"high\" decoding=\"async\" class=\"alignnone size-full wp-image-234853\" src=\"data:image\/svg+xml,%3Csvg%20xmlns=\" http:=\"\" alt=\"coll\u00e9giale gothique\" width=\"1200\" height=\"800\" data-lazy- data-lazy- data-lazy-src=\"https:\/\/www.europesays.com\/fr\/wp-content\/uploads\/2026\/02\/COUV-ARTICLES-1620x1080-99.jpg\"\/><\/p>\n<p>\u00c0 l\u2019ext\u00e9rieur, la coll\u00e9giale pr\u00e9sente une architecture sobre, typique du gothique francilien. La tour carr\u00e9e, l\u00e9g\u00e8rement d\u00e9cal\u00e9e par rapport \u00e0 la fa\u00e7ade, donne au b\u00e2timent <strong>une allure presque fortifi\u00e9e<\/strong>. \u00c0 l\u2019int\u00e9rieur, la nef se d\u00e9ploie sous de grandes vo\u00fbtes gothiques. La lumi\u00e8re entre par les hautes fen\u00eatres et met en valeur les lignes simples de l\u2019architecture. Les chapelles lat\u00e9rales et les piliers t\u00e9moignent des diff\u00e9rentes phases de construction, ce qui donne \u00e0 l\u2019ensemble une certaine vari\u00e9t\u00e9 sans rompre l\u2019harmonie g\u00e9n\u00e9rale.<\/p>\n<p><a href=\"https:\/\/parissecret.com\/luminiscence-odyssee-celeste-eglise-saint-eustache\/\" rel=\"follow nofollow noopener\" target=\"_self\" class=\"shortcode-outbound-link\" data-has-ga=\"true\" data-ga-type=\"click\" data-label=\"https:\/\/parissecret.com\/luminiscence-odyssee-celeste-eglise-saint-eustache\/\" data-action=\"text_cta_1\" data-category=\"click_internal\">La coll\u00e9giale<\/a> se visite facilement lors d\u2019une balade dans le centre de Poissy. Le quartier m\u00eale rues commer\u00e7antes, petites places et acc\u00e8s <strong>aux bords de Seine<\/strong>. \u00c0 quelques minutes, on peut d\u2019ailleurs aussi rejoindre la Villa Savoye, l\u2019une des \u0153uvres les plus c\u00e9l\u00e8bres de Le Corbusier, qui \u00e9tait en lice pour repr\u00e9senter la France dans l\u2019\u00e9mission Le Monument Pr\u00e9f\u00e9r\u00e9 des Fran\u00e7ais en 2025.<\/p>\n<p><img loading=\"lazy\" decoding=\"async\" class=\"alignnone size-full wp-image-234854\" src=\"data:image\/svg+xml,%3Csvg%20xmlns=\" http:=\"\" alt=\"coll\u00e9giale gothique\" width=\"1200\" height=\"800\" data-lazy- data-lazy- data-lazy-src=\"https:\/\/www.europesays.com\/fr\/wp-content\/uploads\/2026\/02\/COUV-ARTICLES-1620x1080-100.jpg\"\/><\/p>\n<p>Accessible en RER ou en train depuis Paris, Poissy constitue une escapade simple pour une demi-journ\u00e9e. Entre histoire royale, patrimoine religieux et architecture moderne, la coll\u00e9giale Notre-Dame reste <strong>l\u2019un des monuments les plus embl\u00e9matiques de la ville<\/strong>.<\/p>\n<p>\ud83d\udccdColl\u00e9giale Notre-Dame de Poissy \u2013 8, rue de l\u2019\u00c9glise, Poissy<\/p>\n","protected":false},"excerpt":{"rendered":"Save \u00c0 l\u2019ouest de Paris, certaines villes de la vall\u00e9e de la Seine conservent un patrimoine discret mais&hellip;\n","protected":false},"author":2,"featured_media":727441,"comment_status":"","ping_status":"","sticky":false,"template":"","format":"standard","meta":{"footnotes":"","_share_on_mastodon":"0"},"categories":[1888],"tags":[11,1777,674,1011,27,12,626,25],"class_list":["post-727440","post","type-post","status-publish","format-standard","has-post-thumbnail","category-paris","tag-actualites","tag-eu","tag-europe","tag-fr","tag-france","tag-news","tag-paris","tag-republique-francaise"],"share_on_mastodon":{"url":"https:\/\/pubeurope.com\/@fr\/116053054975690255","error":""},"_links":{"self":[{"href":"https:\/\/www.europesays.com\/fr\/wp-json\/wp\/v2\/posts\/727440","targetHints":{"allow":["GET"]}}],"collection":[{"href":"https:\/\/www.europesays.com\/fr\/wp-json\/wp\/v2\/posts"}],"about":[{"href":"https:\/\/www.europesays.com\/fr\/wp-json\/wp\/v2\/types\/post"}],"author":[{"embeddable":true,"href":"https:\/\/www.europesays.com\/fr\/wp-json\/wp\/v2\/users\/2"}],"replies":[{"embeddable":true,"href":"https:\/\/www.europesays.com\/fr\/wp-json\/wp\/v2\/comments?post=727440"}],"version-history":[{"count":0,"href":"https:\/\/www.europesays.com\/fr\/wp-json\/wp\/v2\/posts\/727440\/revisions"}],"wp:featuredmedia":[{"embeddable":true,"href":"https:\/\/www.europesays.com\/fr\/wp-json\/wp\/v2\/media\/727441"}],"wp:attachment":[{"href":"https:\/\/www.europesays.com\/fr\/wp-json\/wp\/v2\/media?parent=727440"}],"wp:term":[{"taxonomy":"category","embeddable":true,"href":"https:\/\/www.europesays.com\/fr\/wp-json\/wp\/v2\/categories?post=727440"},{"taxonomy":"post_tag","embeddable":true,"href":"https:\/\/www.europesays.com\/fr\/wp-json\/wp\/v2\/tags?post=727440"}],"curies":[{"name":"wp","href":"https:\/\/api.w.org\/{rel}","templated":true}]}}