{"id":72754,"date":"2025-05-03T21:46:09","date_gmt":"2025-05-03T21:46:09","guid":{"rendered":"https:\/\/www.europesays.com\/fr\/72754\/"},"modified":"2025-05-03T21:46:09","modified_gmt":"2025-05-03T21:46:09","slug":"balance-ton-additif-comment-yuka-vous-demande-de-denoncer-les-ingredients-controverses-de-vos-aliments-favoris","status":"publish","type":"post","link":"https:\/\/www.europesays.com\/fr\/72754\/","title":{"rendered":"\u00ab\u00a0Balance Ton Additif\u00a0\u00bb : comment Yuka vous demande de d\u00e9noncer les ingr\u00e9dients controvers\u00e9s de vos aliments favoris"},"content":{"rendered":"<p>\t\t\t\t\t Donner aux consommateurs un vrai levier d\u2019action<\/p>\n<p class=\"\" data-start=\"1118\" data-end=\"1453\">Depuis son lancement, Yuka s\u2019est impos\u00e9e comme un acteur majeur de la transparence alimentaire. En scannant un produit, l\u2019utilisateur d\u00e9couvre une note globale, accompagn\u00e9e d\u2019un d\u00e9cryptage des ingr\u00e9dients. Si <a href=\"https:\/\/help.yuka.io\/l\/fr\/article\/emapfusi0n-r-capitulatif-des-changements-de-niveaux-de-risques-des-additifs\" rel=\"nofollow noopener\" target=\"_blank\">un <\/a><strong data-start=\"1330\" data-end=\"1416\"><a href=\"https:\/\/help.yuka.io\/l\/fr\/article\/emapfusi0n-r-capitulatif-des-changements-de-niveaux-de-risques-des-additifs\" rel=\"nofollow noopener\" target=\"_blank\">additif est jug\u00e9 \u00e0 risque<\/a> (nocif, perturbateur endocrinien, ou suspect\u00e9 de l\u2019\u00eatre)<\/strong>, l\u2019application l\u2019indique clairement.<\/p>\n<p class=\"\" data-start=\"1455\" data-end=\"1686\"><strong data-start=\"1455\" data-end=\"1577\">La nouveaut\u00e9 avec \u00ab\u00a0Balance Ton Additif\u00a0\u00bb, c\u2019est qu\u2019un simple clic permet de signaler ce probl\u00e8me \u00e0 la marque concern\u00e9e.<\/strong> L\u2019application envoie automatiquement un message au fabricant pour lui demander une reformulation du produit.<\/p>\n<p class=\"\" data-start=\"1688\" data-end=\"1784\"><strong data-start=\"1688\" data-end=\"1729\">Une d\u00e9marche collective et structur\u00e9e<\/strong>, qui transforme chaque acte d\u2019achat en geste militant.<\/p>\n<p> Quels sont les additifs vis\u00e9s par la campagne ?<\/p>\n<p class=\"\" data-start=\"1838\" data-end=\"2106\">Yuka a identifi\u00e9 une trentaine d\u2019additifs consid\u00e9r\u00e9s comme controvers\u00e9s, class\u00e9s selon leur niveau de risque scientifique connu ou pr\u00e9sum\u00e9. Ils sont r\u00e9guli\u00e8rement pr\u00e9sents dans des produits tr\u00e8s consomm\u00e9s, parfois m\u00eame dans des r\u00e9f\u00e9rences \u00e0 l\u2019image saine ou familiale.<\/p>\n<p>Tableau : Exemples d\u2019additifs cibl\u00e9s par Yuka<\/p>\n<tr data-start=\"2159\" data-end=\"2228\">\n<strong data-start=\"2161\" data-end=\"2172\">Additif<\/strong><br \/>\n<strong data-start=\"2175\" data-end=\"2183\">Code<\/strong><br \/>\n<strong data-start=\"2186\" data-end=\"2201\">Utilisation<\/strong><br \/>\n<strong data-start=\"2204\" data-end=\"2226\">Risques identifi\u00e9s<\/strong><br \/>\n<\/tr>\n<tr data-start=\"2302\" data-end=\"2426\">\n<td class=\"max-w-[calc(var(--thread-content-max-width)*2\/3)]\" data-start=\"2302\" data-end=\"2313\">Nitrites<\/td>\n<td class=\"max-w-[calc(var(--thread-content-max-width)*2\/3)]\" data-start=\"2313\" data-end=\"2326\">E249, E250<\/td>\n<td class=\"max-w-[calc(var(--thread-content-max-width)*2\/3)]\" data-start=\"2326\" data-end=\"2349\">Charcuterie, jambons<\/td>\n<td class=\"max-w-[calc(var(--thread-content-max-width)*2\/3)] min-w-[calc(var(--thread-content-max-width)\/3)]\" data-start=\"2349\" data-end=\"2426\">Risque accru de cancer colorectal (class\u00e9 canc\u00e9rog\u00e8ne probable par l\u2019OMS)<\/td>\n<\/tr>\n<tr data-start=\"2427\" data-end=\"2561\">\n<td class=\"max-w-[calc(var(--thread-content-max-width)*2\/3)]\" data-start=\"2427\" data-end=\"2447\">Dioxyde de titane<\/td>\n<td class=\"max-w-[calc(var(--thread-content-max-width)*2\/3)]\" data-start=\"2447\" data-end=\"2454\">E171<\/td>\n<td class=\"max-w-[calc(var(--thread-content-max-width)*2\/3)]\" data-start=\"2454\" data-end=\"2486\">Confiseries, gla\u00e7ages, sauces<\/td>\n<td class=\"max-w-[calc(var(--thread-content-max-width)*2\/3)] min-w-[calc(var(--thread-content-max-width)\/3)]\" data-start=\"2486\" data-end=\"2561\">Particules potentiellement canc\u00e9rog\u00e8nes, interdit en France depuis 2022<\/td>\n<\/tr>\n<tr data-start=\"2562\" data-end=\"2678\">\n<td class=\"max-w-[calc(var(--thread-content-max-width)*2\/3)]\" data-start=\"2562\" data-end=\"2574\">BHA \/ BHT<\/td>\n<td class=\"max-w-[calc(var(--thread-content-max-width)*2\/3)]\" data-start=\"2574\" data-end=\"2588\">E320 \/ E321<\/td>\n<td class=\"max-w-[calc(var(--thread-content-max-width)*2\/3)] min-w-[calc(var(--thread-content-max-width)\/3)]\" data-start=\"2588\" data-end=\"2638\">Conservateurs dans snacks, c\u00e9r\u00e9ales, margarines<\/td>\n<td class=\"max-w-[calc(var(--thread-content-max-width)*2\/3)]\" data-start=\"2638\" data-end=\"2678\">Perturbateurs endocriniens suspect\u00e9s<\/td>\n<\/tr>\n<tr data-start=\"2679\" data-end=\"2784\">\n<td class=\"max-w-[calc(var(--thread-content-max-width)*2\/3)]\" data-start=\"2679\" data-end=\"2695\">Carragh\u00e9nanes<\/td>\n<td class=\"max-w-[calc(var(--thread-content-max-width)*2\/3)]\" data-start=\"2695\" data-end=\"2702\">E407<\/td>\n<td class=\"max-w-[calc(var(--thread-content-max-width)*2\/3)]\" data-start=\"2702\" data-end=\"2744\">Texturants dans desserts lact\u00e9s, cr\u00e8mes<\/td>\n<td class=\"max-w-[calc(var(--thread-content-max-width)*2\/3)]\" data-start=\"2744\" data-end=\"2784\">Inflammations intestinales possibles<\/td>\n<\/tr>\n<tr data-start=\"2785\" data-end=\"2886\">\n<td class=\"max-w-[calc(var(--thread-content-max-width)*2\/3)]\" data-start=\"2785\" data-end=\"2796\">Sulfites<\/td>\n<td class=\"max-w-[calc(var(--thread-content-max-width)*2\/3)]\" data-start=\"2796\" data-end=\"2810\">E220 \u00e0 E228<\/td>\n<td class=\"max-w-[calc(var(--thread-content-max-width)*2\/3)]\" data-start=\"2810\" data-end=\"2843\">Vins, fruits secs, charcuterie<\/td>\n<td class=\"max-w-[calc(var(--thread-content-max-width)*2\/3)]\" data-start=\"2843\" data-end=\"2886\">Risques allergiques, troubles digestifs<\/td>\n<\/tr>\n<p class=\"\" data-start=\"2888\" data-end=\"3125\">Ce tableau n\u2019est qu\u2019un extrait : <strong data-start=\"2921\" data-end=\"3006\">les additifs vis\u00e9s sont pr\u00e9sents dans une multitude de produits ultra-transform\u00e9s<\/strong>, de la soupe en brique au biscuit pour enfants. Ce sont pr\u00e9cis\u00e9ment ces usages banalis\u00e9s que Yuka souhaite interroger.<\/p>\n<p> Une campagne d\u00e9j\u00e0 suivie d\u2019effets<\/p>\n<p class=\"\" data-start=\"3165\" data-end=\"3459\">Loin d\u2019\u00eatre symbolique, l\u2019outil \u00ab\u00a0Balance Ton Additif\u00a0\u00bb a d\u00e9j\u00e0 port\u00e9 ses fruits. Plusieurs marques ont modifi\u00e9 leurs recettes suite \u00e0 un <strong data-start=\"3300\" data-end=\"3345\">nombre important de demandes utilisateurs<\/strong>. En reformulant certains produits, elles montrent qu\u2019un dialogue est possible entre consommateurs et industriels.<\/p>\n<p class=\"\" data-start=\"3461\" data-end=\"3677\">Par exemple, <strong data-start=\"3474\" data-end=\"3550\">la marque Herta a retir\u00e9 les nitrites de plusieurs r\u00e9f\u00e9rences de jambons<\/strong>, et <strong data-start=\"3555\" data-end=\"3615\">Bjorg a revu la composition de ses c\u00e9r\u00e9ales pour enfants<\/strong> apr\u00e8s de nombreux signalements concernant la pr\u00e9sence de BHA.<\/p>\n<p class=\"\" data-start=\"3679\" data-end=\"3871\">Yuka revendique plusieurs dizaines de milliers de demandes envoy\u00e9es depuis le lancement de la fonctionnalit\u00e9, prouvant que <strong data-start=\"3802\" data-end=\"3870\">le pouvoir du collectif peut agir comme levier de transformation<\/strong>.<\/p>\n<p> Pourquoi cette approche est diff\u00e9rente ?<\/p>\n<p class=\"\" data-start=\"3918\" data-end=\"4184\">Ce qui distingue \u00ab\u00a0Balance Ton Additif\u00a0\u00bb, c\u2019est <strong data-start=\"3964\" data-end=\"3994\">l\u2019action directe et cibl\u00e9e<\/strong>. Plut\u00f4t que de boycotter ou de d\u00e9noncer publiquement, <strong data-start=\"4049\" data-end=\"4102\">l\u2019utilisateur entre dans une logique constructive<\/strong>. Il ne s\u2019agit pas de stigmatiser une marque, mais de <strong data-start=\"4156\" data-end=\"4183\">l\u2019inviter \u00e0 faire mieux<\/strong>.<\/p>\n<p class=\"\" data-start=\"4186\" data-end=\"4385\">Ce m\u00e9canisme repose sur une conviction : <strong data-start=\"4227\" data-end=\"4265\">les marques r\u00e9pondent \u00e0 la demande<\/strong>, et si celle-ci est claire, document\u00e9e et massive, <strong data-start=\"4317\" data-end=\"4385\">le changement devient une \u00e9vidence \u00e9conomique autant qu\u2019\u00e9thique.<\/strong><\/p>\n<p> Une vigilance \u00e0 entretenir dans la dur\u00e9e<\/p>\n<p class=\"\" data-start=\"4432\" data-end=\"4758\">Pour autant, tout ne repose pas sur les outils num\u00e9riques. <strong data-start=\"4491\" data-end=\"4568\">Lire les \u00e9tiquettes, comprendre la liste des ingr\u00e9dients, rester critique<\/strong> face aux packagings attrayants sont des gestes essentiels. <strong data-start=\"4628\" data-end=\"4707\">Les applications comme Yuka ne remplacent pas la conscience du consommateur<\/strong>, elles la prolongent, en la rendant plus concr\u00e8te.<\/p>\n<p class=\"\" data-start=\"4760\" data-end=\"5087\"><strong data-start=\"4760\" data-end=\"4839\">L\u2019ultra-transformation des aliments reste un enjeu majeur de sant\u00e9 publique<\/strong>, en particulier pour les publics fragiles : enfants, seniors, personnes atteintes de maladies chroniques. L\u2019objectif n\u2019est pas de rejeter tous les produits industriels, mais de <strong data-start=\"5017\" data-end=\"5087\">choisir ceux qui respectent davantage le corps et l\u2019environnement.<\/strong><\/p>\n<p> Vers une alimentation plus propre\u2026 ensemble<\/p>\n<p class=\"\" data-start=\"5137\" data-end=\"5377\">La campagne \u00ab\u00a0Balance Ton Additif\u00a0\u00bb est <strong data-start=\"5175\" data-end=\"5240\">une invitation \u00e0 reprendre la main sur ce que nous consommons<\/strong>. Elle montre que <strong data-start=\"5258\" data-end=\"5308\">l\u2019influence ne passe pas seulement par l\u2019achat<\/strong>, mais aussi par la parole, le signalement, la volont\u00e9 de changement.<\/p>\n<p class=\"\" data-start=\"5379\" data-end=\"5619\">Si la responsabilit\u00e9 premi\u00e8re revient aux industriels, <strong data-start=\"5434\" data-end=\"5507\">les consommateurs ont aujourd\u2019hui les moyens de peser dans la balance<\/strong>. Et ce pouvoir-l\u00e0, utilis\u00e9 \u00e0 bon escient, peut transformer profond\u00e9ment ce que nous mettons dans nos assiettes.<\/p>\n","protected":false},"excerpt":{"rendered":"Donner aux consommateurs un vrai levier d\u2019action Depuis son lancement, Yuka s\u2019est impos\u00e9e comme un acteur majeur de&hellip;\n","protected":false},"author":2,"featured_media":72755,"comment_status":"","ping_status":"","sticky":false,"template":"","format":"standard","meta":{"footnotes":""},"categories":[10],"tags":[17638,6409,1011,27,72,10176,56,71,14205],"class_list":{"0":"post-72754","1":"post","2":"type-post","3":"status-publish","4":"format-standard","5":"has-post-thumbnail","7":"category-sante","8":"tag-additifs","9":"tag-consommateurs","10":"tag-fr","11":"tag-france","12":"tag-health","13":"tag-marques","14":"tag-push","15":"tag-sante","16":"tag-yuka"},"share_on_mastodon":{"url":"https:\/\/pubeurope.com\/@fr\/114446098980062959","error":""},"_links":{"self":[{"href":"https:\/\/www.europesays.com\/fr\/wp-json\/wp\/v2\/posts\/72754","targetHints":{"allow":["GET"]}}],"collection":[{"href":"https:\/\/www.europesays.com\/fr\/wp-json\/wp\/v2\/posts"}],"about":[{"href":"https:\/\/www.europesays.com\/fr\/wp-json\/wp\/v2\/types\/post"}],"author":[{"embeddable":true,"href":"https:\/\/www.europesays.com\/fr\/wp-json\/wp\/v2\/users\/2"}],"replies":[{"embeddable":true,"href":"https:\/\/www.europesays.com\/fr\/wp-json\/wp\/v2\/comments?post=72754"}],"version-history":[{"count":0,"href":"https:\/\/www.europesays.com\/fr\/wp-json\/wp\/v2\/posts\/72754\/revisions"}],"wp:featuredmedia":[{"embeddable":true,"href":"https:\/\/www.europesays.com\/fr\/wp-json\/wp\/v2\/media\/72755"}],"wp:attachment":[{"href":"https:\/\/www.europesays.com\/fr\/wp-json\/wp\/v2\/media?parent=72754"}],"wp:term":[{"taxonomy":"category","embeddable":true,"href":"https:\/\/www.europesays.com\/fr\/wp-json\/wp\/v2\/categories?post=72754"},{"taxonomy":"post_tag","embeddable":true,"href":"https:\/\/www.europesays.com\/fr\/wp-json\/wp\/v2\/tags?post=72754"}],"curies":[{"name":"wp","href":"https:\/\/api.w.org\/{rel}","templated":true}]}}