{"id":727549,"date":"2026-02-11T18:05:14","date_gmt":"2026-02-11T18:05:14","guid":{"rendered":"https:\/\/www.europesays.com\/fr\/727549\/"},"modified":"2026-02-11T18:05:14","modified_gmt":"2026-02-11T18:05:14","slug":"tgv-inoui-met-leurope-sur-les-rails-avec-rosa-paris-image","status":"publish","type":"post","link":"https:\/\/www.europesays.com\/fr\/727549\/","title":{"rendered":"TGV INOUI met l\u2019Europe sur les rails avec Rosa Paris &#8211; Image"},"content":{"rendered":"<p>TGV INOUI lance une nouvelle campagne con\u00e7ue avec l\u2019agence Rosa Paris pour valoriser ses grandes destinations europ\u00e9ennes. L\u2019id\u00e9e repose sur des visuels o\u00f9 un \u00e9l\u00e9ment repr\u00e9sentatif de chaque destination &#8211; un monument, un paysage &#8211; se d\u00e9tache d\u2019un d\u00e9cor flou, sugg\u00e9rant la vitesse du train. Cette approche cherche \u00e0 traduire l\u2019exp\u00e9rience du voyage, o\u00f9 la vitesse devient un vecteur de perception et d\u2019\u00e9motion.\n<\/p>\n<p>La campagne, qui met en avant des destinations telles que l\u2019Italie, la Suisse, l\u2019Allemagne, le Luxembourg et Paris, sera compl\u00e9t\u00e9e prochainement par l\u2019Espagne et la Belgique. Elle sera d\u00e9ploy\u00e9e \u00e0 partir de mars 2026 sur l\u2019ensemble des supports print, DOOH, display et r\u00e9seaux sociaux, en France et \u00e0 l\u2019international. Avec cette prise de parole, TGV INOUI entend renforcer la notori\u00e9t\u00e9 de ses destinations et montrer que le trajet, en lui-m\u00eame, peut devenir un moment d\u2019\u00e9vasion.<\/p>\n<p>                 <img fetchpriority=\"high\" decoding=\"async\" loading=\"eager\"   width=\"800\" height=\"566\" src=\"https:\/\/www.europesays.com\/fr\/wp-content\/uploads\/2026\/02\/1770833112_915_4x3_TGVINOUI_EUROPE_Suisse_V2.jpg\" alt=\"TGV INOUI met l\u2019Europe sur les rails avec Rosa Paris\" title=\"TGV INOUI met l\u2019Europe sur les rails avec Rosa Paris\" typeof=\"foaf:Image\"\/><\/p>\n<p>                 <img decoding=\"async\" loading=\"eager\"   width=\"800\" height=\"566\" src=\"https:\/\/www.europesays.com\/fr\/wp-content\/uploads\/2026\/02\/1770833113_399_4x3_TGVINOUI_EUROPE_Luxembourg.jpg\" alt=\"TGV INOUI met l\u2019Europe sur les rails avec Rosa Paris\" title=\"TGV INOUI met l\u2019Europe sur les rails avec Rosa Paris\" typeof=\"foaf:Image\"\/><\/p>\n<p>                 <img decoding=\"async\" loading=\"eager\"   width=\"800\" height=\"566\" src=\"https:\/\/www.europesays.com\/fr\/wp-content\/uploads\/2026\/02\/1770833113_452_4x3_TGVINOUI_EUROPE_Italie.jpg\" alt=\"TGV INOUI met l\u2019Europe sur les rails avec Rosa Paris\" title=\"TGV INOUI met l\u2019Europe sur les rails avec Rosa Paris\" typeof=\"foaf:Image\"\/><\/p>\n<p>                 <img decoding=\"async\" loading=\"eager\"   width=\"800\" height=\"566\" src=\"https:\/\/www.europesays.com\/fr\/wp-content\/uploads\/2026\/02\/1770833114_589_4x3_TGVINOUI_EUROPE_France.jpg\" alt=\"TGV INOUI met l\u2019Europe sur les rails avec Rosa Paris\" title=\"TGV INOUI met l\u2019Europe sur les rails avec Rosa Paris\" typeof=\"foaf:Image\"\/><\/p>\n","protected":false},"excerpt":{"rendered":"TGV INOUI lance une nouvelle campagne con\u00e7ue avec l\u2019agence Rosa Paris pour valoriser ses grandes destinations europ\u00e9ennes. L\u2019id\u00e9e&hellip;\n","protected":false},"author":2,"featured_media":727550,"comment_status":"","ping_status":"","sticky":false,"template":"","format":"standard","meta":{"footnotes":"","_share_on_mastodon":"0"},"categories":[1888],"tags":[1111,1928,11,1927,1777,674,1011,27,12,1926,626,1925,25],"class_list":["post-727549","post","type-post","status-publish","format-standard","has-post-thumbnail","category-paris","tag-actu","tag-actu-paris","tag-actualites","tag-actualites-paris","tag-eu","tag-europe","tag-fr","tag-france","tag-news","tag-news-paris","tag-paris","tag-paris-news","tag-republique-francaise"],"share_on_mastodon":{"url":"https:\/\/pubeurope.com\/@fr\/116053326356824862","error":""},"_links":{"self":[{"href":"https:\/\/www.europesays.com\/fr\/wp-json\/wp\/v2\/posts\/727549","targetHints":{"allow":["GET"]}}],"collection":[{"href":"https:\/\/www.europesays.com\/fr\/wp-json\/wp\/v2\/posts"}],"about":[{"href":"https:\/\/www.europesays.com\/fr\/wp-json\/wp\/v2\/types\/post"}],"author":[{"embeddable":true,"href":"https:\/\/www.europesays.com\/fr\/wp-json\/wp\/v2\/users\/2"}],"replies":[{"embeddable":true,"href":"https:\/\/www.europesays.com\/fr\/wp-json\/wp\/v2\/comments?post=727549"}],"version-history":[{"count":0,"href":"https:\/\/www.europesays.com\/fr\/wp-json\/wp\/v2\/posts\/727549\/revisions"}],"wp:featuredmedia":[{"embeddable":true,"href":"https:\/\/www.europesays.com\/fr\/wp-json\/wp\/v2\/media\/727550"}],"wp:attachment":[{"href":"https:\/\/www.europesays.com\/fr\/wp-json\/wp\/v2\/media?parent=727549"}],"wp:term":[{"taxonomy":"category","embeddable":true,"href":"https:\/\/www.europesays.com\/fr\/wp-json\/wp\/v2\/categories?post=727549"},{"taxonomy":"post_tag","embeddable":true,"href":"https:\/\/www.europesays.com\/fr\/wp-json\/wp\/v2\/tags?post=727549"}],"curies":[{"name":"wp","href":"https:\/\/api.w.org\/{rel}","templated":true}]}}