{"id":727553,"date":"2026-02-11T18:07:14","date_gmt":"2026-02-11T18:07:14","guid":{"rendered":"https:\/\/www.europesays.com\/fr\/727553\/"},"modified":"2026-02-11T18:07:14","modified_gmt":"2026-02-11T18:07:14","slug":"un-homme-arme-dun-couteau-menace-un-chauffeur-de-bus-a-paris-la-police-tire","status":"publish","type":"post","link":"https:\/\/www.europesays.com\/fr\/727553\/","title":{"rendered":"Un homme arm\u00e9 d\u2019un couteau menace un chauffeur de bus \u00e0 Paris, la police tire"},"content":{"rendered":"<p>Un homme arm\u00e9 d\u2019un couteau a menac\u00e9 \u00e0 Paris un chauffeur de bus et a \u00e9t\u00e9 gri\u00e8vement bless\u00e9 par un tir de la police venue le ma\u00eetriser, mercredi 11\u00a0f\u00e9vrier 2026 en fin d\u2019apr\u00e8s-midi.\u00a0L\u2019homme, touch\u00e9 \u00e0 l\u2019abdomen par le tir policier, a \u00e9t\u00e9 transport\u00e9 \u00e0 l\u2019h\u00f4pital, a assur\u00e9 la pr\u00e9fecture de police. Son pronostic vital est engag\u00e9, selon la m\u00eame source.<\/p>\n<p>Les faits, dont l\u2019encha\u00eenement demeure flou, se sont produits en fin d\u2019apr\u00e8s-midi \u00e0 la limite des Ve et XIIIe arrondissements.\u00a0Tout a commenc\u00e9 par une altercation avec un chauffeur de bus pour une raison encore inconnue.\u00a0Selon les premiers \u00e9l\u00e9ments, l\u2019agresseur a ensuite menac\u00e9 le conducteur avec un couteau. Ce dernier a r\u00e9ussi \u00e0 fermer les portes de son v\u00e9hicule pour \u00e9viter une intrusion de l\u2019agresseur et a pr\u00e9venu la police. Les policiers ont tir\u00e9 sur l\u2019homme arm\u00e9, qui se pr\u00e9cipitait vers eux.<\/p>\n<p>Police et militaires de Sentinelle<\/p>\n<p>Une dizaine de v\u00e9hicules de police \u00e9taient pr\u00e9sents sur place vers 17\u00a0h\u00a030, et le lieu des faits boucl\u00e9 par de la rubalise, des militaires de Sentinelle et des policiers emp\u00eachant les badauds d\u2019approcher.\u00a0En outre, quatre v\u00e9hicules de pompiers et une ambulance ont \u00e9t\u00e9 d\u00e9p\u00each\u00e9s.\u00a0Une couverture de survie \u00e9tait visible sous un abri de bus.<\/p>\n","protected":false},"excerpt":{"rendered":"Un homme arm\u00e9 d\u2019un couteau a menac\u00e9 \u00e0 Paris un chauffeur de bus et a \u00e9t\u00e9 gri\u00e8vement bless\u00e9&hellip;\n","protected":false},"author":2,"featured_media":727554,"comment_status":"","ping_status":"","sticky":false,"template":"","format":"standard","meta":{"footnotes":"","_share_on_mastodon":"0"},"categories":[1888],"tags":[328,11,7048,1777,674,274,1011,27,329,12,626,1072,25,800],"class_list":["post-727553","post","type-post","status-publish","format-standard","has-post-thumbnail","category-paris","tag-a-la-une","tag-actualites","tag-bus","tag-eu","tag-europe","tag-faits-divers-justice","tag-fr","tag-france","tag-france-monde","tag-news","tag-paris","tag-police","tag-republique-francaise","tag-transports"],"share_on_mastodon":{"url":"https:\/\/pubeurope.com\/@fr\/116053334015059632","error":""},"_links":{"self":[{"href":"https:\/\/www.europesays.com\/fr\/wp-json\/wp\/v2\/posts\/727553","targetHints":{"allow":["GET"]}}],"collection":[{"href":"https:\/\/www.europesays.com\/fr\/wp-json\/wp\/v2\/posts"}],"about":[{"href":"https:\/\/www.europesays.com\/fr\/wp-json\/wp\/v2\/types\/post"}],"author":[{"embeddable":true,"href":"https:\/\/www.europesays.com\/fr\/wp-json\/wp\/v2\/users\/2"}],"replies":[{"embeddable":true,"href":"https:\/\/www.europesays.com\/fr\/wp-json\/wp\/v2\/comments?post=727553"}],"version-history":[{"count":0,"href":"https:\/\/www.europesays.com\/fr\/wp-json\/wp\/v2\/posts\/727553\/revisions"}],"wp:featuredmedia":[{"embeddable":true,"href":"https:\/\/www.europesays.com\/fr\/wp-json\/wp\/v2\/media\/727554"}],"wp:attachment":[{"href":"https:\/\/www.europesays.com\/fr\/wp-json\/wp\/v2\/media?parent=727553"}],"wp:term":[{"taxonomy":"category","embeddable":true,"href":"https:\/\/www.europesays.com\/fr\/wp-json\/wp\/v2\/categories?post=727553"},{"taxonomy":"post_tag","embeddable":true,"href":"https:\/\/www.europesays.com\/fr\/wp-json\/wp\/v2\/tags?post=727553"}],"curies":[{"name":"wp","href":"https:\/\/api.w.org\/{rel}","templated":true}]}}