{"id":727646,"date":"2026-02-11T19:04:09","date_gmt":"2026-02-11T19:04:09","guid":{"rendered":"https:\/\/www.europesays.com\/fr\/727646\/"},"modified":"2026-02-11T19:04:09","modified_gmt":"2026-02-11T19:04:09","slug":"immobilier-professionnel-le-groupe-kardham-remporte-un-contrat-avec-airbus","status":"publish","type":"post","link":"https:\/\/www.europesays.com\/fr\/727646\/","title":{"rendered":"Immobilier professionnel. Le groupe Kardham remporte un contrat avec Airbus"},"content":{"rendered":"<p>Le groupe Kardham, acteur toulousain de l\u2019immobilier professionnel, annonce avoir remport\u00e9 le contrat de \u201cspace management\u201d d\u2019Airbus. Kardham devient ainsi le partenaire privil\u00e9gi\u00e9 du constructeur a\u00e9ronautique europ\u00e9en pour la transformation de ses espaces de travail sur ses principaux sites de Toulouse, Marignane, La Ciotat, Vitrolles, Elancourt et Le Bourget.<\/p>\n<p>Les demandes peuvent aller de la cr\u00e9ation d\u2019une salle de r\u00e9union \u00e0 la r\u00e9organisation compl\u00e8te de plateaux de bureaux de plusieurs milliers de m\u00e8tres carr\u00e9s, en passant par un transfert d\u2019\u00e9quipes ou l\u2019achat pur de mobilier sans travaux. Les sites Airbus concern\u00e9s par ce contrat repr\u00e9sentent environ 600 b\u00e2timents et plus de 2 millions de m\u00e8tres carr\u00e9s \u00e0 g\u00e9rer. Kardham revendique 650 collaborateurs et plus de 2000 projets par an.<\/p>\n","protected":false},"excerpt":{"rendered":"Le groupe Kardham, acteur toulousain de l\u2019immobilier professionnel, annonce avoir remport\u00e9 le contrat de \u201cspace management\u201d d\u2019Airbus. Kardham&hellip;\n","protected":false},"author":2,"featured_media":373637,"comment_status":"","ping_status":"","sticky":false,"template":"","format":"standard","meta":{"footnotes":"","_share_on_mastodon":"0"},"categories":[2816],"tags":[1111,11,36,1350,1777,674,1011,27,1116,12,2680,25,2312],"class_list":["post-727646","post","type-post","status-publish","format-standard","has-post-thumbnail","category-toulouse","tag-actu","tag-actualites","tag-airbus","tag-architecture","tag-eu","tag-europe","tag-fr","tag-france","tag-immobilier","tag-news","tag-occitanie","tag-republique-francaise","tag-toulouse"],"share_on_mastodon":{"url":"https:\/\/pubeurope.com\/@fr\/116053558246555838","error":""},"_links":{"self":[{"href":"https:\/\/www.europesays.com\/fr\/wp-json\/wp\/v2\/posts\/727646","targetHints":{"allow":["GET"]}}],"collection":[{"href":"https:\/\/www.europesays.com\/fr\/wp-json\/wp\/v2\/posts"}],"about":[{"href":"https:\/\/www.europesays.com\/fr\/wp-json\/wp\/v2\/types\/post"}],"author":[{"embeddable":true,"href":"https:\/\/www.europesays.com\/fr\/wp-json\/wp\/v2\/users\/2"}],"replies":[{"embeddable":true,"href":"https:\/\/www.europesays.com\/fr\/wp-json\/wp\/v2\/comments?post=727646"}],"version-history":[{"count":0,"href":"https:\/\/www.europesays.com\/fr\/wp-json\/wp\/v2\/posts\/727646\/revisions"}],"wp:featuredmedia":[{"embeddable":true,"href":"https:\/\/www.europesays.com\/fr\/wp-json\/wp\/v2\/media\/373637"}],"wp:attachment":[{"href":"https:\/\/www.europesays.com\/fr\/wp-json\/wp\/v2\/media?parent=727646"}],"wp:term":[{"taxonomy":"category","embeddable":true,"href":"https:\/\/www.europesays.com\/fr\/wp-json\/wp\/v2\/categories?post=727646"},{"taxonomy":"post_tag","embeddable":true,"href":"https:\/\/www.europesays.com\/fr\/wp-json\/wp\/v2\/tags?post=727646"}],"curies":[{"name":"wp","href":"https:\/\/api.w.org\/{rel}","templated":true}]}}