{"id":727664,"date":"2026-02-11T19:15:14","date_gmt":"2026-02-11T19:15:14","guid":{"rendered":"https:\/\/www.europesays.com\/fr\/727664\/"},"modified":"2026-02-11T19:15:14","modified_gmt":"2026-02-11T19:15:14","slug":"paris-des-policiers-ouvrent-le-feu-sur-un-homme-arme-dun-couteau-et-menacant-dans-le-13e-arrondissement","status":"publish","type":"post","link":"https:\/\/www.europesays.com\/fr\/727664\/","title":{"rendered":"Paris : des policiers ouvrent le feu sur un homme arm\u00e9 d&rsquo;un couteau et mena\u00e7ant dans le 13e arrondissement"},"content":{"rendered":"<p class=\"mb-4 text-lg md:leading-8 break-words\">Un homme <a data-i13n=\"cpos:1;pos:1\" href=\"https:\/\/www.parismatch.com\/actu\/faits-divers\/paris-un-policier-ouvre-le-feu-sur-un-homme-arme-dun-couteau-a-la-gare-montparnasse-260161\" rel=\"nofollow noopener\" target=\"_blank\" data-ylk=\"slk:arm\u00e9 d\u2019un couteau;cpos:1;pos:1;elm:context_link;itc:0;sec:content-canvas\" class=\"link \">arm\u00e9 d\u2019un couteau<\/a> et qui s\u2019est montr\u00e9 mena\u00e7ant a \u00e9t\u00e9 bless\u00e9 par balles ce mercredi 11 f\u00e9vrier aux alentours de 17 heures dans le 13e arrondissement de Paris, a appris Paris Match de sources concordantes. Les faits se sont d\u00e9roul\u00e9s au niveau du boulevard Saint-Marcel, \u00e0 proximit\u00e9 d\u2019un arr\u00eat de bus.<\/p>\n<p>Un chauffeur de bus a alert\u00e9 sur une agression au couteau<\/p>\n<p class=\"mb-4 text-lg md:leading-8 break-words\">\u00c0 l&rsquo;origine, c\u2019est un chauffeur de bus qui a alert\u00e9 les autorit\u00e9s concernant des menaces sur des usagers. Puis l\u2019homme, qui venait de quitter le v\u00e9hicule, est revenu quelques instants plus tard pour menacer le conducteur.<\/p>\n<p class=\"mb-4 text-lg md:leading-8 break-words\">\u00c0 l\u2019arriv\u00e9e de l\u2019\u00e9quipage de police sur place, le suspect s\u2019est montr\u00e9 mena\u00e7ant avec les fonctionnaires. Ces derniers ont ouvert le feu \u00e0 quatre reprises, le blessant lourdement. Pour le moment, l\u2019\u00e9tat de sant\u00e9 de l\u2019homme n\u2019est pas encore connu. Contact\u00e9, le parquet de Paris n\u2019a pas encore r\u00e9pondu \u00e0 nos demandes de sollicitation.<\/p>\n<p class=\"mb-4 text-lg md:leading-8 break-words\"><a data-i13n=\"cpos:2;pos:1\" href=\"https:\/\/www.parismatch.com\/actu\/faits-divers\/paris-des-policiers-ouvrent-le-feu-sur-un-homme-arme-dun-couteau-et-menacant-dans-le-13e-arrondissement-264368?at_medium=affiliate&amp;at_campaign=Yahoo\" rel=\"nofollow noopener\" target=\"_blank\" data-ylk=\"slk:Retrouvez cet article sur ParisMatch;cpos:2;pos:1;elm:context_link;itc:0;sec:content-canvas\" class=\"link \">Retrouvez cet article sur ParisMatch<\/a><\/p>\n","protected":false},"excerpt":{"rendered":"Un homme arm\u00e9 d\u2019un couteau et qui s\u2019est montr\u00e9 mena\u00e7ant a \u00e9t\u00e9 bless\u00e9 par balles ce mercredi 11&hellip;\n","protected":false},"author":2,"featured_media":727665,"comment_status":"","ping_status":"","sticky":false,"template":"","format":"standard","meta":{"footnotes":"","_share_on_mastodon":"0"},"categories":[1888],"tags":[70277,1111,1928,11,1927,81726,81725,1777,674,1011,27,12,1926,626,1925,25,81724],"class_list":["post-727664","post","type-post","status-publish","format-standard","has-post-thumbnail","category-paris","tag-13e-arrondissement-de-paris","tag-actu","tag-actu-paris","tag-actualites","tag-actualites-paris","tag-arret-de-bus","tag-chauffeur-de-bus","tag-eu","tag-europe","tag-fr","tag-france","tag-news","tag-news-paris","tag-paris","tag-paris-news","tag-republique-francaise","tag-sante-de-lhomme"],"share_on_mastodon":{"url":"https:\/\/pubeurope.com\/@fr\/116053601525361102","error":""},"_links":{"self":[{"href":"https:\/\/www.europesays.com\/fr\/wp-json\/wp\/v2\/posts\/727664","targetHints":{"allow":["GET"]}}],"collection":[{"href":"https:\/\/www.europesays.com\/fr\/wp-json\/wp\/v2\/posts"}],"about":[{"href":"https:\/\/www.europesays.com\/fr\/wp-json\/wp\/v2\/types\/post"}],"author":[{"embeddable":true,"href":"https:\/\/www.europesays.com\/fr\/wp-json\/wp\/v2\/users\/2"}],"replies":[{"embeddable":true,"href":"https:\/\/www.europesays.com\/fr\/wp-json\/wp\/v2\/comments?post=727664"}],"version-history":[{"count":0,"href":"https:\/\/www.europesays.com\/fr\/wp-json\/wp\/v2\/posts\/727664\/revisions"}],"wp:featuredmedia":[{"embeddable":true,"href":"https:\/\/www.europesays.com\/fr\/wp-json\/wp\/v2\/media\/727665"}],"wp:attachment":[{"href":"https:\/\/www.europesays.com\/fr\/wp-json\/wp\/v2\/media?parent=727664"}],"wp:term":[{"taxonomy":"category","embeddable":true,"href":"https:\/\/www.europesays.com\/fr\/wp-json\/wp\/v2\/categories?post=727664"},{"taxonomy":"post_tag","embeddable":true,"href":"https:\/\/www.europesays.com\/fr\/wp-json\/wp\/v2\/tags?post=727664"}],"curies":[{"name":"wp","href":"https:\/\/api.w.org\/{rel}","templated":true}]}}