{"id":727666,"date":"2026-02-11T19:16:13","date_gmt":"2026-02-11T19:16:13","guid":{"rendered":"https:\/\/www.europesays.com\/fr\/727666\/"},"modified":"2026-02-11T19:16:13","modified_gmt":"2026-02-11T19:16:13","slug":"cocktails-aux-pesticides-drapeaux-et-slogans-a-paris-le-combat-continue-contre-la-loi-duplomb","status":"publish","type":"post","link":"https:\/\/www.europesays.com\/fr\/727666\/","title":{"rendered":"Cocktails aux pesticides, drapeaux et slogans\u00a0: \u00e0 Paris, le combat continue contre la loi Duplomb"},"content":{"rendered":"<p>Sur l\u2019Esplanade des Invalides, une foule dense est assembl\u00e9e sous une myriade de drapeaux multicolores, flottant au vent. Sous une tente jaune, deux hommes en combinaison blanche de protection et masques hygi\u00e9niques remplissent des verres d\u2019un liquide jaune fluo. \u201cTenez ! Buvez ! Cocktails aux pesticides !\u201d, lance l\u2019un d\u2019eux. \u201cNon, non ne buvez pas\u00a0!\u201d se ravise-t-il face \u00e0 un curieux n\u2019ayant pas saisi la plaisanterie. \u00a0<\/p>\n<p><img fetchpriority=\"low\" decoding=\"async\" src=\"https:\/\/www.europesays.com\/fr\/wp-content\/uploads\/2026\/02\/IMG20260211125504.jpg\"   alt=\"Le Pesti Bar propose un large choix de &quot;cocktails aux pesticides&quot;\" style=\"max-height:638px\" loading=\"lazy\" class=\"a-img \"\/><\/p>\n<p>                Le Pesti Bar propose un large choix de \u00ab\u00a0cocktails aux pesticides\u00a0\u00bb.                \u00a9 David Rich            <\/p>\n<p class=\"gmail-Paragraph gmail-SCXW50526413 gmail-BCX2\" style=\"text-align:left\">Mercredi 11 f\u00e9vrier, quelques centaines de manifestants ont r\u00e9pondu pr\u00e9sent pour exprimer leur opposition \u00e0 la controvers\u00e9e <a href=\"https:\/\/www.france24.com\/fr\/\u00e9missions\/\u00e9l\u00e9ment-terre-la-quotidienne\/20260205-loi-duplomb-ii-les-pesticides-indispensables-\u00e0-la-s\u00e9curit\u00e9-alimentaire-des-fran\u00e7ais\" target=\"_self\" rel=\"nofollow noopener\">loi Duplomb<\/a>. Une \u201caberration \u00e9cologique\u201d, \u201cpro-pesticide\u201d, \u201cdangereuse pour la sant\u00e9\u201d fustigent tour \u00e0 tour les intervenants au micro.<\/p>\n<p class=\"gmail-Paragraph gmail-SCXW50526413 gmail-BCX2\" style=\"text-align:left\">Depuis plusieurs mois, ce texte, port\u00e9 par les d\u00e9put\u00e9s LR et UDI Laurent Duplomb et Franck Menonville, cristallise la col\u00e8re des organisations environnementales et bien au-del\u00e0. Une p\u00e9tition citoyenne contre ce texte, d\u00e9pos\u00e9e \u00e0 l\u2019\u00e9t\u00e9 sur le site de l\u2019Assembl\u00e9e nationale, a battu un record de signatures, for\u00e7ant les d\u00e9put\u00e9s \u00e0 y consacrer mercredi <a href=\"https:\/\/www.france24.com\/fr\/info-en-continu\/20260211-p\u00e9tition-duplomb-six-mois-plus-tard-le-d\u00e9bat-se-tient-\u00e0-l-assembl\u00e9e\" target=\"_self\" rel=\"nofollow noopener\">un d\u00e9bat public<\/a>. Une premi\u00e8re en France\u00a0pour une p\u00e9tition.<\/p>\n<p> <strong class=\"gmail-BCX2 gmail-SCXW50526413 gmail-TextRun\">Une \u201cfausse solution\u201d pour l\u2019agriculture<\/strong>\u00a0 <\/p>\n<p class=\"gmail-Paragraph gmail-SCXW50526413 gmail-BCX2\" style=\"text-align:left\">La manifestation \u00e9tait organis\u00e9e par un collectif de\u202fplus de 80 associations \u00e9cologistes, syndicales, scientifiques ou bien encore agricoles. Car si les deux premiers syndicats de ce secteur (FNSEA et Coordination rurale) se sont prononc\u00e9s en faveur de la loi, tous ne partagent pas ce point de vue. \u00a0<\/p>\n<p class=\"gmail-Paragraph gmail-SCXW50526413 gmail-BCX2\" style=\"text-align:left\">\u201cL\u2019ac\u00e9tamipride est non seulement un pesticide canc\u00e9rig\u00e8ne, dangereux pour la sant\u00e9 humaine et l\u2019environnement, mais son retour ne r\u00e9soudrait en rien les probl\u00e8mes de l\u2019\u00e9norme majorit\u00e9 des agricultures\u201d ass\u00e8ne Matthieu Courgeau. \u00a0<\/p>\n<p class=\"gmail-Paragraph gmail-SCXW50526413 gmail-BCX2\" style=\"text-align:left\">Cet \u00e9leveur de vaches laiti\u00e8res a fait le d\u00e9placement depuis la Vend\u00e9e pour exprimer son opposition au texte. Avec son collectif \u201cNourrir\u201d, regroupant 54 organisations citoyennes et du monde agricoles, il se mobilise depuis des mois. \u00a0<\/p>\n<p><img fetchpriority=\"low\" decoding=\"async\" src=\"https:\/\/www.europesays.com\/fr\/wp-content\/uploads\/2026\/02\/IMG20260211133116.jpg\"   alt=\"Matthieu Courgeau, \u00e9leveur laitier vend\u00e9en, \u00e0 la manifestation\" style=\"max-height:638px\" loading=\"lazy\" class=\"a-img \"\/><\/p>\n<p>                Matthieu Courgeau, \u00e9leveur laitier vend\u00e9en, \u00e0 la manifestation.                \u00a9 David Rich            <\/p>\n<p>         <strong class=\"gmail-BCX2 gmail-SCXW50526413 gmail-TextRun\">Protection ou mise en danger ?<\/strong>\u00a0 <\/p>\n<p class=\"gmail-Paragraph gmail-SCXW50526413 gmail-BCX2\" style=\"text-align:left\">Pour ses auteurs, la loi Duplomb vise \u00e0 \u00ab\u00a0lever les contraintes \u00e0 l\u2019exercice du m\u00e9tier d\u2019agriculteur\u00a0\u00bb menac\u00e9 par la concurrence d\u00e9loyale de pays aux normes plus permissives que la France, y compris en Europe. Pour ce faire, les deux d\u00e9put\u00e9s \u00e0 l\u2019origine du texte, eux m\u00eames exploitant laitier et agriculteur, souhaitaient introduire des d\u00e9rogations pour permettre l\u2019utilisation\u00a0de pesticides\u00a0interdits, notamment l\u2019ac\u00e9tamipride, par certaines fili\u00e8res.<\/p>\n<p class=\"gmail-Paragraph gmail-SCXW50526413 gmail-BCX2\" style=\"text-align:left\">Ces d\u00e9rogations, jug\u00e9es trop larges, <a href=\"https:\/\/www.france24.com\/fr\/info-en-continu\/20250812-macron-promulgue-la-loi-duplomb-apr\u00e8s-la-censure-partielle-du-conseil-constitutionnel\" target=\"_self\" rel=\"nofollow noopener\">ont \u00e9t\u00e9 censur\u00e9es par le Conseil constitutionnel.<\/a> Mais plusieurs autres mesures controvers\u00e9es, permettant l\u2019expansion des \u00e9levages industriels ou facilitant le stockage de l\u2019eau en m\u00e9gabassines, ont \u00e9t\u00e9 maintenues dans la version finale du texte, adopt\u00e9e le\u202f8 juillet 2025 puis\u00a0promulgu\u00e9e\u202fle 11 ao\u00fbt. \u00a0<\/p>\n<p class=\"gmail-Paragraph gmail-SCXW50526413 gmail-BCX2\" style=\"text-align:left\">Et les deux d\u00e9put\u00e9s ne comptent pas en rester l\u00e0. D\u00e9but f\u00e9vrier, ils ont d\u00e9pos\u00e9 une nouvelle proposition de loi plus restrictive pour r\u00e9introduire deux pesticides, (<a href=\"https:\/\/www.france24.com\/fr\/vid\u00e9o\/20250810-loi-duplomb-les-agriculteurs-partag\u00e9s-sur-la-r\u00e9introduction-de-l-ac\u00e9tamipride\" target=\"_self\" rel=\"nofollow noopener\">ac\u00e9tamipride<\/a>\u00a0et\u00a0flupyradifurone), dans des fili\u00e8res sp\u00e9cifiques dont la\u00a0betterave, noisette, cerise et pomme de terre pour \u00e9viter une nouvelle censure constitutionnelle.<\/p>\n<p> Un sentiment d&rsquo;abandon du gouvernement <\/p>\n<p>Pour Mathieu Courgeau, les deux d\u00e9put\u00e9s font fausse route :\u201cLa question \u00e0 traiter avant tout est le revenu des agriculteurs :\u00a0les marges avec la grande distribution et la concurrence avec les pays \u00e9trangers. Or on a le sentiment que ces sujets sont abandonn\u00e9s par le gouvernement\u201d, reprend le copr\u00e9sident du collectif \u00ab\u00a0Nourrir\u00a0\u00bb.<\/p>\n<p class=\"gmail-Paragraph gmail-SCXW50526413 gmail-BCX2\" style=\"text-align:left\">L\u2019agriculteur de 40 ans, qui a fait le choix du bio, d\u00e9plore la suppression de l\u2019aide d\u2019\u00c9tat soutenant la fili\u00e8re, abrog\u00e9e en 2025\u00a0:\u00a0\u00ab\u00a0On nous signe des accords de libre-\u00e9change, alors que nous, nous d\u00e9fendons une agriculture locale, \u00e0 taille humaine qui prot\u00e8ge l\u2019environnement\u201d explique-t-il. \u00a0<\/p>\n<p class=\"gmail-Paragraph gmail-SCXW50526413 gmail-BCX2\" style=\"text-align:left\">Un sujet auquel Annette se dit tr\u00e8s sensible. Cette m\u00e8re de famille est venue accompagn\u00e9e de sa fille Rose \u00e2g\u00e9e de neuf ans. \u201cMa fille est tr\u00e8s attach\u00e9e \u00e0 la vie animale, elle veut \u00eatre v\u00e9t\u00e9rinaire. Je m\u2019inqui\u00e8te aussi pour son futur, les risques des pesticides pour sa sant\u00e9&#8230; Ce genre d\u2019\u00e9v\u00e8nement permet de retrouver le monde paysan, de faire converger les luttes\u201d, se r\u00e9jouit-elle. \u00a0<\/p>\n<p><img fetchpriority=\"low\" decoding=\"async\" src=\"https:\/\/www.europesays.com\/fr\/wp-content\/uploads\/2026\/02\/IMG20260211133231.jpg\"   alt=\"Annette et sa fille Rose, neuf ans\" style=\"max-height:638px\" loading=\"lazy\" class=\"a-img \"\/><\/p>\n<p>                Annette et sa fille Rose, neuf ans.                \u00a9 David Rich            <\/p>\n<p>         <strong class=\"gmail-BCX2 gmail-SCXW50526413 gmail-TextRun\">Large opposition<\/strong>\u00a0 <\/p>\n<p class=\"gmail-Paragraph gmail-SCXW50526413 gmail-BCX2\" style=\"text-align:left\">Cette convergence des luttes s\u2019est cristallis\u00e9e \u00e0 l\u2019\u00e9t\u00e9 autour de la p\u00e9tition \u00ab\u00a0Non \u00e0 la loi Duplomb\u00a0\u00bb lanc\u00e9e par \u00c9leonore Pattery, une jeune bordelaise\u00a0de 23 ans. <a href=\"https:\/\/petitions.assemblee-nationale.fr\/initiatives\/i-3014?locale=fr\" target=\"_blank\" rel=\"nofollow noopener\">Post\u00e9e sur la plateforme de l\u2019Assembl\u00e9e nationale le 10 juillet 2025,<\/a> soit deux jours apr\u00e8s l\u2019adoption de la loi, elle a rapidement d\u00e9pass\u00e9 le seuil des 500\u00a0000 signatures requis pour que soit organis\u00e9 un\u00a0d\u00e9bat parlementaire public. Une premi\u00e8re depuis la mise en place de la plateforme en 2020, qui abrite pourtant quelque 1\u00a0600 p\u00e9titions.\u00a0<\/p>\n<p class=\"gmail-Paragraph gmail-SCXW50526413 gmail-BCX2\" style=\"text-align:left\">Un d\u00e9bat strictement symbolique, sans vote, mais qui acte la forte mobilisation contre le texte. La p\u00e9tition a depuis d\u00e9pass\u00e9 les 2 millions de signatures. \u00a0<\/p>\n<p class=\"gmail-Paragraph gmail-SCXW50526413 gmail-BCX2\" style=\"text-align:left\">La manifestation aux Invalides a \u00e9t\u00e9 organis\u00e9 le jour de ce d\u00e9bat dont les manifestants ne semblent rien attendre. Certains parlementaires sont venus leur t\u00e9moigner leur soutien avant de se rendre \u00e0 l\u2019Assembl\u00e9e. Parmi eux Delphine Batho, ancienne ministre de l\u2019\u00c9cologie sous Fran\u00e7ois Hollande. \u201cCe d\u00e9bat malheureusement est sans vote. Mais c\u2019est la soci\u00e9t\u00e9 civile qui l\u2019a impos\u00e9 et ce qui s\u2019est pass\u00e9 autour de la loi Duplomb est in\u00e9dit en France\u201d souligne la d\u00e9put\u00e9e \u00e9cologiste de la 2e circonscription des Deux-S\u00e8vres. C\u2019est l\u2019amorce, \u00e0 mes yeux, d\u2019un mouvement irr\u00e9versible de prise de conscience sur les enjeux de la sant\u00e9 environnementale et du refus de l\u2019empoisonnement alimentaire\u201d. \u00a0<\/p>\n<p class=\"gmail-Paragraph gmail-SCXW50526413 gmail-BCX2\" style=\"text-align:left\">Matthieu Courgeau esp\u00e8re, quant \u00e0 lui, que ce \u201cr\u00e9veil\u201d sera pris en compte par le gouvernement. \u201cLa voix des deux millions de signataires doit peser et pas juste sur un d\u00e9bat. Elle\u00a0doit \u00eatre un\u00a0d\u00e9but pour changer les politiques agricoles de ce pays\u201d.<\/p>\n","protected":false},"excerpt":{"rendered":"Sur l\u2019Esplanade des Invalides, une foule dense est assembl\u00e9e sous une myriade de drapeaux multicolores, flottant au vent.&hellip;\n","protected":false},"author":2,"featured_media":727667,"comment_status":"","ping_status":"","sticky":false,"template":"","format":"standard","meta":{"footnotes":"","_share_on_mastodon":"0"},"categories":[1888],"tags":[11,327,10161,416,51,1073,1777,674,1011,27,25754,1272,12,626,36135,81727,25],"class_list":["post-727666","post","type-post","status-publish","format-standard","has-post-thumbnail","category-paris","tag-actualites","tag-agriculture","tag-agriculture-biologique","tag-assemblee-nationale","tag-ecologie","tag-emmanuel-macron","tag-eu","tag-europe","tag-fr","tag-france","tag-loi-duplomb","tag-manifestations","tag-news","tag-paris","tag-pesticide","tag-pour-aller-plus-loin","tag-republique-francaise"],"share_on_mastodon":{"url":"https:\/\/pubeurope.com\/@fr\/116053605489068675","error":""},"_links":{"self":[{"href":"https:\/\/www.europesays.com\/fr\/wp-json\/wp\/v2\/posts\/727666","targetHints":{"allow":["GET"]}}],"collection":[{"href":"https:\/\/www.europesays.com\/fr\/wp-json\/wp\/v2\/posts"}],"about":[{"href":"https:\/\/www.europesays.com\/fr\/wp-json\/wp\/v2\/types\/post"}],"author":[{"embeddable":true,"href":"https:\/\/www.europesays.com\/fr\/wp-json\/wp\/v2\/users\/2"}],"replies":[{"embeddable":true,"href":"https:\/\/www.europesays.com\/fr\/wp-json\/wp\/v2\/comments?post=727666"}],"version-history":[{"count":0,"href":"https:\/\/www.europesays.com\/fr\/wp-json\/wp\/v2\/posts\/727666\/revisions"}],"wp:featuredmedia":[{"embeddable":true,"href":"https:\/\/www.europesays.com\/fr\/wp-json\/wp\/v2\/media\/727667"}],"wp:attachment":[{"href":"https:\/\/www.europesays.com\/fr\/wp-json\/wp\/v2\/media?parent=727666"}],"wp:term":[{"taxonomy":"category","embeddable":true,"href":"https:\/\/www.europesays.com\/fr\/wp-json\/wp\/v2\/categories?post=727666"},{"taxonomy":"post_tag","embeddable":true,"href":"https:\/\/www.europesays.com\/fr\/wp-json\/wp\/v2\/tags?post=727666"}],"curies":[{"name":"wp","href":"https:\/\/api.w.org\/{rel}","templated":true}]}}