{"id":72780,"date":"2025-05-03T22:01:11","date_gmt":"2025-05-03T22:01:11","guid":{"rendered":"https:\/\/www.europesays.com\/fr\/72780\/"},"modified":"2025-05-03T22:01:11","modified_gmt":"2025-05-03T22:01:11","slug":"futsal-d1-contre-montpellier-letoile-lavalloise-sest-fait-peur-mais-a-tenu-bon-sport","status":"publish","type":"post","link":"https:\/\/www.europesays.com\/fr\/72780\/","title":{"rendered":"Futsal. D1 : Contre Montpellier, l\u2019\u00c9toile lavalloise s\u2019est fait peur mais a tenu bon . Sport"},"content":{"rendered":"<tr wp_automatic_readability=\"6.8590604026846\">\n<td valign=\"middle\" align=\"center\" class=\"col-logo\" wp_automatic_readability=\"5\">\n    <img decoding=\"async\" src=\"https:\/\/www.europesays.com\/fr\/wp-content\/uploads\/2025\/04\/logo-of-monetise.svg\" alt=\"logo Ouest-France\" height=\"66\"\/><\/p>\n<p>Contenu r\u00e9serv\u00e9 aux abonn\u00e9s<\/p>\n<\/td>\n<td class=\"col-titre\">\n\t\t\tSamedi 03 mai 2025 19:17<br \/>\n\t\t\t<a class=\"icon-bulle sizeL count\" href=\"#ancreAvis\"><br \/>\n\t&#8230;<br \/>\n<\/a><\/td>\n<\/tr>\n<p>\t\t<a class=\"mavillebox2 elmt-photo\" href=\"https:\/\/maville.com\/photosmvi\/2025\/05\/03\/P35206404D6791599G.jpg\" title=\" Abdessamad Mohammed et ses partenaires se sont fait peur contre Montpellier.  \u00a9  Jean-Fran\u00e7ois Quineb\u00eache  &lt;!--TAG-BLC credit--&gt;\" rel=\"galerie_actu noopener\" target=\"_blank\"><br \/>\n\t<img decoding=\"async\" src=\"https:\/\/www.europesays.com\/fr\/wp-content\/uploads\/2025\/05\/P35206404D6791599G_crop_640-330_.jpg\" alt=\"photo  abdessamad mohammed et ses partenaires se sont fait peur contre montpellier.  \u00a9  jean-fran\u00e7ois quineb\u00eache \"\/><br \/>\n\t1<br \/>\n<\/a><\/p>\n<p class=\"elmt-legende\"> Abdessamad Mohammed et ses partenaires se sont fait peur contre Montpellier.  \u00a9  Jean-Fran\u00e7ois Quineb\u00eache  <\/p>\n<p>\t\tMalgr\u00e9 une remontada des Montpelli\u00e9rains qui auront combl\u00e9 quatre buts d\u2019\u00e9cart, les Mayennais sont parvenus \u00e0 s\u2019imposer (7-4), samedi 3 mai. Un succ\u00e8s qui conforte encore un peu plus leur premi\u00e8re place \u00e0 trois journ\u00e9es de la fin de la phase r\u00e9guli\u00e8re de D1.<\/p>\n<p><b>Cet article est r\u00e9serv\u00e9 aux abonn\u00e9s<\/b><\/p>\n<p>Pour un acc\u00e8s imm\u00e9diat, abonnez-vous<\/p>\n<p><b>1\u00e8re semaine offerte<\/b><\/p>\n<p>\t\tOuest-France<\/p>\n<p>Retrouvez d&rsquo;autres actus sur la commune de :<\/p>\n<p>\t\t&#13;<\/p>\n","protected":false},"excerpt":{"rendered":"Contenu r\u00e9serv\u00e9 aux abonn\u00e9s Samedi 03 mai 2025 19:17 &#8230; 1 Abdessamad Mohammed et ses partenaires se sont&hellip;\n","protected":false},"author":2,"featured_media":72781,"comment_status":"","ping_status":"","sticky":false,"template":"","format":"standard","meta":{"footnotes":""},"categories":[9599],"tags":[1111,11,3809,1465,1777,674,63,1011,27,1792,1922,2693,2208,12,2680,25,479,517,1470],"class_list":{"0":"post-72780","1":"post","2":"type-post","3":"status-publish","4":"format-standard","5":"has-post-thumbnail","7":"category-montpellier","8":"tag-actu","9":"tag-actualites","10":"tag-ball","11":"tag-basket","12":"tag-eu","13":"tag-europe","14":"tag-football","15":"tag-fr","16":"tag-france","17":"tag-handball","18":"tag-info","19":"tag-laval","20":"tag-montpellier","21":"tag-news","22":"tag-occitanie","23":"tag-republique-francaise","24":"tag-rugby","25":"tag-sport","26":"tag-volley"},"share_on_mastodon":{"url":"https:\/\/pubeurope.com\/@fr\/114446157962484053","error":""},"_links":{"self":[{"href":"https:\/\/www.europesays.com\/fr\/wp-json\/wp\/v2\/posts\/72780","targetHints":{"allow":["GET"]}}],"collection":[{"href":"https:\/\/www.europesays.com\/fr\/wp-json\/wp\/v2\/posts"}],"about":[{"href":"https:\/\/www.europesays.com\/fr\/wp-json\/wp\/v2\/types\/post"}],"author":[{"embeddable":true,"href":"https:\/\/www.europesays.com\/fr\/wp-json\/wp\/v2\/users\/2"}],"replies":[{"embeddable":true,"href":"https:\/\/www.europesays.com\/fr\/wp-json\/wp\/v2\/comments?post=72780"}],"version-history":[{"count":0,"href":"https:\/\/www.europesays.com\/fr\/wp-json\/wp\/v2\/posts\/72780\/revisions"}],"wp:featuredmedia":[{"embeddable":true,"href":"https:\/\/www.europesays.com\/fr\/wp-json\/wp\/v2\/media\/72781"}],"wp:attachment":[{"href":"https:\/\/www.europesays.com\/fr\/wp-json\/wp\/v2\/media?parent=72780"}],"wp:term":[{"taxonomy":"category","embeddable":true,"href":"https:\/\/www.europesays.com\/fr\/wp-json\/wp\/v2\/categories?post=72780"},{"taxonomy":"post_tag","embeddable":true,"href":"https:\/\/www.europesays.com\/fr\/wp-json\/wp\/v2\/tags?post=72780"}],"curies":[{"name":"wp","href":"https:\/\/api.w.org\/{rel}","templated":true}]}}