{"id":72788,"date":"2025-05-03T22:06:16","date_gmt":"2025-05-03T22:06:16","guid":{"rendered":"https:\/\/www.europesays.com\/fr\/72788\/"},"modified":"2025-05-03T22:06:16","modified_gmt":"2025-05-03T22:06:16","slug":"le-touraine-bc-pas-au-niveau-face-a-rennes","status":"publish","type":"post","link":"https:\/\/www.europesays.com\/fr\/72788\/","title":{"rendered":"le Touraine BC pas au niveau face \u00e0 Rennes"},"content":{"rendered":"<p><strong>Rennes PA\u00a0&#8211; Touraine BC\u00a0: 90-75<\/strong><\/p>\n<p>Rel\u00e9gable, le Touraine BC est lanc\u00e9 dans le money-time de sa saison. Face \u00e0 une \u00e9quipe bretonne qui n\u2019a, elle, plus rien \u00e0 jouer, le collectif tourangeau pouvait esp\u00e9rer faire un coup \u00e0 Rennes et revenir \u00e0 hauteur d\u2019Ardres, qui a perdu \u00e0 Laval.\u00a0Mais le TBC n\u2019a pas fait mieux et encaiss\u00e9 son vingti\u00e8me revers de la saison, ce samedi 3\u00a0mai 2025. Il reste donc pour le moment scotch\u00e9 \u00e0 sa 13e\u00a0et avant-derni\u00e8re place \u00e0 une longueur du club nordiste\u2026<\/p>\n<p>\u00ab\u00a0Rennes c\u2019est une \u00e9quipe qui joue tr\u00e8s bien au basket et nous, on a des probl\u00e8mes offensifs cette saison, mais ce qui me g\u00eane plus c\u2019est la mani\u00e8re avec laquelle on a perdu\u00a0\u00bb, regrettait Pierre Da Costa, le coach du TBC. \ufeff<\/p>\n<p>Trop vite men\u00e9s<\/p>\n<p>Malgr\u00e9 une belle pr\u00e9sence sur les lignes de passes et au rebond, les Tourangeaux, en difficult\u00e9 face \u00e0 la d\u00e9fense rennaise, voyaient les Bretons se d\u00e9tacher rapidement avec \u00e0 la finition un Kamdem efficace aussi bien \u00e0 longue distance que dans la raquette (15-6, 5e). En manque de solutions, ils s\u2019appliquaient et se montraient plus patients sur jeu plac\u00e9 pour trouver de bonnes positions. Toujours dominateurs au rebond, ils limitaient ainsi la casse sous l\u2019impulsion de Diagne, v\u00e9ritable feu follet dans la raquette locale (25-19, 13e).<\/p>\n<p>Les Rennais allaient cependant r\u00e9agir. Ils profitaient d\u2019une certaine m\u00e9sentente c\u00f4t\u00e9 TBC et trouvaient Gouedan id\u00e9alement plac\u00e9 sous les panneaux pour reprendre le large. Malgr\u00e9 les nombreuses fautes rennaises en fin de deuxi\u00e8me p\u00e9riode, les Tourangeaux rentraient aux vestiaires avec un passif de 11 points (50-39).<\/p>\n<p>Un troisi\u00e8me tiers bien meilleur<\/p>\n<p>La pause faisait du bien aux joueurs de Da Costa qui revenaient avec de meilleures intentions et surtout plus de liant. Ils durcissaient leur d\u00e9fense et s\u2019ils ne parvenaient pas \u00e0 recoller, ils faisaient jeu \u00e9gal avec des Rennais plus maladroits \u00e0 ce moment de la rencontre (60-53, 27e). Des Rennais qui ne l\u00e2chaient pourtant pas le morceau et r\u00e9agissaient avec Kamdem pour attaquer la derni\u00e8re p\u00e9riode avec un petit matelas (65-56, 30e).<\/p>\n<p>De plus en plus durs sur l\u2019homme, \u00e0 la limite de la faute sur chaque contact, les Tourangeaux tentaient tout pour r\u00e9duire l\u2019\u00e9cart mais ils arrivaient finalement au r\u00e9sultat inverse. Les Rennais restaient concentr\u00e9s et ne se laissaient pas d\u00e9stabiliser par l\u2019agressivit\u00e9 adverse pour refaire le break (77-64, 35e). Le TBC tentait tout dans les derni\u00e8res minutes mais les discussions trop fr\u00e9quentes avec le corps arbitral ne faisaient qu\u2019aggraver la situation des visiteurs qui encha\u00eenaient les fautes techniques en toute fin de rencontre et s\u2019inclinaient logiquement.<\/p>\n<p>\u00ab\u00a0Ce qui nous importe, ce sont les deux matchs qui arrivent\u00a0\u00bb<\/p>\n<p>\u00ab\u00a0Aujourd\u2019hui, on a eu un peu plus d\u2019adresse que d\u2019habitude mais on n\u2019a pas \u00e9t\u00e9 bon. D\u00e9fensivement on n\u2019y \u00e9tait pas, offensivement on n\u2019y \u00e9tait pas, pointait encore Pierre Da Costa. Apr\u00e8s, pour \u00eatre honn\u00eate, ce qui nous importe aujourd\u2019hui dans la course au maintien, ce sont les deux matchs qui arrivent. On va passer outre la d\u00e9faite de ce soir et passer tr\u00e8s vite \u00e0 autre chose.\u00a0\u00bb<\/p>\n<p><strong>Les quart-temps\u00a0:<\/strong> 23-14, 27-25, 15-17, 25-19.<br \/><strong>Arbitres\u00a0:<\/strong> MM.\u00a0Simon et Belin.<br \/><strong>Rennes PA\u00a0:<\/strong> Bellour (9), Josse (4), Poncet-Leberre (12), Ravache (12), Kamdem (28), Barbier (3), Pointel (5), Gouedan (16).<br \/><strong>Touraine BC\u00a0:<\/strong> Diagne (8), Bodenai (16), Cartier (3), Pothion (10), Djakou (7), Llaury (13), Mayola Boweya (18).<\/p>\n","protected":false},"excerpt":{"rendered":"Rennes PA\u00a0&#8211; Touraine BC\u00a0: 90-75 Rel\u00e9gable, le Touraine BC est lanc\u00e9 dans le money-time de sa saison. Face&hellip;\n","protected":false},"author":2,"featured_media":72789,"comment_status":"","ping_status":"","sticky":false,"template":"","format":"standard","meta":{"footnotes":""},"categories":[2821],"tags":[1111,11,1465,829,1777,674,1011,27,1387,17639,12,584,25,60,1390],"class_list":{"0":"post-72788","1":"post","2":"type-post","3":"status-publish","4":"format-standard","5":"has-post-thumbnail","7":"category-rennes","8":"tag-actu","9":"tag-actualites","10":"tag-basket","11":"tag-bretagne","12":"tag-eu","13":"tag-europe","14":"tag-fr","15":"tag-france","16":"tag-indre-et-loire","17":"tag-nationaux-basket","18":"tag-news","19":"tag-rennes","20":"tag-republique-francaise","21":"tag-sports","22":"tag-tours"},"share_on_mastodon":{"url":"https:\/\/pubeurope.com\/@fr\/114446177681921382","error":""},"_links":{"self":[{"href":"https:\/\/www.europesays.com\/fr\/wp-json\/wp\/v2\/posts\/72788","targetHints":{"allow":["GET"]}}],"collection":[{"href":"https:\/\/www.europesays.com\/fr\/wp-json\/wp\/v2\/posts"}],"about":[{"href":"https:\/\/www.europesays.com\/fr\/wp-json\/wp\/v2\/types\/post"}],"author":[{"embeddable":true,"href":"https:\/\/www.europesays.com\/fr\/wp-json\/wp\/v2\/users\/2"}],"replies":[{"embeddable":true,"href":"https:\/\/www.europesays.com\/fr\/wp-json\/wp\/v2\/comments?post=72788"}],"version-history":[{"count":0,"href":"https:\/\/www.europesays.com\/fr\/wp-json\/wp\/v2\/posts\/72788\/revisions"}],"wp:featuredmedia":[{"embeddable":true,"href":"https:\/\/www.europesays.com\/fr\/wp-json\/wp\/v2\/media\/72789"}],"wp:attachment":[{"href":"https:\/\/www.europesays.com\/fr\/wp-json\/wp\/v2\/media?parent=72788"}],"wp:term":[{"taxonomy":"category","embeddable":true,"href":"https:\/\/www.europesays.com\/fr\/wp-json\/wp\/v2\/categories?post=72788"},{"taxonomy":"post_tag","embeddable":true,"href":"https:\/\/www.europesays.com\/fr\/wp-json\/wp\/v2\/tags?post=72788"}],"curies":[{"name":"wp","href":"https:\/\/api.w.org\/{rel}","templated":true}]}}