{"id":727921,"date":"2026-02-11T21:46:13","date_gmt":"2026-02-11T21:46:13","guid":{"rendered":"https:\/\/www.europesays.com\/fr\/727921\/"},"modified":"2026-02-11T21:46:13","modified_gmt":"2026-02-11T21:46:13","slug":"ce-quil-faut-savoir-sur-lalerte-meteo","status":"publish","type":"post","link":"https:\/\/www.europesays.com\/fr\/727921\/","title":{"rendered":"ce qu&rsquo;il faut savoir sur l&rsquo;alerte m\u00e9t\u00e9o"},"content":{"rendered":"<p class=\"article__intro\">D\u00e8s jeudi 12 f\u00e9vrier 2026, la temp\u00eate Nils va toucher une grande partie du sud du pays, dont l\u2019Occitanie. De fortes rafales sont attendues dans l\u2019H\u00e9rault, l\u2019Aude et les Pyr\u00e9n\u00e9es-Orientales. Dans les deux derniers d\u00e9partements, tous les \u00e9tablissements scolaires resteront ferm\u00e9s jeudi. L&rsquo;Aude va m\u00eame passer en alerte rouge dans la nuit.<\/p>\n<p>\n      La Quotidienne Soci\u00e9t\u00e9\n    <\/p>\n<p>\n      De la vie quotidienne aux grands enjeux, recevez tous les jours les sujets qui font la soci\u00e9t\u00e9 locale, comme la justice, l\u2019\u00e9ducation, la sant\u00e9 et la famille.\n    <\/p>\n<p>    France T\u00e9l\u00e9visions utilise votre adresse e-mail afin de vous envoyer la newsletter \u00ab\u00a0La Quotidienne Soci\u00e9t\u00e9\u00a0\u00bb. Vous pouvez vous d\u00e9sinscrire \u00e0 tout moment via le lien en bas de cette newsletter. <a target=\"_blank\" href=\"https:\/\/www.francetelevisions.fr\/groupe\/confidentialite\/politique-de-confidentialite\/politique-de-confidentialite-de-france-televisions-6503\" rel=\"nofollow noopener\">Notre politique de confidentialit\u00e9<\/a><\/p>\n<p>La temp\u00eate Nils arrive sur l\u2019Occitanie. Dans la r\u00e9gion, l\u2019H\u00e9rault, l\u2019Aude et les Pyr\u00e9n\u00e9es-Orientales sont concern\u00e9s. Le vent va se renforcer dans la nuit et rester fort toute la journ\u00e9e de jeudi. L&rsquo;H\u00e9rault et les Pyr\u00e9n\u00e9es-Orientales passeront en vigilance orange \u00e0 partir de 6h jeudi matin, l&rsquo;Aude en vigilance rouge.<\/p>\n<p>D\u00e8s mercredi, de premiers d\u00e9g\u00e2ts ont \u00e9t\u00e9 constat\u00e9s \u00e0 Montpellier et dans sa r\u00e9gion.<\/p>\n<\/p>\n<p>Selon M\u00e9t\u00e9o France, \u00ab\u00a0le vent se renforce encore avec l\u2019arriv\u00e9e d\u2019une nouvelle d\u00e9pression atlantique nomm\u00e9e Nils\u00a0\u00bb. L\u2019organisme pr\u00e9cise que \u00ab\u00a0l\u2019Occitanie fait partie des zones les plus expos\u00e9es\u00a0\u00bb.<\/p>\n<p>Les rafales pourraient \u00eatre tr\u00e8s fortes. \u00ab\u00a0Les vents atteignent 120 \u00e0 140 km\/h dans les plaines de l\u2019Aude et sur les hauteurs de l\u2019H\u00e9rault\u00a0\u00bb, indique M\u00e9t\u00e9o France.<\/p>\n<p>\u00ab\u00a0Le vent soufflera entre 80 et 110 km\/h sur l\u2019ensemble du d\u00e9partement\u00a0\u00bb, <a href=\"https:\/\/www.facebook.com\/Prefet34\/posts\/pfbid0PZ4zvBY21Bg9vDSGJ9Mp7RwmAJD8Y9BKK7yfa1YtEtQKi7QKurwJdBzU5h5vrEUGl\" target=\"_blank\" rel=\"noopener noreferrer nofollow\" data-tooltip-url=\"https:\/\/www.facebook.com\/Prefet34\/posts\/pfbid0PZ4zvBY21Bg9vDSGJ9Mp7RwmAJD8Y9BKK7yfa1YtEtQKi7QKurwJdBzU5h5vrEUGl\">pr\u00e9cise de son c\u00f4t\u00e9 la pr\u00e9fecture de l&rsquo;H\u00e9rault.<\/a> Des rafales pourront atteindre 120 \u00e0 150 km\/h sont attendues, \u00ab\u00a0notamment dans l\u2019arri\u00e8re-pays h\u00e9raultais : Haut-Languedoc, Espinouse et Monts d\u2019Orb\u00a0\u00bb. Les vents pourraient souffler encore plus fort selon M\u00e9t\u00e9o Languedoc.<\/p>\n<p>Face \u00e0 ces pr\u00e9visions, les pompiers de l\u2019H\u00e9rault lancent un message d\u2019alerte. \u00ab\u00a0\u00c0 partir de cette nuit, le d\u00e9partement sera plac\u00e9 en vigilance orange vent violent\u00a0\u00bb, pr\u00e9viennent-ils.<\/p>\n<p>Dans l\u2019ouest du d\u00e9partement, \u00ab\u00a0les rafales pourront atteindre 100 \u00e0 130 km\/h, jusqu\u2019\u00e0 150 km\/h sur les reliefs\u00a0\u00bb. \u00c0 l\u2019est, \u00ab\u00a0les rafales seront comprises entre 90 et 100 km\/h\u00a0\u00bb.<\/p>\n<p>\u00ab\u00a0Il y a un risque important de chute d\u2019arbres, les sols \u00e9tant fortement d\u00e9tremp\u00e9s par les derni\u00e8res pluies.\u00a0\u00bb<\/p>\n<p>Le pr\u00e9fet de l\u2019Aude a annonc\u00e9, mercredi, dans un communiqu\u00e9, la fermeture de tous les \u00e9tablissements scolaires du d\u00e9partement. Cela comprend les cr\u00e8ches, les accueils, p\u00e9riscolaires, les \u00e9coles, les coll\u00e8ges, les lyc\u00e9es et les \u00e9tablissements d\u2019enseignement, sup\u00e9rieur. La pr\u00e9fecture audoise a \u00e9galement activ\u00e9 le centre op\u00e9rationnel d\u00e9partemental depuis ce mercredi 11 f\u00e9vrier 2026. Une Cellule d\u2019information au public (CIP) est ouverte \u00e0 compter de 14h ce mercredi et joignable au 09 70 80 90 40.<\/p>\n<p>Les \u00e9tablissements scolaires (\u00e9coles, coll\u00e8ges, lyc\u00e9es) seront \u00e9galement ferm\u00e9s et les ramassages scolaires suspendus ce jeudi 12 f\u00e9vrier dans les Pyr\u00e9nes-Orientales sauf sur les secteurs Cerdagne et Capcir. \u00ab\u00a0Les \u00e9tablissements et les transporteurs scolaires prennent directement l&rsquo;attache des familles pour les informer.\u00a0\u00bb<\/p>\n<p>Les autorit\u00e9s recommandent \u00e0 la population de limiter les d\u00e9placements non indispensables, de ne pas s\u2019engager \u00e0 pied ou en voiture sur une voie immerg\u00e9e (m\u00eame partiellement), de s\u00e9curiser les biens expos\u00e9s au vent et \u00e0 la pluie, de rester inform\u00e9 de l\u2019\u00e9volution de la situation via les canaux officiels (m\u00e9dias, sites institutionnels, r\u00e9seaux sociaux des autorit\u00e9s) et de ne pas diffuser de fausses informations. Nous confirmons \u00e9galement que l&rsquo;Aude sera plac\u00e9 en alerte rouge aux vents violents \u00e0 partir de demain matin 6h.<\/p>\n<p>Par mesure de pr\u00e9vention, la pr\u00e9f\u00e8te de l\u2019H\u00e9rault Chantal Mauchet a d\u00e9cid\u00e9 de suspendre les transports scolaires le jeudi 12 f\u00e9vrier dans les 9 secteurs suivants : n\u00b06 S\u00e8te ; n\u00b07 Agde P\u00e9zenas ; n\u00b08 Clermont-l\u2019H\u00e9rault ; n\u00b09 Lod\u00e8ve ; n\u00b010 B\u00e9ziers sud ; n\u00b011 B\u00e9ziers nord ; n\u00b012 B\u00e9darieux &#8211; St Gervais ; n\u00b013 St Pons de Thomi\u00e8res &#8211; Olargues ; n\u00b014 Olonzac &#8211; St Chinian. En revanche, es transports scolaires seront assur\u00e9s dans les zones n\u00b01 \u00e0 n\u00b05 (Montpellier ; Mauguio ; Lunellois ; coll\u00e8ge de Sommi\u00e8res ; Ganges).<\/p>\n<p>Sur la ligne B\u00e9ziers-Neussargues, les circulations seront maintenues entre B\u00e9ziers et B\u00e9darieux et interrompues au-del\u00e0 de B\u00e9darieux pour la journ\u00e9e de jeudi. Sur la ligne N\u00eemes \u2013 Langogne, les circulations seront maintenues entre N\u00eemes et Al\u00e8s et interrompues au-del\u00e0 d\u2019Al\u00e8s pour la journ\u00e9e de jeudi. Sur la ligne La Bastide \u2013 Mende \u2013 Marvejols, il n&rsquo;y a pas de pr\u00e9vision de restriction de circulation \u00e0 cette heure. Sur la ligne du littoral Montpellier \u2013 Cerb\u00e8re, une limitation de vitesse sera mise en place \u00e0 partir de 9h entre Cerb\u00e8re et B\u00e9ziers. <\/p>\n<p>Vendredi, d\u00e8s les premi\u00e8res heures de la matin\u00e9e, des trains sans voyageurs avec des b\u00fbcherons \u00e0 bord seront envoy\u00e9s en ligne pour v\u00e9rifier l\u2019absence d\u2019obstacles sur les voies, annonce SNCF R\u00e9seau dans un communiqu\u00e9. Le centre de r\u00e9gulation r\u00e9gional engagera la reprise des circulations d\u00e8s qu\u2019il aura l\u2019assurance de l\u2019absence de risque sur la ligne. D\u2019autres \u00ab\u00a0stop-circulation\u00a0\u00bb pourraient \u00eatre d\u00e9cid\u00e9s en fonction des alertes communiqu\u00e9es par M\u00e9t\u00e9o France.<\/p>\n<p>\u00c0 Montpellier, la Ville a pris des mesures. \u00ab\u00a0Fermeture des parcs, jardins, march\u00e9s et du zoo du Lunaret en raison des vents violents\u00a0\u00bb, annonce la mairie.<\/p>\n<p>Les parcs, le zoo, le bois de Montmaur, la r\u00e9serve du Lez et les cimeti\u00e8res sont ferm\u00e9s jusqu\u2019\u00e0 nouvel ordre.<\/p>\n<\/p>\n<p>\u00ab\u00a0Pour la s\u00e9curit\u00e9 des usagers\u00a0\u00bb, le pr\u00e9fet de l\u2019Aude a d\u00e9cid\u00e9 de fermer temporairement l\u2019ensemble des massifs forestiers du d\u00e9partement de l\u2019Aude, interdisant tout \u00e9v\u00e9nement (sportif, culturel, festif\u2026) se d\u00e9roulant en ext\u00e9rieur, les acc\u00e8s aux parcs et jardins publics dans tout le d\u00e9partement.<\/p>\n<p>Les parcs de Perpignan seront ferm\u00e9s demain, jeudi 12 f\u00e9vrier, \u00ab\u00a0et le resteront jusqu\u2019\u00e0 nouvel ordre par mesure de s\u00e9curit\u00e9\u00a0\u00bb, <a href=\"https:\/\/www.facebook.com\/photo\/?fbid=1321565019995580&amp;set=a.564003729085050\" target=\"_blank\" rel=\"noopener noreferrer nofollow\" data-tooltip-url=\"https:\/\/www.facebook.com\/photo\/?fbid=1321565019995580&amp;set=a.564003729085050\">pr\u00e9cise la Ville<\/a> qui appelle \u00e0 la vigilance, alors que des rafales de vent sup\u00e9rieures \u00e0 125 km\/h sont attendues.<\/p>\n<p>La municipalit\u00e9 alerte par ailleurs sur les cons\u00e9quences possibles\u00a0: <br \/>&#8211; Des coupures d&rsquo;\u00e9lectricit\u00e9 et de t\u00e9l\u00e9phone peuvent affecter les r\u00e9seaux de distribution pendant des dur\u00e9es relativement importantes<br \/>&#8211; Les toitures et les chemin\u00e9es peuvent \u00eatre endommag\u00e9es<br \/>&#8211; Des branches d&rsquo;arbre risquent de se rompre<br \/>&#8211; Les v\u00e9hicules peuvent \u00eatre d\u00e9port\u00e9s<br \/>&#8211; La circulation routi\u00e8re peut \u00eatre perturb\u00e9e, en particulier sur le r\u00e9seau secondaire<br \/>&#8211; Quelques d\u00e9g\u00e2ts peuvent affecter les r\u00e9seaux de distribution d&rsquo;\u00e9lectricit\u00e9 et de t\u00e9l\u00e9phone.<\/p>\n","protected":false},"excerpt":{"rendered":"D\u00e8s jeudi 12 f\u00e9vrier 2026, la temp\u00eate Nils va toucher une grande partie du sud du pays, dont&hellip;\n","protected":false},"author":2,"featured_media":727922,"comment_status":"","ping_status":"","sticky":false,"template":"","format":"standard","meta":{"footnotes":""},"categories":[2],"tags":[11,1011,27,12,25],"class_list":{"0":"post-727921","1":"post","2":"type-post","3":"status-publish","4":"format-standard","5":"has-post-thumbnail","7":"category-actualites","8":"tag-actualites","9":"tag-fr","10":"tag-france","11":"tag-news","12":"tag-republique-francaise"},"share_on_mastodon":{"url":"https:\/\/pubeurope.com\/@fr\/116054195299514842","error":""},"_links":{"self":[{"href":"https:\/\/www.europesays.com\/fr\/wp-json\/wp\/v2\/posts\/727921","targetHints":{"allow":["GET"]}}],"collection":[{"href":"https:\/\/www.europesays.com\/fr\/wp-json\/wp\/v2\/posts"}],"about":[{"href":"https:\/\/www.europesays.com\/fr\/wp-json\/wp\/v2\/types\/post"}],"author":[{"embeddable":true,"href":"https:\/\/www.europesays.com\/fr\/wp-json\/wp\/v2\/users\/2"}],"replies":[{"embeddable":true,"href":"https:\/\/www.europesays.com\/fr\/wp-json\/wp\/v2\/comments?post=727921"}],"version-history":[{"count":0,"href":"https:\/\/www.europesays.com\/fr\/wp-json\/wp\/v2\/posts\/727921\/revisions"}],"wp:featuredmedia":[{"embeddable":true,"href":"https:\/\/www.europesays.com\/fr\/wp-json\/wp\/v2\/media\/727922"}],"wp:attachment":[{"href":"https:\/\/www.europesays.com\/fr\/wp-json\/wp\/v2\/media?parent=727921"}],"wp:term":[{"taxonomy":"category","embeddable":true,"href":"https:\/\/www.europesays.com\/fr\/wp-json\/wp\/v2\/categories?post=727921"},{"taxonomy":"post_tag","embeddable":true,"href":"https:\/\/www.europesays.com\/fr\/wp-json\/wp\/v2\/tags?post=727921"}],"curies":[{"name":"wp","href":"https:\/\/api.w.org\/{rel}","templated":true}]}}