{"id":727993,"date":"2026-02-11T22:31:10","date_gmt":"2026-02-11T22:31:10","guid":{"rendered":"https:\/\/www.europesays.com\/fr\/727993\/"},"modified":"2026-02-11T22:31:10","modified_gmt":"2026-02-11T22:31:10","slug":"carquefou-une-maquette-pour-la-mediatheque","status":"publish","type":"post","link":"https:\/\/www.europesays.com\/fr\/727993\/","title":{"rendered":"Carquefou. Une maquette pour la m\u00e9diath\u00e8que"},"content":{"rendered":"<p>Les travaux de la m\u00e9diath\u00e8que H\u00e9l\u00e8ne-Carr\u00e8re-d\u2019Encausse ont d\u00e9marr\u00e9 \u00e0 l\u2019automne. Le projet est pr\u00e9sent\u00e9 \u00e0 la Maison des projets, ouverte le mercredi, de 15\u00a0h \u00e0 18\u00a0h et le jeudi, de 9\u00a0h \u00e0 12\u00a0h.<\/p>\n<p>Afin de visualiser les diff\u00e9rentes modifications structurelles du b\u00e2timent, mais \u00e9galement d\u2019en appr\u00e9hender les futurs usages, une maquette a \u00e9t\u00e9 r\u00e9alis\u00e9e par un agent de la Ville, Sam Chapelain, stagiaire de l\u2019\u00c9cole de design de Nantes. Il explique\u00a0: \u00a0Ce projet de maquette m\u2019a permis de cr\u00e9er quelque chose qui parle \u00e0 beaucoup de personnes. Les plus jeunes viennent s\u2019amuser et r\u00eaver pr\u00e8s de la maquette et les plus \u00e2g\u00e9s viennent admirer le futur espace qu\u2019est la m\u00e9diath\u00e8que. Cette maquette apporte un r\u00e9el plus dans la compr\u00e9hension de l\u2019espace, des changements et des intentions de la m\u00e9diath\u00e8que.\u00a0 L\u2019outil sera pr\u00e9sent\u00e9 \u00e0 partir de jeudi, \u00e0 la Maison des projets.<\/p>\n<p>Rendez-vous, jeudi 12\u00a0f\u00e9vrier, entre 9\u00a0h et 12\u00a0h, en pr\u00e9sence de Sam Chapelain.<\/p>\n<p>\u00a0<\/p>\n","protected":false},"excerpt":{"rendered":"Les travaux de la m\u00e9diath\u00e8que H\u00e9l\u00e8ne-Carr\u00e8re-d\u2019Encausse ont d\u00e9marr\u00e9 \u00e0 l\u2019automne. Le projet est pr\u00e9sent\u00e9 \u00e0 la Maison des&hellip;\n","protected":false},"author":2,"featured_media":727994,"comment_status":"","ping_status":"","sticky":false,"template":"","format":"standard","meta":{"footnotes":"","_share_on_mastodon":"0"},"categories":[2818],"tags":[1111,11,3862,1777,674,1011,27,81744,16582,766,12,2636,25],"class_list":["post-727993","post","type-post","status-publish","format-standard","has-post-thumbnail","category-nantes","tag-actu","tag-actualites","tag-carquefou","tag-eu","tag-europe","tag-fr","tag-france","tag-maquette","tag-mediatheque","tag-nantes","tag-news","tag-pays-de-la-loire","tag-republique-francaise"],"share_on_mastodon":{"url":"https:\/\/pubeurope.com\/@fr\/116054372267860810","error":""},"_links":{"self":[{"href":"https:\/\/www.europesays.com\/fr\/wp-json\/wp\/v2\/posts\/727993","targetHints":{"allow":["GET"]}}],"collection":[{"href":"https:\/\/www.europesays.com\/fr\/wp-json\/wp\/v2\/posts"}],"about":[{"href":"https:\/\/www.europesays.com\/fr\/wp-json\/wp\/v2\/types\/post"}],"author":[{"embeddable":true,"href":"https:\/\/www.europesays.com\/fr\/wp-json\/wp\/v2\/users\/2"}],"replies":[{"embeddable":true,"href":"https:\/\/www.europesays.com\/fr\/wp-json\/wp\/v2\/comments?post=727993"}],"version-history":[{"count":0,"href":"https:\/\/www.europesays.com\/fr\/wp-json\/wp\/v2\/posts\/727993\/revisions"}],"wp:featuredmedia":[{"embeddable":true,"href":"https:\/\/www.europesays.com\/fr\/wp-json\/wp\/v2\/media\/727994"}],"wp:attachment":[{"href":"https:\/\/www.europesays.com\/fr\/wp-json\/wp\/v2\/media?parent=727993"}],"wp:term":[{"taxonomy":"category","embeddable":true,"href":"https:\/\/www.europesays.com\/fr\/wp-json\/wp\/v2\/categories?post=727993"},{"taxonomy":"post_tag","embeddable":true,"href":"https:\/\/www.europesays.com\/fr\/wp-json\/wp\/v2\/tags?post=727993"}],"curies":[{"name":"wp","href":"https:\/\/api.w.org\/{rel}","templated":true}]}}