{"id":72800,"date":"2025-05-03T22:12:14","date_gmt":"2025-05-03T22:12:14","guid":{"rendered":"https:\/\/www.europesays.com\/fr\/72800\/"},"modified":"2025-05-03T22:12:14","modified_gmt":"2025-05-03T22:12:14","slug":"bouguenais-un-nouveau-couvreur-rpc-aux-minais","status":"publish","type":"post","link":"https:\/\/www.europesays.com\/fr\/72800\/","title":{"rendered":"Bouguenais. Un nouveau couvreur RPC aux Minais"},"content":{"rendered":"<p>Vitrine<\/p>\n<p>Apr\u00e8s deux ans de stage dans une entreprise pour se former au m\u00e9tier et passer son CAP de couvreur, Rudy Philipot, a 27\u00a0ans, a saut\u00e9 le pas et a voulu exercer \u00e0 son compte.<\/p>\n<p>Il a mis\u00e9 sur les locaux route des Minais d\u00e9laiss\u00e9s de la brasserie Larsen de Cyril Auger, qui a ferm\u00e9 d\u00e9finitivement en octobre pour y installer son entreprise au sigle logique associant son nom \u00e0 son m\u00e9tier\u00a0: RPC.<\/p>\n<p>Bouguenaisien de longue date, ses arri\u00e8re-grands-parents travaillant \u00e0 la SNIAS devenue Airbus aujourd\u2019hui, Rudy Philipot a choisi ce m\u00e9tier sur le conseil d\u2019ami et ne le regrette pas. \u00a0Il y a du travail dans ce domaine et je viens d\u2019embaucher deux salari\u00e9s qui travaillent pour l\u2019instant en sous-traitance. D\u00e8s que l\u2019entreprise sera bien sur les rails, je pr\u00e9vois d\u2019augmenter l\u2019\u00e9quipe et peut-\u00eatre d\u2019avoir des apprentis.\u00a0<\/p>\n<p>Il entretient tout ce qui touche \u00e0 la toiture mais aussi \u00e0 la zinguerie. Dans son local de pr\u00e8s de 200\u00a0m2, il compte assurer quatre permanences hebdomadaires pour assurer l\u2019administratif et r\u00e9pondre aux questions de la client\u00e8le.<\/p>\n<p><strong>Contact\u00a0:<\/strong> RPC, 9 bis, rue des Minais. T\u00e9l. 06\u00a080\u00a074\u00a033\u00a011.<\/p>\n<p>\u00a0<\/p>\n","protected":false},"excerpt":{"rendered":"Vitrine Apr\u00e8s deux ans de stage dans une entreprise pour se former au m\u00e9tier et passer son CAP&hellip;\n","protected":false},"author":2,"featured_media":72801,"comment_status":"","ping_status":"","sticky":false,"template":"","format":"standard","meta":{"footnotes":""},"categories":[2818],"tags":[1111,11,5173,17640,1777,674,1011,27,17642,766,12,4565,2636,25,17641,3272],"class_list":{"0":"post-72800","1":"post","2":"type-post","3":"status-publish","4":"format-standard","5":"has-post-thumbnail","7":"category-nantes","8":"tag-actu","9":"tag-actualites","10":"tag-bouguenais","11":"tag-couvreur","12":"tag-eu","13":"tag-europe","14":"tag-fr","15":"tag-france","16":"tag-minais","17":"tag-nantes","18":"tag-news","19":"tag-nouveau","20":"tag-pays-de-la-loire","21":"tag-republique-francaise","22":"tag-rpc","23":"tag-saint-nazaire"},"share_on_mastodon":{"url":"https:\/\/pubeurope.com\/@fr\/114446201211917068","error":""},"_links":{"self":[{"href":"https:\/\/www.europesays.com\/fr\/wp-json\/wp\/v2\/posts\/72800","targetHints":{"allow":["GET"]}}],"collection":[{"href":"https:\/\/www.europesays.com\/fr\/wp-json\/wp\/v2\/posts"}],"about":[{"href":"https:\/\/www.europesays.com\/fr\/wp-json\/wp\/v2\/types\/post"}],"author":[{"embeddable":true,"href":"https:\/\/www.europesays.com\/fr\/wp-json\/wp\/v2\/users\/2"}],"replies":[{"embeddable":true,"href":"https:\/\/www.europesays.com\/fr\/wp-json\/wp\/v2\/comments?post=72800"}],"version-history":[{"count":0,"href":"https:\/\/www.europesays.com\/fr\/wp-json\/wp\/v2\/posts\/72800\/revisions"}],"wp:featuredmedia":[{"embeddable":true,"href":"https:\/\/www.europesays.com\/fr\/wp-json\/wp\/v2\/media\/72801"}],"wp:attachment":[{"href":"https:\/\/www.europesays.com\/fr\/wp-json\/wp\/v2\/media?parent=72800"}],"wp:term":[{"taxonomy":"category","embeddable":true,"href":"https:\/\/www.europesays.com\/fr\/wp-json\/wp\/v2\/categories?post=72800"},{"taxonomy":"post_tag","embeddable":true,"href":"https:\/\/www.europesays.com\/fr\/wp-json\/wp\/v2\/tags?post=72800"}],"curies":[{"name":"wp","href":"https:\/\/api.w.org\/{rel}","templated":true}]}}