{"id":72806,"date":"2025-05-03T22:15:10","date_gmt":"2025-05-03T22:15:10","guid":{"rendered":"https:\/\/www.europesays.com\/fr\/72806\/"},"modified":"2025-05-03T22:15:10","modified_gmt":"2025-05-03T22:15:10","slug":"les-girondins-ont-deja-la-tete-ailleurs-joueur-par-joueur-les-herbiers-bordeaux","status":"publish","type":"post","link":"https:\/\/www.europesays.com\/fr\/72806\/","title":{"rendered":"Les Girondins ont d\u00e9j\u00e0 la t\u00eate ailleurs [Joueur par joueur Les Herbiers-Bordeaux]"},"content":{"rendered":"<p><img decoding=\"async\" src=\"https:\/\/www.europesays.com\/fr\/wp-content\/uploads\/2025\/04\/671_cf7c0362c4ff9a6423c492579fccb81b.jpg\" alt=\"Les Girondins ont d\u00e9j\u00e0 la t\u00eate ailleurs [Joueur par joueur Les Herbiers-Bordeaux]\" class=\"img-responsive mt-3\"\/><\/p>\n<p class=\"text-center mb-3\" style=\"font-size: 14px\">\u00a9 Iconsport<\/p>\n<p style=\"text-align: justify;\"><a href=\"https:\/\/www.webgirondins.com\/actualite-girondins-n2-reaction-de-bruno-irles-apres-la-defaite-des-girondins-face-aux-herbiers-2-0-128939\" target=\"_blank\" rel=\"noopener nofollow\"><strong>Bruno Irl\u00e8s, l&rsquo;entra\u00eeneur des Girondins<\/strong><\/a> : son organisation de jeu est peu lisible. On ne comprend pas ses intentions dans cette organisation et il persiste avec les deux tours : Beugre et Carroll. Ainsi, il fait d\u00e9zoner l\u2019anglais pour laisser l\u2019Ivoirien dans l\u2019axe. \u00c7a ne fonctionne pas bien, mais il persiste. Sur les 11 joueurs titulaires, nous avons 8 footballeurs \u00e0 vocations d\u00e9fensives, plus les deux grands Carroll et Beugr\u00e9, et un joueur de percussion seulement, Ikia Dimi. C&rsquo;est trop peu pour gagner la rencontre. Il attend la 58e minute pour faire le premier changement et faire sortir Beugre et Depussay au profit de Merdji et Diallo. Irl\u00e8s a pris ce soir une le\u00e7on de Laurent David, son homologue adverse qui a maitris\u00e9 les vell\u00e9it\u00e9s du collectif bordelais en seconde p\u00e9riode. \u00c0 l\u2019image de sa deuxi\u00e8me partie de saison, Bruno Irl\u00e8s d\u00e9joue dans sa conduite de l&rsquo;\u00e9quipe.<\/p>\n<p style=\"text-align: justify;\"><strong>Lassana Diabat\u00e9<\/strong> : Sans ses deux parades \u00e0 la 20e et \u00e0 la 41e, les Girondins auraient pris une fess\u00e9e face aux Vend\u00e9ens. Sur les deux buts, il ne peut rien faire.<\/p>\n<p><strong>Jean Grillot<\/strong> : pr\u00e9sent dans le duel, il lui manque un relai au milieu du terrain pour les relances, ce qui l\u2019oblige \u00e0 balancer. Il \u00e9cope d\u2019un carton jaune pour intervention d\u00e9fensive sanctionn\u00e9e \u00e0 la 82e minute.<\/p>\n<p style=\"text-align: justify;\"><strong>Nassim Ranem<\/strong> : il a souffert face aux attaquants, dont le virevoltant Shelton Guillaume. Il est aussi victime de la faiblesse du milieu de terrain bordelais.<\/p>\n<p style=\"text-align: justify;\"><strong>Driss Trichard<\/strong> : il n\u2019a aucun relai devant lui sur son c\u00f4t\u00e9 gauche pour apporter le danger. Il est pris dans son dos sur l\u2019ouverture du score de Tanguy Gu\u00e9rineau. Il sort \u00e0 la 27e sur blessure, remplac\u00e9 par Assogba.<\/p>\n<p style=\"text-align: justify;\"><strong>Nathanael Bai<\/strong> : il a \u00e9t\u00e9 mang\u00e9 par la vitesse de Shelton Guillaume sur son c\u00f4t\u00e9. Il a aussi rat\u00e9 plusieurs relances, et perdu trop de ballons.<\/p>\n<p style=\"text-align: justify;\"><strong>Thomas Trazi\u00e9<\/strong> : d\u00e9bord\u00e9 par l\u2019impact physique du milieu adverse, il n\u2019arrive pas \u00e0 changer le rythme au cours du match et il \u00e9volue \u00e0 son allure. Il tente quand m\u00eame de g\u00eaner les attaques adverses, avec succ\u00e8s parfois.<\/p>\n<p style=\"text-align: justify;\"><a href=\"https:\/\/www.webgirondins.com\/actualite-girondins-girondins-adrien-louveau-j-ai-senti-qu-on-n-avait-pas-mis-l-intensite-128940\" target=\"_blank\" rel=\"noopener nofollow\"><strong>Adrien Louveau<\/strong><\/a> : il n\u2019a jamais su r\u00e9soudre le probl\u00e8me tactique dans cette rencontre. Il apporte son jeu de t\u00eate d\u00e9fensif.<\/p>\n<p style=\"text-align: justify;\"><strong>Emeric Depussay<\/strong> : positionn\u00e9 dans un r\u00f4le hybride, sur un c\u00f4t\u00e9, son d\u00e9chet technique est important, il perd beaucoup trop de ballons. Remplac\u00e9 par Diallo \u00e0 la 58e.<\/p>\n<p style=\"text-align: justify;\"><strong>Yvan Ikia Dimi<\/strong> : parfois en pointe de l\u2019attaque sur les phases d\u00e9fensives, sur un c\u00f4t\u00e9 sur les phases offensives, il n\u2019a jamais \u00e9t\u00e9 bien servi dans ce match. Il est trop esseul\u00e9.<\/p>\n<p style=\"text-align: justify;\"><strong>\u00c9tienne Beugre<\/strong> : il se d\u00e9place aussi vite qu&rsquo;un joueur qui porte une enclume : sans capacit\u00e9 de mouvement, souvent dans l&rsquo;axe, il n&rsquo;a aucun automatisme dans le jeu avec ces partenaires. Ce joueur a trop de lacunes techniques et tactiques pour rivaliser dans ce match. Remplac\u00e9 par Merdji \u00e0 la 58e.<\/p>\n<p style=\"text-align: justify;\"><strong>Andy Carroll<\/strong> : il est l&rsquo;auteur des deux seules actions de but bordelaises de la rencontre \u00e0 chaque fois de la t\u00eate sur un corner, et \u00e0 chaque fois \u00e9cart\u00e9e par l\u2019adversaire sur sa ligne de but. Il est une nouvelle fois align\u00e9 dans un r\u00f4le hybride, sur un c\u00f4t\u00e9 pour laisser l\u2019axe \u00e0 Beugre. Son visage ferm\u00e9 \u00e0 la mi-temps d\u00e9note de son m\u00e9contentement. Le seul leader ce soir sur le terrain du Stade Massabielle, il n&rsquo;a pas \u00e9t\u00e9 d\u00e9cisif.<\/p>\n<p style=\"text-align: justify;\">Nicolas Pietrelli<\/p>\n<p>\u00c0 voir aussi &gt;&gt; <strong><a href=\"https:\/\/www.webgirondins.com\/actualite-girondins-le-debrief-a-chaud-du-match-les-herbiers-bordeaux-2-0-128935\" target=\"_blank\" rel=\"noopener nofollow\">Le D\u00e9brief \u00e0 Chaud du match Les Herbiers-Bordeaux (2-0)<\/a><\/strong><\/p>\n<p>\u00c0 vous de voter :<\/p>\n","protected":false},"excerpt":{"rendered":"\u00a9 Iconsport Bruno Irl\u00e8s, l&rsquo;entra\u00eeneur des Girondins : son organisation de jeu est peu lisible. On ne comprend&hellip;\n","protected":false},"author":2,"featured_media":26233,"comment_status":"","ping_status":"","sticky":false,"template":"","format":"standard","meta":{"footnotes":""},"categories":[2817],"tags":[1111,11,2806,1997,8484,1442,1777,674,1011,27,1987,14979,1441,3289,15920,12,2219,25,3242,3982,2259,3789,3467,2858,17643],"class_list":{"0":"post-72806","1":"post","2":"type-post","3":"status-publish","4":"format-standard","5":"has-post-thumbnail","7":"category-bordeaux","8":"tag-actu","9":"tag-actualites","10":"tag-ailleurs","11":"tag-bordeaux","12":"tag-defaite","13":"tag-deja","14":"tag-eu","15":"tag-europe","16":"tag-fr","17":"tag-france","18":"tag-girondins","19":"tag-herbiers","20":"tag-joueur","21":"tag-leur","22":"tag-massabielle","23":"tag-news","24":"tag-nouvelle-aquitaine","25":"tag-republique-francaise","26":"tag-saison","27":"tag-samedi","28":"tag-score","29":"tag-signe","30":"tag-soir","31":"tag-stade","32":"tag-tete"},"share_on_mastodon":{"url":"https:\/\/pubeurope.com\/@fr\/114446213017800782","error":""},"_links":{"self":[{"href":"https:\/\/www.europesays.com\/fr\/wp-json\/wp\/v2\/posts\/72806","targetHints":{"allow":["GET"]}}],"collection":[{"href":"https:\/\/www.europesays.com\/fr\/wp-json\/wp\/v2\/posts"}],"about":[{"href":"https:\/\/www.europesays.com\/fr\/wp-json\/wp\/v2\/types\/post"}],"author":[{"embeddable":true,"href":"https:\/\/www.europesays.com\/fr\/wp-json\/wp\/v2\/users\/2"}],"replies":[{"embeddable":true,"href":"https:\/\/www.europesays.com\/fr\/wp-json\/wp\/v2\/comments?post=72806"}],"version-history":[{"count":0,"href":"https:\/\/www.europesays.com\/fr\/wp-json\/wp\/v2\/posts\/72806\/revisions"}],"wp:featuredmedia":[{"embeddable":true,"href":"https:\/\/www.europesays.com\/fr\/wp-json\/wp\/v2\/media\/26233"}],"wp:attachment":[{"href":"https:\/\/www.europesays.com\/fr\/wp-json\/wp\/v2\/media?parent=72806"}],"wp:term":[{"taxonomy":"category","embeddable":true,"href":"https:\/\/www.europesays.com\/fr\/wp-json\/wp\/v2\/categories?post=72806"},{"taxonomy":"post_tag","embeddable":true,"href":"https:\/\/www.europesays.com\/fr\/wp-json\/wp\/v2\/tags?post=72806"}],"curies":[{"name":"wp","href":"https:\/\/api.w.org\/{rel}","templated":true}]}}