{"id":72813,"date":"2025-05-03T22:20:08","date_gmt":"2025-05-03T22:20:08","guid":{"rendered":"https:\/\/www.europesays.com\/fr\/72813\/"},"modified":"2025-05-03T22:20:08","modified_gmt":"2025-05-03T22:20:08","slug":"le-marseillais-levon-et-son-groupe-il-cello-remportent-la-14e-saison","status":"publish","type":"post","link":"https:\/\/www.europesays.com\/fr\/72813\/","title":{"rendered":"le Marseillais Levon et son groupe Il Cello remportent la 14e saison"},"content":{"rendered":"<p>The Voice, saison 14, a son vainqueur\u00a0! Ou plut\u00f4t ses vainqueurs. Ce samedi 3\u00a0mai en direct sur TF1, <a href=\"https:\/\/www.laprovence.com\/article\/culture-loisirs\/1054860520545515\/levon-et-il-cello-en-finale-de-the-voice-on-sent-un-engouement-autour-du-trio\" target=\"_blank\" rel=\"noopener\">c\u2019est le groupe Il Cello, form\u00e9 par Florent Pagny, qui remporte cette 14e \u00e9dition<\/a>. Et parmi ces trois artistes, le Marseillais Levon.<\/p>\n<p>Le lyrique de Levon a s\u00e9duit<\/p>\n<p>Pour la premi\u00e8re fois de l\u2019histoire du t\u00e9l\u00e9crochet, c\u2019est un groupe qui soul\u00e8ve le troph\u00e9e. C\u2019\u00e9tait aussi la premi\u00e8re fois qu\u2019un groupe se hisse \u00e0 ce stade de la comp\u00e9tition.<\/p>\n<p><a href=\"https:\/\/www.laprovence.com\/article\/culture-loisirs\/4614057137749414\/the-voice-le-marseillais-levon-et-son-trio-il-cello-en-demi-finale-ce-samedi\" target=\"_blank\" rel=\"noopener\">Salvatore, S\u00e9bastien Longhi et Levon<\/a> ont eu la chance d\u2019ouvrir le bal en interpr\u00e9tant Adagio avec Lara Fabian. \u00ab\u00a0Leurs voix sont puissantes mais \u00e9galement tr\u00e8s \u00e9mouvantes\u00a0\u00bb, a m\u00eame confi\u00e9 la chanteuse \u00e0 l\u2019issue de la prestation.<\/p>\n<p>Apr\u00e8s le passage des autres finalistes, c\u2019est avec leur coach que les trois hommes ont partag\u00e9 la sc\u00e8ne. Ensemble, ils ont interpr\u00e9t\u00e9 Io le canto per te un titre compos\u00e9 par Calogero pour Florent Pagny.<\/p>\n<p>En fin d\u2019\u00e9mission, Il Cello a d\u00e9voil\u00e9 la chanson &#8211; comme les autres talents finalistes &#8211; compos\u00e9e pour eux\u00a0: \u00ab\u00a0Une femme\u00a0\u00bb. Une ode qui a paraph\u00e9 leur victoire. \u00ab\u00a0Cette chanson, c\u2019est un moment de bascule \u00e0 tous les trois dans notre carri\u00e8re\u00a0\u00bb, ont soulign\u00e9 les trois artistes.<\/p>\n<p>Un vrai pl\u00e9biscite<\/p>\n<p>Il Cello a finalement vol\u00e9 au-dessus de la comp\u00e9tition. Pour les votes, ils ont recueilli 49% des suffrages.<\/p>\n<p>Selon nos informations, le groupe pr\u00e9pare d\u00e9j\u00e0 un premier album et va collaborer avec Florent Pagny. \u00ab\u00a0Oh oui on va faire quelque chose ensemble\u00a0! Je les embarque avec moi\u00a0\u00bb, confirme ce samedi soir Florent Pagny qui permet une nouvelle fois \u00e0 un de ses talents de remporter The Voice.<\/p>\n","protected":false},"excerpt":{"rendered":"The Voice, saison 14, a son vainqueur\u00a0! Ou plut\u00f4t ses vainqueurs. Ce samedi 3\u00a0mai en direct sur TF1,&hellip;\n","protected":false},"author":2,"featured_media":72814,"comment_status":"","ping_status":"","sticky":false,"template":"","format":"standard","meta":{"footnotes":""},"categories":[2814],"tags":[17,1111,11,17646,251,1777,674,1011,27,2705,3988,761,884,12,882,25,3711,3989,3990],"class_list":{"0":"post-72813","1":"post","2":"type-post","3":"status-publish","4":"format-standard","5":"has-post-thumbnail","7":"category-marseille","8":"tag-17","9":"tag-actu","10":"tag-actualites","11":"tag-cello","12":"tag-culture","13":"tag-eu","14":"tag-europe","15":"tag-fr","16":"tag-france","17":"tag-groupe","18":"tag-levon","19":"tag-marseillais","20":"tag-marseille","21":"tag-news","22":"tag-provence-alpes-cote-dazur","23":"tag-republique-francaise","24":"tag-son","25":"tag-the","26":"tag-voice"},"share_on_mastodon":{"url":"https:\/\/pubeurope.com\/@fr\/114446232633301927","error":""},"_links":{"self":[{"href":"https:\/\/www.europesays.com\/fr\/wp-json\/wp\/v2\/posts\/72813","targetHints":{"allow":["GET"]}}],"collection":[{"href":"https:\/\/www.europesays.com\/fr\/wp-json\/wp\/v2\/posts"}],"about":[{"href":"https:\/\/www.europesays.com\/fr\/wp-json\/wp\/v2\/types\/post"}],"author":[{"embeddable":true,"href":"https:\/\/www.europesays.com\/fr\/wp-json\/wp\/v2\/users\/2"}],"replies":[{"embeddable":true,"href":"https:\/\/www.europesays.com\/fr\/wp-json\/wp\/v2\/comments?post=72813"}],"version-history":[{"count":0,"href":"https:\/\/www.europesays.com\/fr\/wp-json\/wp\/v2\/posts\/72813\/revisions"}],"wp:featuredmedia":[{"embeddable":true,"href":"https:\/\/www.europesays.com\/fr\/wp-json\/wp\/v2\/media\/72814"}],"wp:attachment":[{"href":"https:\/\/www.europesays.com\/fr\/wp-json\/wp\/v2\/media?parent=72813"}],"wp:term":[{"taxonomy":"category","embeddable":true,"href":"https:\/\/www.europesays.com\/fr\/wp-json\/wp\/v2\/categories?post=72813"},{"taxonomy":"post_tag","embeddable":true,"href":"https:\/\/www.europesays.com\/fr\/wp-json\/wp\/v2\/tags?post=72813"}],"curies":[{"name":"wp","href":"https:\/\/api.w.org\/{rel}","templated":true}]}}