{"id":72815,"date":"2025-05-03T22:21:07","date_gmt":"2025-05-03T22:21:07","guid":{"rendered":"https:\/\/www.europesays.com\/fr\/72815\/"},"modified":"2025-05-03T22:21:07","modified_gmt":"2025-05-03T22:21:07","slug":"n2-masculine-marseille-boucle-sa-saison-et-plonge-dans-une-nouvelle-ere","status":"publish","type":"post","link":"https:\/\/www.europesays.com\/fr\/72815\/","title":{"rendered":"N2 masculine : Marseille boucle sa saison et plonge dans une nouvelle \u00e8re"},"content":{"rendered":"<p>Il n&rsquo;y avait pas d&rsquo;enjeu comptable pour cette derni\u00e8re journ\u00e9e. Mais \u00e0 sa fa\u00e7on, cette rencontre avait son importance : celui de tourner la page d&rsquo;une saison de transition et de se projeter vers l&rsquo;avenir. Les Marseillais ont rapidement pris les devants face \u00e0 Brive, premier rel\u00e9gable, afin de s&rsquo;imposer en 3 sets. Le MV13 termine la saison en 5e position de la poule A de Nationale 2.<\/p>\n<p>\u00ab\u00a0Une place qui refl\u00e8te le niveau de la saison\u00a0\u00bb, selon l&rsquo;entra\u00eeneur St\u00e9phane Ramirez. Ce classement lui laisse n\u00e9anmoins des regrets, apr\u00e8s un d\u00e9but d&rsquo;exercice compliqu\u00e9, marqu\u00e9 par des blessures et l&rsquo;absence de cadres\u00a0: \u00ab\u00a0Personne ne s&rsquo;est vraiment d\u00e9gag\u00e9 comme leader. J&rsquo;aurais aim\u00e9 que les joueurs aient un peu plus d&rsquo;ambition car, malgr\u00e9 ce mauvais d\u00e9part, je pense qu&rsquo;on pouvait viser la troisi\u00e8me place.\u00a0\u00bb<\/p>\n<p>St\u00e9phane Ramirez c\u00e8de sa place \u00e0 C\u00e9dric Pinonc\u00e9ly<\/p>\n<p>Malgr\u00e9 cela, le technicien retient le positif\u00a0: \u00ab\u00a0C&rsquo;\u00e9tait une saison de transition. On a donn\u00e9 du temps de jeu \u00e0 des jeunes et on a pr\u00e9par\u00e9 les bases de la prochaine saison\u00a0\u00bb. Une dynamique salu\u00e9e par le pr\u00e9sident, Patrice Maudens\u00a0: \u00ab\u00a0La formation fonctionne bien chez les gar\u00e7ons et l&rsquo;\u00e9quipe masculine est globalement \u00e0 sa place\u00a0\u00bb.<\/p>\n<p>Le cap est d\u00e9sormais clair\u00a0: viser plus haut. Une ambition partag\u00e9e par toute la direction du club. \u00ab\u00a0On souhaite \u00e0 court terme retourner en \u00c9lite. Ce n&rsquo;est pas d\u00e9mesur\u00e9, il nous faut de bonnes recrues pour cela\u00a0\u00bb, assure le pr\u00e9sident. \u00ab\u00a0C&rsquo;est inconcevable que la deuxi\u00e8me ville de France n&rsquo;ait pas une \u00e9quipe de volley au plus haut niveau\u00a0\u00bb, ajoute Andr\u00e9 Ramirez, vice-pr\u00e9sident, d\u00e9termin\u00e9 \u00e0 faire briller la ville.<\/p>\n<p>Le match et la saison se sont conclus sur un hommage rendu \u00e0 St\u00e9phane Ramirez, qui c\u00e8de sa place de coach \u00e0 C\u00e9dric Pinonc\u00e9ly. Il continuera n\u00e9anmoins de s&rsquo;impliquer dans le d\u00e9veloppement du club.<\/p>\n<p>Marseille 3 &#8211; Brive 0<\/p>\n<p>Gymnase Rose-Fuveau. Arbitres : M. Mameri et Mme Gaudumet.<\/p>\n<p>Sets : 25-15 (21&prime;), 25-20 (24&prime;), 25-15 (22&prime;).<\/p>\n<p>Marseille : Gallon, Duflos, Pantel, Boussa\u00efd, El Maknasy, Metot (lib\u00e9ro).<\/p>\n<p>Entra\u00eeneur : St\u00e9phane Ramirez.<\/p>\n<p>Brive : Milovanovic, Le Naour, Bajic (cap.), Hamelin, Dutheil, Al Jaf<\/p>\n<p>Entra\u00eeneur : Milovanovic Zeljko.<\/p>\n","protected":false},"excerpt":{"rendered":"Il n&rsquo;y avait pas d&rsquo;enjeu comptable pour cette derni\u00e8re journ\u00e9e. Mais \u00e0 sa fa\u00e7on, cette rencontre avait son&hellip;\n","protected":false},"author":2,"featured_media":72816,"comment_status":"","ping_status":"","sticky":false,"template":"","format":"standard","meta":{"footnotes":""},"categories":[2814],"tags":[17,1111,11,17647,1446,1777,674,1011,27,884,1774,12,5491,882,25,3242,60,1470],"class_list":{"0":"post-72815","1":"post","2":"type-post","3":"status-publish","4":"format-standard","5":"has-post-thumbnail","7":"category-marseille","8":"tag-17","9":"tag-actu","10":"tag-actualites","11":"tag-boucle","12":"tag-dans","13":"tag-eu","14":"tag-europe","15":"tag-fr","16":"tag-france","17":"tag-marseille","18":"tag-masculine","19":"tag-news","20":"tag-plonge","21":"tag-provence-alpes-cote-dazur","22":"tag-republique-francaise","23":"tag-saison","24":"tag-sports","25":"tag-volley"},"share_on_mastodon":{"url":"https:\/\/pubeurope.com\/@fr\/114446236603264401","error":""},"_links":{"self":[{"href":"https:\/\/www.europesays.com\/fr\/wp-json\/wp\/v2\/posts\/72815","targetHints":{"allow":["GET"]}}],"collection":[{"href":"https:\/\/www.europesays.com\/fr\/wp-json\/wp\/v2\/posts"}],"about":[{"href":"https:\/\/www.europesays.com\/fr\/wp-json\/wp\/v2\/types\/post"}],"author":[{"embeddable":true,"href":"https:\/\/www.europesays.com\/fr\/wp-json\/wp\/v2\/users\/2"}],"replies":[{"embeddable":true,"href":"https:\/\/www.europesays.com\/fr\/wp-json\/wp\/v2\/comments?post=72815"}],"version-history":[{"count":0,"href":"https:\/\/www.europesays.com\/fr\/wp-json\/wp\/v2\/posts\/72815\/revisions"}],"wp:featuredmedia":[{"embeddable":true,"href":"https:\/\/www.europesays.com\/fr\/wp-json\/wp\/v2\/media\/72816"}],"wp:attachment":[{"href":"https:\/\/www.europesays.com\/fr\/wp-json\/wp\/v2\/media?parent=72815"}],"wp:term":[{"taxonomy":"category","embeddable":true,"href":"https:\/\/www.europesays.com\/fr\/wp-json\/wp\/v2\/categories?post=72815"},{"taxonomy":"post_tag","embeddable":true,"href":"https:\/\/www.europesays.com\/fr\/wp-json\/wp\/v2\/tags?post=72815"}],"curies":[{"name":"wp","href":"https:\/\/api.w.org\/{rel}","templated":true}]}}