{"id":72819,"date":"2025-05-03T22:23:15","date_gmt":"2025-05-03T22:23:15","guid":{"rendered":"https:\/\/www.europesays.com\/fr\/72819\/"},"modified":"2025-05-03T22:23:15","modified_gmt":"2025-05-03T22:23:15","slug":"a-lyon-un-essaim-accroche-a-une-voiture-surprend-une-famille","status":"publish","type":"post","link":"https:\/\/www.europesays.com\/fr\/72819\/","title":{"rendered":"\u00e0 Lyon, un essaim accroch\u00e9 \u00e0 une voiture surprend une famille"},"content":{"rendered":"<p>C\u2019est une sc\u00e8ne assez insolite \u00e0 laquelle a assist\u00e9 Romain B., ce samedi apr\u00e8s-midi \u00e0 Lyon, alors qu\u2019il se promenait avec sa femme et a fille de 6 ans.<\/p>\n<p>Vers 15\u00a0h\u00a030, alors qu\u2019ils arrivent \u00e0 l\u2019angle de la rue Saint-J\u00e9r\u00f4me et de la rue du P\u00e8re-Chevrier, les fl\u00e2neurs aper\u00e7oivent, avec une certaine stup\u00e9faction, un Renault Sc\u00e9nic sur laquelle s\u2019est greff\u00e9 un essaim d\u2019abeilles, au niveau du coffre.<\/p>\n<p>\u00ab\u00a0C\u2019\u00e9tait tr\u00e8s impressionnant, t\u00e9moigne Romain, il y avait des abeilles qui bourdonnaient partout dans la rue.\u00a0\u00bb Et un peu effrayant, ajoutant que lui et sa famille sont rest\u00e9s \u00e0 bonne distance du v\u00e9hicule.<\/p>\n<p>Ce contenu est bloqu\u00e9 car vous n&rsquo;avez pas accept\u00e9 les cookies et autres traceurs.<\/p>\n<p>En cliquant sur \u00ab J\u2019accepte \u00bb, les cookies et autres traceurs seront d\u00e9pos\u00e9s et vous pourrez visualiser les contenus  (<a href=\"\" class=\"consentModule_policy\" target=\"_blank\" title=\"Consulter la politique de protection des donn\u00e9es du fournisseur\">plus d&rsquo;informations<\/a>).<\/p>\n<p>En cliquant sur \u00ab J\u2019accepte tous les cookies \u00bb, vous autorisez des d\u00e9p\u00f4ts de cookies et autres traceurs pour le stockage de vos donn\u00e9es sur nos sites et applications \u00e0 des fins de personnalisation et de ciblage publicitaire.<\/p>\n<p class=\"consentModule_secondaryText\">Vous gardez la possibilit\u00e9 de retirer votre consentement \u00e0 tout moment en consultant notre <a href=\"https:\/\/www.leprogres.fr\/protection-des-donnees\" target=\"_blank\" title=\"Consulter notre politique de protection des donn\u00e9es\" rel=\"nofollow noopener\">politique de protection des donn\u00e9es<\/a>. <br \/>&#13;<br \/>\n            <a href=\"https:\/\/www.leprogres.fr\/faits-divers-justice\/2025\/05\/03\/javascript:Didomi.notice.show()\" class=\"consentModule_cmp\" rel=\"nofollow noopener\" target=\"_blank\">G\u00e9rer mes choix<\/a>&#13;\n        <\/p>\n<p>&#13;<br \/>\n                        J&rsquo;accepte&#13;<br \/>\n            J&rsquo;accepte tous les cookies&#13;\n        <\/p>\n<p>  Le Miel et les Abeilles<\/p>\n<p>Romain compose alors le 112, et l\u2019op\u00e9rateur lui assure que des services comp\u00e9tents allaient s\u2019occuper de l\u2019essaim. \u00ab\u00a0Au t\u00e9l\u00e9phone, ils m\u2019ont dit que ce ph\u00e9nom\u00e8ne n\u2019\u00e9tait pas rare \u00e0 ce moment de l\u2019ann\u00e9e.\u00a0\u00bb En effet, la p\u00e9riode d\u2019essaimage a lieu g\u00e9n\u00e9ralement entre avril et fin juin.\u00a0Contact\u00e9s en fin d\u2019apr\u00e8s-midi par Le Progr\u00e8s , les pompiers n\u2019avaient toutefois pas trace de l\u2019intervention.<\/p>\n<p>Avant de raccrocher, la fille de Romain tient \u00e0 apporter, elle aussi, son t\u00e9moignage \u00e0 notre journal\u00a0: \u00ab\u00a0J\u2019ai peur des abeilles\u2026 Mais j\u2019aime bien le miel\u00a0!\u00a0\u00bb<\/p>\n","protected":false},"excerpt":{"rendered":"C\u2019est une sc\u00e8ne assez insolite \u00e0 laquelle a assist\u00e9 Romain B., ce samedi apr\u00e8s-midi \u00e0 Lyon, alors qu\u2019il&hellip;\n","protected":false},"author":2,"featured_media":72820,"comment_status":"","ping_status":"","sticky":false,"template":"","format":"standard","meta":{"footnotes":""},"categories":[1889],"tags":[1111,11,2430,2757,1777,674,274,107,1011,27,1757,2428,2756,12,25,2429],"class_list":{"0":"post-72819","1":"post","2":"type-post","3":"status-publish","4":"format-standard","5":"has-post-thumbnail","7":"category-lyon","8":"tag-actu","9":"tag-actualites","10":"tag-auvergne-rhone-alpes","11":"tag-edition-lyon-villeurbanne","12":"tag-eu","13":"tag-europe","14":"tag-faits-divers-justice","15":"tag-fil-info","16":"tag-fr","17":"tag-france","18":"tag-insolite","19":"tag-lyon","20":"tag-lyon-bassin","21":"tag-news","22":"tag-republique-francaise","23":"tag-rhone"},"share_on_mastodon":{"url":"https:\/\/pubeurope.com\/@fr\/114446244409355098","error":""},"_links":{"self":[{"href":"https:\/\/www.europesays.com\/fr\/wp-json\/wp\/v2\/posts\/72819","targetHints":{"allow":["GET"]}}],"collection":[{"href":"https:\/\/www.europesays.com\/fr\/wp-json\/wp\/v2\/posts"}],"about":[{"href":"https:\/\/www.europesays.com\/fr\/wp-json\/wp\/v2\/types\/post"}],"author":[{"embeddable":true,"href":"https:\/\/www.europesays.com\/fr\/wp-json\/wp\/v2\/users\/2"}],"replies":[{"embeddable":true,"href":"https:\/\/www.europesays.com\/fr\/wp-json\/wp\/v2\/comments?post=72819"}],"version-history":[{"count":0,"href":"https:\/\/www.europesays.com\/fr\/wp-json\/wp\/v2\/posts\/72819\/revisions"}],"wp:featuredmedia":[{"embeddable":true,"href":"https:\/\/www.europesays.com\/fr\/wp-json\/wp\/v2\/media\/72820"}],"wp:attachment":[{"href":"https:\/\/www.europesays.com\/fr\/wp-json\/wp\/v2\/media?parent=72819"}],"wp:term":[{"taxonomy":"category","embeddable":true,"href":"https:\/\/www.europesays.com\/fr\/wp-json\/wp\/v2\/categories?post=72819"},{"taxonomy":"post_tag","embeddable":true,"href":"https:\/\/www.europesays.com\/fr\/wp-json\/wp\/v2\/tags?post=72819"}],"curies":[{"name":"wp","href":"https:\/\/api.w.org\/{rel}","templated":true}]}}