{"id":72858,"date":"2025-05-03T22:45:11","date_gmt":"2025-05-03T22:45:11","guid":{"rendered":"https:\/\/www.europesays.com\/fr\/72858\/"},"modified":"2025-05-03T22:45:11","modified_gmt":"2025-05-03T22:45:11","slug":"sans-lui-je-savais-que-jetais-le-meilleur","status":"publish","type":"post","link":"https:\/\/www.europesays.com\/fr\/72858\/","title":{"rendered":"\u00ab\u00a0Sans lui, je savais que j&rsquo;\u00e9tais le meilleur\u00a0\u00bb"},"content":{"rendered":"<p>Une premi\u00e8re victoire en MotoGP\u2122 pour Alex M\u00e1rquez (BK8 Gresini Racing MotoGP\u2122), une erreur de Marc M\u00e1rquez (Ducati Lenovo Team) et un week-end sublime pour Fabio Quartararo (Monster Energy Yamaha MotoGP\u2122). Le GP d&rsquo;Espagne 2025 a fait beaucoup parler alors comme d&rsquo;habitude, plongeons-nous dans les d\u00e9clarations les plus croustillantes du week-end.<\/p>\n<p>\u00ab Sans lui, je savais que j&rsquo;\u00e9tais le meilleur \u00bb<\/p>\n<p>Cal\u00e9 dans la roue de Marc M\u00e1rquez au moment o\u00f9 le n\u00b093 a perdu l&rsquo;avant au virage 8, Alex M\u00e1rquez a tout de suite su qu&rsquo;il disposait d&rsquo;une occasion en or de remporter sa premi\u00e8re victoire en MotoGP\u2122.<\/p>\n<p>\u00ab Je savais que l&rsquo;opportunit\u00e9 d&rsquo;aujourd&rsquo;hui \u00e9tait \u00e9norme. J&rsquo;ai essay\u00e9 de rester tr\u00e8s concentr\u00e9, surtout quand j&rsquo;ai vu Marc chuter dans le virage 8. Je me suis dit : \u00ab\u00a0Aujourd&rsquo;hui, c&rsquo;est ton jour\u00a0\u00bb. J&rsquo;ai juste essay\u00e9 de d\u00e9passer ces deux gars. Je savais qu&rsquo;avec Marc en piste aujourd&rsquo;hui j&rsquo;aurais quelques opportunit\u00e9s mais sans lui, je savais que j&rsquo;\u00e9tais le meilleur. Je suis donc rest\u00e9 concentr\u00e9 et j&rsquo;ai continu\u00e9 \u00e0 avancer. Quand j&rsquo;ai d\u00e9pass\u00e9 Fabio, j&rsquo;ai juste essay\u00e9 de garder mon rythme sans faire de folies et rallier l&rsquo;arriv\u00e9e \u00bb.<\/p>\n<p>\u00ab Quand il a perdu l&rsquo;avant, \u00e0 ce moment-l\u00e0, j&rsquo;ai dit dans mon casque : \u00ab\u00a0Non !\u00a0\u00bb, parce qu&rsquo;il a essay\u00e9 de la rattraper plusieurs fois et puis il a disparu sur le c\u00f4t\u00e9. \u00c0 ce moment-l\u00e0, j&rsquo;ai eu un d\u00e9clic. Il m&rsquo;a activ\u00e9. C&rsquo;est ce que j&rsquo;ai dit quand je l&rsquo;ai vu chuter. J&rsquo;ai dit : \u00ab\u00a0c&rsquo;est ton jour. Tu ne peux pas laisser passer une nouvelle opportunit\u00e9 comme \u00e0 Austin\u00a0\u00bb. C&rsquo;\u00e9tait \u00e9mouvant pendant une demi-seconde, puis je me suis concentr\u00e9 sur ma course \u00bb.<\/p>\n<p>\u00ab Mentalement, c&rsquo;est une \u00e9tape importante \u00bb<\/p>\n<p>La forme est temporaire, la classe est permanente. La pole position et la deuxi\u00e8me place en GP de Fabio Quartararo constituent un v\u00e9ritable motif d&rsquo;encouragement pour le Fran\u00e7ais et son \u00e9quipe ainsi qu&rsquo;un rappel du talent du Champion du Monde 2021.<\/p>\n<p>\u00ab J&rsquo;ai vraiment appr\u00e9ci\u00e9 le GP. Cela faisait des ann\u00e9es que je n&rsquo;avais pas men\u00e9 une course MotoGP\u2122. La sensation de n&rsquo;avoir personne devant soi est incroyable. Mentalement, c&rsquo;est une \u00e9tape importante de savoir qu&rsquo;on est rapides. On sait qu&rsquo;on peut se battre avec ces gars-l\u00e0 mais je pense que pour les prochaines courses, on ne doit pas avoir s&rsquo;attendre \u00e0 quoique ce soit \u00bb.<\/p>\n<p>\u00ab La moto est la m\u00eame que lors des deux derniers GP et on sait \u00e0 quel point on a eu du mal au Qatar, donc on doit rester calmes. Le jour o\u00f9 on aura l&rsquo;opportunit\u00e9 de faire ce genre de GP, on en profitera autant que possible pour faire ce qu&rsquo;on a fait \u00bb.<\/p>\n<p>\u00ab On veut \u00eatre pr\u00eats pour une wildcard \u00bb<\/p>\n<p>Pour rester sur Yamaha, les progr\u00e8s du moteur V4 de l&rsquo;usine japonaise ont \u00e9t\u00e9 \u00e9voqu\u00e9s \u00e0 Jerez apr\u00e8s des essais priv\u00e9s \u00e0 Valence avant le GP d&rsquo;Espagne. Au cours du week-end, le directeur g\u00e9n\u00e9ral de Yamaha Motor Racing, Paolo Pavesio, a fait le point sur la date \u00e0 laquelle on pourrait voir le constructeur d&rsquo;Iwata rouler avec un moteur V4.<\/p>\n<p>\u00ab Oui, je peux dire que c&rsquo;est notre objectif. Si on est capables d&rsquo;atteindre cet objectif, on le verra. On veut \u00eatre pr\u00eats pour une wildcard, donc on veut \u00eatre pr\u00eats avec Augusto en piste pour comparer notre V4. Si notre nouvelle moto est assez bonne et plus rapide que la moto actuelle, il y a une possibilit\u00e9 de rouler avec celle-ci l&rsquo;ann\u00e9e prochaine \u00bb.<\/p>\n<p>\u00ab Je ne suis pas satisfait de courses comme celle-l\u00e0 \u00bb<\/p>\n<p>Francesco Bagnaia (Ducati Lenovo Team) a empoch\u00e9 des points importants \u00e0 Jerez avec une troisi\u00e8me place en Grand Prix mais le vainqueur des GP d&rsquo;Espagne 2022, 2023 et 2024 n&rsquo;avait pas forc\u00e9ment le sourire l&rsquo;arriv\u00e9e.<\/p>\n<p>\u00ab Je ne suis pas satisfait de courses comme celle-l\u00e0. Je ne peux plus rien faire. J&rsquo;\u00e9tais assez content pendant les trois ou quatre premiers tours car mes sensations et mon rythme \u00e9taient tr\u00e8s bons. D\u00e8s que j&rsquo;ai rejoint Fabio, je n&rsquo;ai plus eu aucune chance de le d\u00e9passer. Chaque fois que j&rsquo;arrivais aux virages sept, huit, 11 et 12, je perdais beaucoup. L&rsquo;avant se bloquait beaucoup et je perdais partout. C&rsquo;est dommage que ce soit comme \u00e7a, mais c&rsquo;est la situation actuelle \u00bb.<\/p>\n<p>\u00ab Heureusement, on a un test important demain. On va beaucoup travailler pour trouver un meilleur \u00e9quilibre car pour l&rsquo;instant on a du mal. C&rsquo;est \u00e9trange que je sois en difficult\u00e9 cette saison dans les virages 11 et 12 surtout quand je suis derri\u00e8re alors que j&rsquo;\u00e9tais tr\u00e8s fort l&rsquo;an pass\u00e9. Je regardais Alex, il \u00e9tait super fort comme je l&rsquo;\u00e9tais l&rsquo;ann\u00e9e derni\u00e8re. Peut-\u00eatre qu&rsquo;on doit changer quelque chose sur la moto pour modifier l&rsquo;\u00e9quilibre. Demain sera une journ\u00e9e importante \u00bb.<\/p>\n<p>\u00ab Je dois apprendre de ces erreurs \u00bb<\/p>\n<p>Devant plus de 100 000 spectateurs acquis \u00e0 sa cause, Marc M\u00e1rquez a finalement v\u00e9cu un dimanche d\u00e9cevant. Le sextuple Champion du Monde MotoGP\u2122 reconna\u00eet que s&rsquo;il veut se battre pour le titre en 2025, il doit apprendre de ces erreurs.<\/p>\n<p>\u00ab Deux fois le dimanche, c&rsquo;est donc l\u00e0 que je dois continuer \u00e0 m&rsquo;am\u00e9liorer et essayer de comprendre le caract\u00e8re de cette moto sur laquelle je me sens super bien. Mais c&rsquo;est ce genre d&rsquo;erreurs que, par exemple aujourd&rsquo;hui, je ne comprends pas tr\u00e8s bien. La moto fonctionne super bien parce que, comme on le voit, sans les ailes, sans tout, je roulais bien. Si je veux me battre pour le Championnat, je dois apprendre de ces erreurs \u00bb.<\/p>\n<p>\u00ab On a fait des progr\u00e8s aujourd&rsquo;hui \u00bb<\/p>\n<p>Le Grand Prix de dimanche a \u00e9t\u00e9 une journ\u00e9e bien plus positive pour KTM. La quatri\u00e8me place de Maverick Vi\u00f1ales (Red Bull KTM Tech3) a de quoi ravir le clan orange tout comme la sixi\u00e8me position de Brad Binder (Red Bull KTM Factory Racing), qui signe son meilleur r\u00e9sultat de la saison.<\/p>\n<p>\u00ab On est bien plus satisfaits de la fa\u00e7on dont on a g\u00e9r\u00e9 la course aujourd&rsquo;hui. On a apport\u00e9 des changements importants \u00e0 la moto et elle tournait bien mieux aujourd&rsquo;hui. Cela m&rsquo;a permis de g\u00e9rer les difficult\u00e9s que j&rsquo;avais. L&rsquo;adh\u00e9rence en virage \u00e9tait meilleure. Donc oui, on a fait quelques progr\u00e8s aujourd&rsquo;hui, c&rsquo;est s\u00fbr. C&rsquo;est bien de faire une remont\u00e9e positive. Je dois vraiment travailler sur mon rythme. Je ne suis pas assez rapide, c&rsquo;est certain, mais j&rsquo;ai une bonne r\u00e9gularit\u00e9. C&rsquo;est l\u00e0 que je dois trouver un peu plus de confort pour essayer de pousser un peu plus et si j&rsquo;y parviens, je pense qu&rsquo;on peut faire de sacr\u00e9s progr\u00e8s \u00bb.<\/p>\n","protected":false},"excerpt":{"rendered":"Une premi\u00e8re victoire en MotoGP\u2122 pour Alex M\u00e1rquez (BK8 Gresini Racing MotoGP\u2122), une erreur de Marc M\u00e1rquez (Ducati&hellip;\n","protected":false},"author":2,"featured_media":72859,"comment_status":"","ping_status":"","sticky":false,"template":"","format":"standard","meta":{"footnotes":""},"categories":[1413],"tags":[1011,27,1457,1456,60,2032],"class_list":{"0":"post-72858","1":"post","2":"type-post","3":"status-publish","4":"format-standard","5":"has-post-thumbnail","7":"category-moto","8":"tag-fr","9":"tag-france","10":"tag-moto","11":"tag-motocycle","12":"tag-sports","13":"tag-text"},"share_on_mastodon":{"url":"https:\/\/pubeurope.com\/@fr\/114446330950666049","error":""},"_links":{"self":[{"href":"https:\/\/www.europesays.com\/fr\/wp-json\/wp\/v2\/posts\/72858","targetHints":{"allow":["GET"]}}],"collection":[{"href":"https:\/\/www.europesays.com\/fr\/wp-json\/wp\/v2\/posts"}],"about":[{"href":"https:\/\/www.europesays.com\/fr\/wp-json\/wp\/v2\/types\/post"}],"author":[{"embeddable":true,"href":"https:\/\/www.europesays.com\/fr\/wp-json\/wp\/v2\/users\/2"}],"replies":[{"embeddable":true,"href":"https:\/\/www.europesays.com\/fr\/wp-json\/wp\/v2\/comments?post=72858"}],"version-history":[{"count":0,"href":"https:\/\/www.europesays.com\/fr\/wp-json\/wp\/v2\/posts\/72858\/revisions"}],"wp:featuredmedia":[{"embeddable":true,"href":"https:\/\/www.europesays.com\/fr\/wp-json\/wp\/v2\/media\/72859"}],"wp:attachment":[{"href":"https:\/\/www.europesays.com\/fr\/wp-json\/wp\/v2\/media?parent=72858"}],"wp:term":[{"taxonomy":"category","embeddable":true,"href":"https:\/\/www.europesays.com\/fr\/wp-json\/wp\/v2\/categories?post=72858"},{"taxonomy":"post_tag","embeddable":true,"href":"https:\/\/www.europesays.com\/fr\/wp-json\/wp\/v2\/tags?post=72858"}],"curies":[{"name":"wp","href":"https:\/\/api.w.org\/{rel}","templated":true}]}}