{"id":72862,"date":"2025-05-03T22:47:12","date_gmt":"2025-05-03T22:47:12","guid":{"rendered":"https:\/\/www.europesays.com\/fr\/72862\/"},"modified":"2025-05-03T22:47:12","modified_gmt":"2025-05-03T22:47:12","slug":"cyclisme-fleche-ardennaise-jarno-widar-enchaine-sous-la-pluie-et-domine-lorenzo-finn","status":"publish","type":"post","link":"https:\/\/www.europesays.com\/fr\/72862\/","title":{"rendered":"Cyclisme. Fl\u00e8che Ardennaise &#8211; Jarno Widar encha\u00eene sous la pluie et domine Lorenzo Finn"},"content":{"rendered":"<p>Consid\u00e9r\u00e9e comme l&rsquo;une des courses r\u00e9v\u00e9lant les grands talents, sur un parcours pr\u00e9sentant\u00a03.700 m\u00e8tres de d\u00e9nivel\u00e9 et 17 c\u00f4tes, dont\u00a0certaines des c\u00e9l\u00e8bres c\u00f4tes ardennaises de\u00a0<strong><a href=\"https:\/\/www.cyclismactu.net\/..\/news-liege-bastogne-liege-u23-route-jarno-widar-gagne-un-francais-pied-du-podium-87440.html\" target=\"_blank\" rel=\"noopener\">Li\u00e8ge-Bastogne-Li\u00e8ge<\/a><\/strong>, la 60e \u00e9dition de la\u00a0<strong>Fl\u00e8che Ardennaise<\/strong>\u00a0n&rsquo;a encore une fois pas \u00e9chapp\u00e9 \u00e0 la r\u00e8gle avec la victoire du tr\u00e8s prometteur\u00a0<strong><a href=\"https:\/\/www.cyclismactu.net\/..\/news-liege-bastogne-liege-u23-route-jarno-widar-l-une-des-courses-dont-reve-87443.html\" target=\"_blank\" rel=\"noopener\">Jarno Widar<\/a><\/strong>\u00a0ce samedi, dans des conditions climatiques dantesques ! D\u00e9j\u00e0 deuxi\u00e8me de la classique belge l&rsquo;an pass\u00e9 derri\u00e8re son co\u00e9quipier\u00a0<strong>Milan Donie<\/strong>, la p\u00e9pite de 19 ans a permis \u00e0 la<strong>\u00a0Lotto Development Team<\/strong>\u00a0de conserver son bien \u00e0 domicile en remportant son duel avec un autre prodige, le champion du monde Juniors\u00a0<strong>Lorenzo Finn<\/strong> (Red Bull-BORA-hansgrohe Rookies). Apr\u00e8s une neutralisation \u00e0 la mi-course suite \u00e0 un violent orage, les deux coureurs se sont isol\u00e9s\u00a0dans le final apr\u00e8s une attaque tranchante de <strong>Widar<\/strong> dans la c\u00f4te de Stockeu, \u00e0 12 bornes du but. Mais alors qu&rsquo;on se dirigeait vers un sprint \u00e0 deux, l&rsquo;Italien a \u00e9t\u00e9 victime d&rsquo;un incident technique, et le jeune Belge a donc pu tranquillement lever les bras.<\/p>\n<p>Vid\u00e9o &#8211; Jarno Widar encha\u00eene les victoires de prestige en U23 ! Lire la suite de l&rsquo;article&#13;<\/p>\n<p>\u00a0<\/p>\n<p>&#13;<br \/>\n\u00ab\u00a0Dommage qu&rsquo;il n&rsquo;y ait pas eu de vrai sprint,\u00a0Lorenzo a dit qu&rsquo;il a eu un probl\u00e8me\u00a0\u00bb&#13;<\/p>\n<p>Le Luxembourgeois <strong>Mats Wenzel<\/strong> (Equipo Kern Pharma) compl\u00e8te le podium du jour \u00e0 39 secondes du duo de t\u00eate. D\u00e9j\u00e0 vainqueur de la version U23 de <strong>La Doyenne<\/strong> il y a deux semaines et 2e du <strong>Circuit des Ardennes<\/strong>\u00a0avec une victoire d&rsquo;\u00e9tape,\u00a0<strong>Jarno Widar <\/strong>confirme donc son statut de \u00ab\u00a0roi des Ardennes\u00a0\u00bb sur le circuit Espoirs. \u00ab\u00a0La Fl\u00e8che a un parcours magnifique, je suis donc ravi de cette victoire\u00a0\u00bb, s&rsquo;est-il r\u00e9joui dans le communiqu\u00e9 publi\u00e9 par son \u00e9quipe. \u00ab\u00a0L&rsquo;\u00e9quipe a travaill\u00e9 pour moi toute la journ\u00e9e et ils ont fait un excellent travail. Je suis content d&rsquo;avoir pu conclure pour eux. Dommage qu&rsquo;il n&rsquo;y ait pas eu de vrai sprint. Lorenzo a dit qu&rsquo;il avait un probl\u00e8me avec son casque. Un sprint \u00e0 deux aurait rendu la chose plus palpitante, mais c&rsquo;est comme \u00e7a. La Fl\u00e8che Ardennaise est la plus belle course de Belgique. C&rsquo;est un parcours magnifique avec un final magnifique, donc je suis vraiment fier de remporter cette course\u00a0\u00bb, a-t-il conclu.<\/p>\n","protected":false},"excerpt":{"rendered":"Consid\u00e9r\u00e9e comme l&rsquo;une des courses r\u00e9v\u00e9lant les grands talents, sur un parcours pr\u00e9sentant\u00a03.700 m\u00e8tres de d\u00e9nivel\u00e9 et 17&hellip;\n","protected":false},"author":2,"featured_media":72863,"comment_status":"","ping_status":"","sticky":false,"template":"","format":"standard","meta":{"footnotes":""},"categories":[1411],"tags":[1154,207,211,17650,1011,27,209,60,210,212,208,213],"class_list":{"0":"post-72862","1":"post","2":"type-post","3":"status-publish","4":"format-standard","5":"has-post-thumbnail","7":"category-cyclisme","8":"tag-cycling","9":"tag-cyclisme","10":"tag-ffc","11":"tag-fleche-ardennaise","12":"tag-fr","13":"tag-france","14":"tag-route","15":"tag-sports","16":"tag-tour-de-france","17":"tag-uci","18":"tag-velo","19":"tag-world-tour"},"share_on_mastodon":{"url":"https:\/\/pubeurope.com\/@fr\/114446338879723348","error":""},"_links":{"self":[{"href":"https:\/\/www.europesays.com\/fr\/wp-json\/wp\/v2\/posts\/72862","targetHints":{"allow":["GET"]}}],"collection":[{"href":"https:\/\/www.europesays.com\/fr\/wp-json\/wp\/v2\/posts"}],"about":[{"href":"https:\/\/www.europesays.com\/fr\/wp-json\/wp\/v2\/types\/post"}],"author":[{"embeddable":true,"href":"https:\/\/www.europesays.com\/fr\/wp-json\/wp\/v2\/users\/2"}],"replies":[{"embeddable":true,"href":"https:\/\/www.europesays.com\/fr\/wp-json\/wp\/v2\/comments?post=72862"}],"version-history":[{"count":0,"href":"https:\/\/www.europesays.com\/fr\/wp-json\/wp\/v2\/posts\/72862\/revisions"}],"wp:featuredmedia":[{"embeddable":true,"href":"https:\/\/www.europesays.com\/fr\/wp-json\/wp\/v2\/media\/72863"}],"wp:attachment":[{"href":"https:\/\/www.europesays.com\/fr\/wp-json\/wp\/v2\/media?parent=72862"}],"wp:term":[{"taxonomy":"category","embeddable":true,"href":"https:\/\/www.europesays.com\/fr\/wp-json\/wp\/v2\/categories?post=72862"},{"taxonomy":"post_tag","embeddable":true,"href":"https:\/\/www.europesays.com\/fr\/wp-json\/wp\/v2\/tags?post=72862"}],"curies":[{"name":"wp","href":"https:\/\/api.w.org\/{rel}","templated":true}]}}