{"id":72866,"date":"2025-05-03T22:49:08","date_gmt":"2025-05-03T22:49:08","guid":{"rendered":"https:\/\/www.europesays.com\/fr\/72866\/"},"modified":"2025-05-03T22:49:08","modified_gmt":"2025-05-03T22:49:08","slug":"thierry-ardisson-on-a-cherche-a-cancelliser-lhomme-blanc-de-plus-de-50-ans-que-je-suis-la-tribune","status":"publish","type":"post","link":"https:\/\/www.europesays.com\/fr\/72866\/","title":{"rendered":"Thierry Ardisson : \u00ab On a cherch\u00e9 \u00e0 &quot;cancelliser&quot; l&#039;homme blanc de plus de 50 ans que je suis \u00bb &#8211; La Tribune"},"content":{"rendered":"<ol>\n<li><a href=\"https:\/\/news.google.com\/rss\/articles\/CBMijAJBVV95cUxPa3UwdC1takJjcFFGdm5EM1BTaE14alVMSEpHNVNKZlJHTTRRNUZXcHI5bkxMT3A0WEhMaFQxR09sU0RkbW9SSUZLVFhXNGp4dG9jMjlsdWRlT2wxYlBuc19UZkJLRWFkS3I2WEtLV2xkV3o4ZFQyVjRvdk1uX0ZFOHJSanRKeE43WW1OOTFWYUFjNDBsRldUd09KZzhVdFpUUjczNjFDWUFBLVVHUF9Cc2Uwa3BOSWk2NHJMUDFUT2NwUWVsS25JdWtMcHFVdzVoZW1XRnQ4czY2OGxHQUlNcUFwM1ljNEVYelBlbTVra0twMl85SVhFdXJSU004bGlNRF9UcE5RUWI0RFFm?oc=5\" target=\"_blank\" rel=\"nofollow noopener\">Thierry Ardisson : \u00ab On a cherch\u00e9 \u00e0 \u00ab\u00a0cancelliser\u00a0\u00bb l&rsquo;homme blanc de plus de 50 ans que je suis \u00bb<\/a>&nbsp;&nbsp;La Tribune<\/li>\n<li><a href=\"https:\/\/news.google.com\/rss\/articles\/CBMi5AFBVV95cUxQSFI1VHFyYmRWcjlqc0h6djd5RkFmWXl3R0ItZzlfVTNFa2JRZkNlRG9aWS1FSEljRTZiaVB0LUhTYk9fYzg2Z3VMUnJfb3N1V3JLOWpaQnhUSHU5Um9TdG9ZamRDcEhPMVZkazdKUEY1MktTRHFibUN4YzBRODZ6eDJsVjl0RWxYanJLOWdZYlBCbEZZNUQyZldsdUg1dVRCSlRFYkNPSlM3dmQ3M0J1VkowbmNaQWFiOGYxLUc1aVhOdmRuYmlHSTZEWHA5Z3VBVUdKSnpBb1d6TWxrdE5yOW43cGs?oc=5\" target=\"_blank\" rel=\"nofollow noopener\">Quelle \u00c9poque : Nicolas Bedos sort du silence face \u00e0 L\u00e9a Salam\u00e9 ce soir sur France 2<\/a>&nbsp;&nbsp;T\u00e9l\u00e9 7 Jours<\/li>\n<li><a href=\"https:\/\/news.google.com\/rss\/articles\/CBMiygFBVV95cUxPNkxkWjhnV0dNVjBuNmVHTmhQVDdQN3cwZmw0SWR5NFQ5XzRRcUR6SmFZdkZnZkRfcUQxV052bDJiYlRLdHFONTM4TGV1MWpNVDB5Q09fLUpnSVBsd1F3Uk9WSExmT2dVRTA5WWw4SUtleS1iSktnT0hxM3dicjgwQkk0SVFJZmQwZEVGRXZHc3BDUUJ6QkE2bDlaRDZUaWJKeFR4aFhsVlpwbTM1a2NZTDBFSVh6Q0Rsbk9Ub0ZQSk0zLXpfcV93YmhR?oc=5\" target=\"_blank\" rel=\"nofollow noopener\">Qui sont les invit\u00e9s de L\u00e9a Salam\u00e9 dans \u00abQuelle \u00e9poque!\u00bb ce samedi 3 mai ?<\/a>&nbsp;&nbsp;TV Magazine<\/li>\n<li><a href=\"https:\/\/news.google.com\/rss\/articles\/CBMixAFBVV95cUxOQ0NqT0IzcDBjd0pqTTBTRVZNeXlhaE43MVpuaFZyREM2OXdDY2lydlBUZlg4MnBNcTNEU1dhcG1nTHhJTGcwcHNKbVRheDV1a1ljSW83RDFXaGRBb0R4M1VNVkhwS1E5SkJsa01WSEN6UjJPMGx4SkZpR20wd3FSTG1sQlc2WHNEemMycXhjbEVQRko0d3BJaTlPckVzS3lHQlNfV21aVVhPSkZtaWR5b1IyM0ZYNWhkTkx5YjZYSUxNV3lq?oc=5\" target=\"_blank\" rel=\"nofollow noopener\">Quelle \u00e9poque ! (France 2) : Qui sont les invit\u00e9s de L\u00e9a Salam\u00e9 ce samedi 26 avril 2025 ?<\/a>&nbsp;&nbsp;programme-tv.net<\/li>\n<li><a href=\"https:\/\/news.google.com\/rss\/articles\/CBMi1gFBVV95cUxQemFvVTJIdXJrNDBMQVp3emt2OU1ua3h3Z1VwX3Y1Wk5IZExQV3NwZWlMSUwwZ2FIb0E4RGpCUkI2Ri1pbHpGUUJuR2hldWtpQWo5X2ZaWDNqWU1icWxhdDFvcURadWpCRW5fakhHbGtRYy1ieVktUVNaUm1ibFRUc3VwZWprazZoVFF3VU5yODNEeU5Rd0JSZjlKMDhodS1Tbll0bUJYbWlhUlE5ODlWWnhUc0tvSjV6a2FuME1OQnlQMXpObEtDMkVTT3RSWDl1VnhnUVNR?oc=5\" target=\"_blank\" rel=\"nofollow noopener\">Thierry Ardisson atomise Laurent Baffie : \u00ab\u00a0il faut que tu apprennes \u00e0 parler fran\u00e7ais\u00a0\u00bb<\/a>&nbsp;&nbsp;Journal des Femmes<\/li>\n<\/ol>\n","protected":false},"excerpt":{"rendered":"Thierry Ardisson : \u00ab On a cherch\u00e9 \u00e0 \u00ab\u00a0cancelliser\u00a0\u00bb l&rsquo;homme blanc de plus de 50 ans que je&hellip;\n","protected":false},"author":2,"featured_media":72867,"comment_status":"","ping_status":"","sticky":false,"template":"","format":"standard","meta":{"footnotes":""},"categories":[1359],"tags":[17,17651,15021,17652,1809,58,59,1011,27,5910,3102,5241,973,5993],"class_list":{"0":"post-72866","1":"post","2":"type-post","3":"status-publish","4":"format-standard","5":"has-post-thumbnail","7":"category-people","8":"tag-17","9":"tag-ardisson","10":"tag-blanc","11":"tag-cancelliser","12":"tag-cherche","13":"tag-divertissement","14":"tag-entertainment","15":"tag-fr","16":"tag-france","17":"tag-lhomme","18":"tag-la-tribune-dimanche","19":"tag-on","20":"tag-people","21":"tag-thierry"},"share_on_mastodon":{"url":"https:\/\/pubeurope.com\/@fr\/114446346632890239","error":""},"_links":{"self":[{"href":"https:\/\/www.europesays.com\/fr\/wp-json\/wp\/v2\/posts\/72866","targetHints":{"allow":["GET"]}}],"collection":[{"href":"https:\/\/www.europesays.com\/fr\/wp-json\/wp\/v2\/posts"}],"about":[{"href":"https:\/\/www.europesays.com\/fr\/wp-json\/wp\/v2\/types\/post"}],"author":[{"embeddable":true,"href":"https:\/\/www.europesays.com\/fr\/wp-json\/wp\/v2\/users\/2"}],"replies":[{"embeddable":true,"href":"https:\/\/www.europesays.com\/fr\/wp-json\/wp\/v2\/comments?post=72866"}],"version-history":[{"count":0,"href":"https:\/\/www.europesays.com\/fr\/wp-json\/wp\/v2\/posts\/72866\/revisions"}],"wp:featuredmedia":[{"embeddable":true,"href":"https:\/\/www.europesays.com\/fr\/wp-json\/wp\/v2\/media\/72867"}],"wp:attachment":[{"href":"https:\/\/www.europesays.com\/fr\/wp-json\/wp\/v2\/media?parent=72866"}],"wp:term":[{"taxonomy":"category","embeddable":true,"href":"https:\/\/www.europesays.com\/fr\/wp-json\/wp\/v2\/categories?post=72866"},{"taxonomy":"post_tag","embeddable":true,"href":"https:\/\/www.europesays.com\/fr\/wp-json\/wp\/v2\/tags?post=72866"}],"curies":[{"name":"wp","href":"https:\/\/api.w.org\/{rel}","templated":true}]}}