{"id":728765,"date":"2026-02-12T06:37:21","date_gmt":"2026-02-12T06:37:21","guid":{"rendered":"https:\/\/www.europesays.com\/fr\/728765\/"},"modified":"2026-02-12T06:37:21","modified_gmt":"2026-02-12T06:37:21","slug":"psg-jusqua-10-absents-pour-le-choc","status":"publish","type":"post","link":"https:\/\/www.europesays.com\/fr\/728765\/","title":{"rendered":"PSG : jusqu\u2019\u00e0 10 absents pour le choc ?"},"content":{"rendered":"<p>La valse des entra\u00eeneurs a continu\u00e9 cette semaine et Rennes en a pay\u00e9 les frais. A deux jours de recevoir le <a href=\"https:\/\/www.onzemondial.com\/france\/psg.html\" rel=\"nofollow noopener\" target=\"_blank\">PSG<\/a>, les Rennais sont toujours sans coach, alors que S\u00e9bastien Tambouret, actuel entra\u00eeneur de l\u2019\u00e9quipe r\u00e9serve, est pressenti pour \u00eatre sur le banc breton ce vendredi. En attendant Franck Haise, Rennes mange son pain noir, et voit son infirmerie se remplir.<\/p>\n<p>Pas moins de 8 joueurs sont d&rsquo;ores et d\u00e9j\u00e0 bless\u00e9s ou incertains pour la rencontre face \u00e0 Paris. Les r\u00e9centes d\u00e9convenues, en <a href=\"https:\/\/www.onzemondial.com\/ligue-1\" rel=\"nofollow noopener\" target=\"_blank\">Ligue 1<\/a> et en Coupe de France, ont laiss\u00e9 des traces au vestiaire breton, tant mentales que physiques. Lors de la d\u00e9faite \u00e0 Lens ce week-end, Rennes a perdu deux joueurs majeurs de son arri\u00e8re-garde, J\u00e9r\u00e9my Jacquet et Abdelhamid Ait Boudlal. Glen Kamara, bless\u00e9 \u00e0 Marseille apr\u00e8s le vilain tacle de Nwaneri qui lui a valu seulement un carton jaune, est lui aussi indisponible pour la partie.<\/p>\n<p>Certains sont aussi incertains, comme Brice Samba, \u00e9cart\u00e9 par Habib Beye, mais qui pourrait donc \u00eatre r\u00e9int\u00e9gr\u00e9. Djaoui Ciss\u00e9, touch\u00e9 aux adducteurs, Frankowski, touch\u00e9 au mollet, et Yassir Zabiri, g\u00ean\u00e9 au quadriceps, sont aussi pressentis pour \u00eatre absents.<\/p>\n<p>A lire aussi :Groupe quasi au complet pour Paris ?<\/p>\n<p>De son c\u00f4t\u00e9, l&rsquo;infirmerie du PSG va bien mieux. Pour cause, Luis Enrique retrouve depuis peu un groupe quasiment au complet, enregistrant les retours de blessures de joueurs comme Joao Neves, Achraf Hakimi ou encore Kang In Lee, buteur contre l&rsquo;<a href=\"https:\/\/www.onzemondial.com\/france\/om.html\" rel=\"nofollow noopener\" target=\"_blank\">OM<\/a>. Une excellente nouvelle, \u00e0 l&rsquo;aube du d\u00e9but de la phase finale de Ligue des champions et des matchs si importants pour la saison parisienne.<\/p>\n<p>Deux absences subsistent quand m\u00eame, celles de Quentin Ndjantou, op\u00e9r\u00e9 de son ischio-jambier droit et Fabian Ruiz, qui se remet toujours d&rsquo;un coup subi au genou il y a bient\u00f4t trois semaines. Suspendu contre Marseille, Achraf Hakimi fera lui son retour face aux Rennais, pour \u00e9toffer un peu plus l&rsquo;effectif parisien, qui retrouve des couleurs ces derniers jours.<\/p>\n<p>   Partagez cette info avec vos amis et vos proches en cliquant ici<br \/> Pour r\u00e9sumer<\/p>\n<p>Pas moins de 8 joueurs sont d&rsquo;ores et d\u00e9j\u00e0 bless\u00e9s ou incertains pour la rencontre face \u00e0 Paris \u00e0 Rennes. Les r\u00e9centes d\u00e9convenues, en Ligue 1 et en Coupe de France, ont laiss\u00e9 des traces au vestiaire breton, tant mentales que physiques.<\/p>\n<p>R\u00e9dacteur<\/p>\n<p><img decoding=\"async\" width=\"76\" height=\"76\" loading=\"lazy\" src=\"https:\/\/www.europesays.com\/fr\/wp-content\/uploads\/2025\/04\/avatar-onze.webp.webp\" alt=\"Neil Souag\"\/><\/p>\n","protected":false},"excerpt":{"rendered":"La valse des entra\u00eeneurs a continu\u00e9 cette semaine et Rennes en a pay\u00e9 les frais. A deux jours&hellip;\n","protected":false},"author":2,"featured_media":728766,"comment_status":"","ping_status":"","sticky":false,"template":"","format":"standard","meta":{"footnotes":"","_share_on_mastodon":"0"},"categories":[2821],"tags":[1111,11,829,1777,674,1011,27,66,12,93,584,25],"class_list":["post-728765","post","type-post","status-publish","format-standard","has-post-thumbnail","category-rennes","tag-actu","tag-actualites","tag-bretagne","tag-eu","tag-europe","tag-fr","tag-france","tag-ligue-1","tag-news","tag-psg","tag-rennes","tag-republique-francaise"],"share_on_mastodon":{"url":"https:\/\/pubeurope.com\/@fr\/116056283149439927","error":""},"_links":{"self":[{"href":"https:\/\/www.europesays.com\/fr\/wp-json\/wp\/v2\/posts\/728765","targetHints":{"allow":["GET"]}}],"collection":[{"href":"https:\/\/www.europesays.com\/fr\/wp-json\/wp\/v2\/posts"}],"about":[{"href":"https:\/\/www.europesays.com\/fr\/wp-json\/wp\/v2\/types\/post"}],"author":[{"embeddable":true,"href":"https:\/\/www.europesays.com\/fr\/wp-json\/wp\/v2\/users\/2"}],"replies":[{"embeddable":true,"href":"https:\/\/www.europesays.com\/fr\/wp-json\/wp\/v2\/comments?post=728765"}],"version-history":[{"count":0,"href":"https:\/\/www.europesays.com\/fr\/wp-json\/wp\/v2\/posts\/728765\/revisions"}],"wp:featuredmedia":[{"embeddable":true,"href":"https:\/\/www.europesays.com\/fr\/wp-json\/wp\/v2\/media\/728766"}],"wp:attachment":[{"href":"https:\/\/www.europesays.com\/fr\/wp-json\/wp\/v2\/media?parent=728765"}],"wp:term":[{"taxonomy":"category","embeddable":true,"href":"https:\/\/www.europesays.com\/fr\/wp-json\/wp\/v2\/categories?post=728765"},{"taxonomy":"post_tag","embeddable":true,"href":"https:\/\/www.europesays.com\/fr\/wp-json\/wp\/v2\/tags?post=728765"}],"curies":[{"name":"wp","href":"https:\/\/api.w.org\/{rel}","templated":true}]}}