{"id":728769,"date":"2026-02-12T06:39:10","date_gmt":"2026-02-12T06:39:10","guid":{"rendered":"https:\/\/www.europesays.com\/fr\/728769\/"},"modified":"2026-02-12T06:39:10","modified_gmt":"2026-02-12T06:39:10","slug":"8-000-electeurs-concernes-par-un-changement-de-bureau-de-vote","status":"publish","type":"post","link":"https:\/\/www.europesays.com\/fr\/728769\/","title":{"rendered":"8 000 \u00e9lecteurs concern\u00e9s par un changement de bureau de vote"},"content":{"rendered":"<p>                    Par<br \/>\n        <strong><br \/>\n            <a href=\"https:\/\/actu.fr\/auteur\/ivan-capecchi\" title=\"Consulter tous les articles de Ivan CAPECCHI\" rel=\"nofollow noopener\" target=\"_blank\">Ivan CAPECCHI<\/a><br \/>\n                    <\/strong><\/p>\n<p>        Publi\u00e9 le<\/p>\n<p>            12 f\u00e9vr. 2026 \u00e0 7h02        <\/p>\n<p>Un arr\u00eat\u00e9 pr\u00e9fectoral modifie l\u2019organisation des bureaux de vote \u00e0 Strasbourg pour les <strong>municipales des 15 et 22\u00a0mars 2026<\/strong>.<\/p>\n<p class=\" wall-content\">Voici ce qu\u2019il faut savoir.<\/p>\n<p>Trois bureaux de vote cr\u00e9\u00e9s \u00e0 Strasbourg<\/p>\n<p class=\" wall-content\">La Ville compte d\u00e9sormais <strong>149 bureaux<\/strong>, contre 146 auparavant.<\/p>\n<p class=\" wall-content\">Trois ont \u00e9t\u00e9 cr\u00e9\u00e9s\u2009:<\/p>\n<ul class=\" wall-content\">\n<li>\u00e0 la <strong>Robertsau<\/strong> (gymnase de l\u2019\u00e9cole de la Niederau),<\/li>\n<li>au <strong>Neuhof<\/strong> (\u00e9cole \u00e9l\u00e9mentaire Guynemer),<\/li>\n<li>dans le <strong>quartier Gare<\/strong> (gymnase Sainte-Aur\u00e9lie).<\/li>\n<\/ul>\n<p>Le d\u00e9coupage des bureaux de vote modifi\u00e9<\/p>\n<p class=\" wall-content\">Dans le m\u00eame temps, <strong>23 bureaux font l\u2019objet d\u2019un red\u00e9coupage<\/strong> afin d\u2019\u00e9quilibrer le nombre d\u2019\u00e9lecteurs.<\/p>\n<p>Votre r\u00e9gion, votre actu !<\/p>\n<p>Recevez chaque jour les infos qui comptent pour vous.<\/p>\n<p>\t<a href=\"https:\/\/actu.fr\/newsletter\" class=\"ac-btn ac-btn--corner ac-btn--medium ac-btn--blue800\" rel=\"nofollow noopener\" target=\"_blank\">S&rsquo;incrire<\/a><\/p>\n<p class=\" wall-content\">Au total, <strong>8\u2009000 inscrits changent de lieu de vote<\/strong>. Ils ont \u00e9t\u00e9 inform\u00e9s par courrier.<\/p>\n<p class=\" wall-content\">Une signal\u00e9tique sera mise en place pour orienter les \u00e9lecteurs.<\/p>\n<p class=\" wall-content\">Les Strasbourgeois peuvent v\u00e9rifier leur bureau de vote en ligne sur le site de la Ville, par t\u00e9l\u00e9phone (03\u200968\u200998\u200968\u200994) ou sur leur carte \u00e9lectorale.<\/p>\n<p class=\" wall-content\">Personnalisez votre actualit\u00e9 en ajoutant vos villes et m\u00e9dias en favori avec <a href=\"https:\/\/moncompte.actu.fr\" title=\"D\u00e9couvez Mon Actu\" rel=\"nofollow noopener\" data-trk=\"{&quot;cta&quot;:{&quot;action&quot;:&quot;https:\\\/\\\/moncompte.actu.fr&quot;,&quot;category&quot;:&quot;mon compte&quot;,&quot;from&quot;:&quot;article footer&quot;,&quot;name&quot;:&quot;Mon actu&quot;,&quot;type&quot;:&quot;cta&quot;}}\" target=\"_blank\">Mon Actu<\/a>.<\/p>\n","protected":false},"excerpt":{"rendered":"Par Ivan CAPECCHI Publi\u00e9 le 12 f\u00e9vr. 2026 \u00e0 7h02 Un arr\u00eat\u00e9 pr\u00e9fectoral modifie l\u2019organisation des bureaux de&hellip;\n","protected":false},"author":2,"featured_media":728770,"comment_status":"","ping_status":"","sticky":false,"template":"","format":"standard","meta":{"footnotes":"","_share_on_mastodon":"0"},"categories":[2820],"tags":[1111,11,4188,1777,674,1011,27,775,3434,12,316,25,640],"class_list":["post-728769","post","type-post","status-publish","format-standard","has-post-thumbnail","category-strasbourg","tag-actu","tag-actualites","tag-elections-municipales","tag-eu","tag-europe","tag-fr","tag-france","tag-grand-est","tag-municipales-2026","tag-news","tag-politique","tag-republique-francaise","tag-strasbourg"],"share_on_mastodon":{"url":"https:\/\/pubeurope.com\/@fr\/116056291099268139","error":""},"_links":{"self":[{"href":"https:\/\/www.europesays.com\/fr\/wp-json\/wp\/v2\/posts\/728769","targetHints":{"allow":["GET"]}}],"collection":[{"href":"https:\/\/www.europesays.com\/fr\/wp-json\/wp\/v2\/posts"}],"about":[{"href":"https:\/\/www.europesays.com\/fr\/wp-json\/wp\/v2\/types\/post"}],"author":[{"embeddable":true,"href":"https:\/\/www.europesays.com\/fr\/wp-json\/wp\/v2\/users\/2"}],"replies":[{"embeddable":true,"href":"https:\/\/www.europesays.com\/fr\/wp-json\/wp\/v2\/comments?post=728769"}],"version-history":[{"count":0,"href":"https:\/\/www.europesays.com\/fr\/wp-json\/wp\/v2\/posts\/728769\/revisions"}],"wp:featuredmedia":[{"embeddable":true,"href":"https:\/\/www.europesays.com\/fr\/wp-json\/wp\/v2\/media\/728770"}],"wp:attachment":[{"href":"https:\/\/www.europesays.com\/fr\/wp-json\/wp\/v2\/media?parent=728769"}],"wp:term":[{"taxonomy":"category","embeddable":true,"href":"https:\/\/www.europesays.com\/fr\/wp-json\/wp\/v2\/categories?post=728769"},{"taxonomy":"post_tag","embeddable":true,"href":"https:\/\/www.europesays.com\/fr\/wp-json\/wp\/v2\/tags?post=728769"}],"curies":[{"name":"wp","href":"https:\/\/api.w.org\/{rel}","templated":true}]}}