{"id":728775,"date":"2026-02-12T06:43:27","date_gmt":"2026-02-12T06:43:27","guid":{"rendered":"https:\/\/www.europesays.com\/fr\/728775\/"},"modified":"2026-02-12T06:43:27","modified_gmt":"2026-02-12T06:43:27","slug":"le-monoprix-decre-va-fermer-ses-portes","status":"publish","type":"post","link":"https:\/\/www.europesays.com\/fr\/728775\/","title":{"rendered":"le Monoprix Decr\u00e9 va fermer ses portes"},"content":{"rendered":"<p>                    Par<br \/>\n        <strong><br \/>\n            <a href=\"https:\/\/actu.fr\/auteur\/thomas-bernard\" title=\"Consulter tous les articles de Thomas Bernard\" rel=\"nofollow noopener\" target=\"_blank\">Thomas Bernard<\/a><br \/>\n                    <\/strong><\/p>\n<p>        Publi\u00e9 le<\/p>\n<p>            12 f\u00e9vr. 2026 \u00e0 6h30        <\/p>\n<p>Lors d\u2019un comit\u00e9 \u00e9conomique et social (CSE) extraordinaire au si\u00e8ge de Monoprix \u00e0 Clichy-la-Garenne (Hauts-de-Seine), ce mardi 10 f\u00e9vrier 2026. Monoprix, <b>qui appartient au groupe Casino <\/b>(tout comme Franprix ou Naturalia), a annonc\u00e9 pr\u00e9voir c\u00e9der <a href=\"https:\/\/actu.fr\/economie\/monoprix-des-magasins-vont-devenir-des-lidl-d-autres-vont-fermer-la-liste-des-villes-touchees-en-france_63823813.html\" rel=\"nofollow noopener\" target=\"_blank\">trois magasins au groupe allemand Lidl et de fermer six magasins en France<\/a>.\u00a0<\/p>\n<p>Le Monoprix Nantes Decr\u00e9 va fermer<\/p>\n<p class=\" wall-content\"><b>Le Monoprix Nantes Decr\u00e9<\/b>, situ\u00e9 rue de la Marne (pr\u00e8s des Galeries Lafayette), figure parmi la liste des commerces concern\u00e9s par le projet de fermeture de la direction.\u00a0<\/p>\n<p>    <a href=\"https:\/\/www.google.com\/maps\/embed?pb=!1m18!1m12!1m3!1d364.9168680986307!2d-1.554206055184348!3d47.21597289981165!2m3!1f0!2f0!3f0!3m2!1i1024!2i768!4f13.1!3m3!1m2!1s0x4805934c46b9226f%3A0x6756ae8e208ab8d!2sMONOPRIX!5e1!3m2!1sfr!2sfr!4v1770828711951!5m2!1sfr!2sfr\" title=\"Ouvrie le lien\" rel=\"nofollow noopener\" target=\"_blank\">Cliquez ici pour visualiser le contenu<\/a><\/p>\n<p class=\" wall-content\">\u00ab\u00a0M\u00eame s\u2019il s\u2019agit d\u2019une annonce nationale, <b>la Ville de Nantes suit avec attention la situation et notamment l\u2019emploi des salari\u00e9es et salari\u00e9s concern\u00e9s.<\/b> Elle est par ailleurs en contact \u00e9troit avec les Galeries Lafayette et l\u2019ensemble des acteurs impliqu\u00e9s autour de nouveaux projets structurants \u00e0 venir pour un secteur strat\u00e9gique pour le commerce et le centre-ville nantais\u00a0\u00bb, r\u00e9agit la Ville de Nantes, dans un communiqu\u00e9 transmis \u00e0 la r\u00e9daction d\u2019<a href=\"https:\/\/actu.fr\/nantes\/\" rel=\"nofollow noopener\" target=\"_blank\">actu <\/a><a href=\"https:\/\/actu.fr\/nantes\/\" rel=\"nofollow noopener\" target=\"_blank\">Nantes<\/a>.\u00a0<\/p>\n<p class=\" wall-content\">Personnalisez votre actualit\u00e9 en ajoutant vos villes et m\u00e9dias en favori avec <a href=\"https:\/\/moncompte.actu.fr\" title=\"D\u00e9couvez Mon Actu\" rel=\"nofollow noopener\" data-trk=\"{&quot;cta&quot;:{&quot;action&quot;:&quot;https:\\\/\\\/moncompte.actu.fr&quot;,&quot;category&quot;:&quot;mon compte&quot;,&quot;from&quot;:&quot;article footer&quot;,&quot;name&quot;:&quot;Mon actu&quot;,&quot;type&quot;:&quot;cta&quot;}}\" target=\"_blank\">Mon Actu<\/a>.<\/p>\n","protected":false},"excerpt":{"rendered":"Par Thomas Bernard Publi\u00e9 le 12 f\u00e9vr. 2026 \u00e0 6h30 Lors d\u2019un comit\u00e9 \u00e9conomique et social (CSE) extraordinaire&hellip;\n","protected":false},"author":2,"featured_media":728776,"comment_status":"","ping_status":"","sticky":false,"template":"","format":"standard","meta":{"footnotes":"","_share_on_mastodon":"0"},"categories":[2818],"tags":[1111,11,215,33,1777,674,1011,27,34256,766,12,2636,25],"class_list":["post-728775","post","type-post","status-publish","format-standard","has-post-thumbnail","category-nantes","tag-actu","tag-actualites","tag-commerce","tag-economie","tag-eu","tag-europe","tag-fr","tag-france","tag-monoprix","tag-nantes","tag-news","tag-pays-de-la-loire","tag-republique-francaise"],"share_on_mastodon":{"url":"https:\/\/pubeurope.com\/@fr\/116056306696114446","error":""},"_links":{"self":[{"href":"https:\/\/www.europesays.com\/fr\/wp-json\/wp\/v2\/posts\/728775","targetHints":{"allow":["GET"]}}],"collection":[{"href":"https:\/\/www.europesays.com\/fr\/wp-json\/wp\/v2\/posts"}],"about":[{"href":"https:\/\/www.europesays.com\/fr\/wp-json\/wp\/v2\/types\/post"}],"author":[{"embeddable":true,"href":"https:\/\/www.europesays.com\/fr\/wp-json\/wp\/v2\/users\/2"}],"replies":[{"embeddable":true,"href":"https:\/\/www.europesays.com\/fr\/wp-json\/wp\/v2\/comments?post=728775"}],"version-history":[{"count":0,"href":"https:\/\/www.europesays.com\/fr\/wp-json\/wp\/v2\/posts\/728775\/revisions"}],"wp:featuredmedia":[{"embeddable":true,"href":"https:\/\/www.europesays.com\/fr\/wp-json\/wp\/v2\/media\/728776"}],"wp:attachment":[{"href":"https:\/\/www.europesays.com\/fr\/wp-json\/wp\/v2\/media?parent=728775"}],"wp:term":[{"taxonomy":"category","embeddable":true,"href":"https:\/\/www.europesays.com\/fr\/wp-json\/wp\/v2\/categories?post=728775"},{"taxonomy":"post_tag","embeddable":true,"href":"https:\/\/www.europesays.com\/fr\/wp-json\/wp\/v2\/tags?post=728775"}],"curies":[{"name":"wp","href":"https:\/\/api.w.org\/{rel}","templated":true}]}}