{"id":728798,"date":"2026-02-12T06:56:15","date_gmt":"2026-02-12T06:56:15","guid":{"rendered":"https:\/\/www.europesays.com\/fr\/728798\/"},"modified":"2026-02-12T06:56:15","modified_gmt":"2026-02-12T06:56:15","slug":"solidays-2026-frappe-fort-avec-23-nouveaux-noms-a-laffiche","status":"publish","type":"post","link":"https:\/\/www.europesays.com\/fr\/728798\/","title":{"rendered":"Solidays 2026 frappe fort avec 23 nouveaux noms \u00e0 l\u2019affiche"},"content":{"rendered":"<p class=\"intro\">Solidays continue de renforcer son affiche 2026 avec l\u2019annonce de <strong>23 nouveaux noms<\/strong>. Une nouvelle salve qui confirme l\u2019ambition du festival\u00a0: croiser t\u00eates d\u2019affiche internationales, rap en tension, \u00e9lectro de club et pop g\u00e9n\u00e9rationnelle, dans une programmation pens\u00e9e pour faire vibrer Longchamp du premier au dernier concert.<\/p>\n<p><a data-lightbox=\"article\" data-title=\" DR\" class=\"image detail\" href=\"https:\/\/www.jds.fr\/medias\/image\/solidays-frappe-fort-avec-23-nouveaux-noms-a-l-aff-846823-1200-0-F.webp\" title=\" DR\" rel=\"nofollow noopener\" target=\"_blank\"><br \/>\n<img decoding=\"async\" loading=\"lazy\" src=\"https:\/\/www.europesays.com\/fr\/wp-content\/uploads\/2026\/02\/solidays-frappe-fort-avec-23-nouveaux-noms-a-l-aff-846823-1200-0.webp.webp\"   width=\"300\" alt=\"Solidays 2026 frappe fort avec 23 nouveaux noms \u00e0 l\u2019affiche\" class=\"shortcode_image border\"\/><br \/>\n\u00a9 DR<br \/>\n<\/a>\n<\/p>\n<p>Le <a href=\"https:\/\/www.jds.fr\/paris\/manifestations\/festival\/festival-solidays-261220_A\" rel=\"nofollow noopener\" target=\"_blank\">festival Solidays, embl\u00e9matique rendez-vous parisien<\/a> m\u00ealant musique, f\u00eate et solidarit\u00e9, continue de peaufiner sa programmation pour l\u2019\u00e9dition 2026, qui se tiendra du 26 au 28 juin \u00e0 l\u2019Hippodrome Paris-Longchamp. Apr\u00e8s l\u2019annonce des premiers noms forts en d\u00e9cembre dernier (<strong>Orelsan, Gims, Bigflo &amp; Oli, Zara Larsson ou encore Mosimann<\/strong>) les organisateurs ont lev\u00e9 le voile ce lundi 9 f\u00e9vrier sur 23 nouveaux artistes qui viendront enrichir une affiche d\u00e9j\u00e0 tr\u00e8s attendue par les amateurs de sons et de d\u00e9couvertes.<\/p>\n<p>Parmi ces ajouts, le line-up s\u2019ouvre avec des figures internationales et des poids lourds des sc\u00e8nes \u00e9lectroniques, hip-hop et pop. <strong>Major Lazer<\/strong>, attendu pour son premier live parisien depuis plusieurs ann\u00e9es, s\u2019annonce comme l\u2019une des attractions majeures de cette \u00e9dition.<\/p>\n<p>Les amateurs de rap fran\u00e7ais et de propositions hybrides pourront se r\u00e9jouir de la pr\u00e9sence de<strong> Vald x Vladimir Cauchemar x Todiefor<\/strong>, une association in\u00e9dite entre rap et hardcore, mais aussi de <strong>Josman<\/strong>, d\u00e9j\u00e0 remarqu\u00e9 sur de nombreuses sc\u00e8nes, ainsi que de <strong>Sam Sauvage<\/strong> ou <strong>Na\u00efka<\/strong>, voix montantes de la nouvelle sc\u00e8ne francophone.<\/p>\n<p>Sur le plan \u00e9lectronique, des figures incontournables comme <strong>Amelie Lens<\/strong>, avec son spectacle \u00ab Aura \u00bb, <strong>Nina Kraviz<\/strong> ou<strong> I Hate Models<\/strong> s\u2019ajoutent \u00e0 la f\u00eate, promettant des sets puissants qui feront vibrer les dancefloors de Longchamp jusqu\u2019au bout de la nuit.<\/p>\n<p>La sc\u00e8ne pop et alternative n\u2019est pas en reste\u00a0: <strong>Helena<\/strong>, devenue l\u2019une des nouvelles r\u00e9f\u00e9rences de la pop francophone, <strong>Suzane<\/strong>, port\u00e9e par son \u00e9nergie sc\u00e9nique singuli\u00e8re, ainsi que <strong>Zaho<\/strong>, <strong>Eve La Marka<\/strong> ou <strong>Alessi Rose<\/strong> apportent des couleurs vari\u00e9es \u00e0 une programmation d\u00e9j\u00e0 dense.<\/p>\n<p>C\u00f4t\u00e9 d\u00e9couvertes et atmosph\u00e8res plus pointues, des artistes comme <strong>Iliona<\/strong>, <strong>Tshegue<\/strong>, <strong>Folie\u2019s<\/strong> ou le duo <strong>Asdek x Ava Mind<\/strong> offrent des perspectives musicales riches et diversifi\u00e9es, entre pop introspective, soul moderne et \u00e9lectro exp\u00e9rimentale.<\/p>\n<p>Enfin, quelques poids lourds du rock et de la soul tels que <strong>Skip the Use<\/strong> ou <strong>Yael Naim<\/strong> viennent compl\u00e9ter ce paquet de noms, apportant \u00e0 la fois \u00e9nergie live et sensibilit\u00e9 m\u00e9lodique \u00e0 l\u2019ensemble de l\u2019affiche.<\/p>\n<p>Solidays 2026\u00a0: les artistes annonc\u00e9s le 9 f\u00e9vrier<\/p>\n<p><strong>Vendredi 26 juin 2026<\/strong>\u00a0: Vald x Vladimir Cauchemar x Todiefor &#8211; Helena &#8211; I Hate Models &#8211; Na\u00efka &#8211; 2L &#8211; Guy2Bezbar &#8211; Sam Sauvage &#8211; Tshegue<\/p>\n<p><strong>Samedi 27 juin 2026<\/strong>\u00a0: Major Lazer &#8211; Amelie Lens &#8211; Josman &#8211; Nina Kraviz &#8211; Ro\u00fcge &#8211; Asdek x Ava Mind &#8211; Eve La Marka &#8211; Zaho &#8211; Alessi Rose &#8211; Suzane<\/p>\n<p><strong>Dimanche 28 juin 2026<\/strong>\u00a0: Skip The Use &#8211; Folie\u2019s &#8211; Iliona &#8211; Yael Naim &#8211; Jolagreen23<\/p>\n<p><a data-lightbox=\"article\" data-title=\" DR\" class=\"image detail fullwidth\" href=\"https:\/\/www.jds.fr\/medias\/image\/solidays-frappe-fort-avec-23-nouveaux-noms-a-l-aff-2-846825-1200-0-F.webp\" title=\" DR\" rel=\"nofollow noopener\" target=\"_blank\"><br \/>\n<img decoding=\"async\" loading=\"lazy\" src=\"https:\/\/www.europesays.com\/fr\/wp-content\/uploads\/2026\/02\/solidays-frappe-fort-avec-23-nouveaux-noms-a-l-aff-2-846825-1200-0.webp.webp\"   alt=\"Solidays 2026 frappe fort avec 23 nouveaux noms \u00e0 l\u2019affiche\" class=\"shortcode_image border\"\/><br \/>\n\u00a9 DR<br \/>\n<\/a>\n<\/p>\n<p><a data-lightbox=\"article\" data-title=\" DR\" class=\"image detail fullwidth\" href=\"https:\/\/www.jds.fr\/medias\/image\/solidays-frappe-fort-avec-23-nouveaux-noms-a-l-aff-3-846826-1200-0-F.webp\" title=\" DR\" rel=\"nofollow noopener\" target=\"_blank\"><br \/>\n<img decoding=\"async\" loading=\"lazy\" src=\"https:\/\/www.europesays.com\/fr\/wp-content\/uploads\/2026\/02\/solidays-frappe-fort-avec-23-nouveaux-noms-a-l-aff-3-846826-1200-0.webp.webp\"   alt=\"Solidays 2026 frappe fort avec 23 nouveaux noms \u00e0 l\u2019affiche\" class=\"shortcode_image border\"\/><br \/>\n\u00a9 DR<br \/>\n<\/a>\n<\/p>\n<p>La programmation de Solidays 2026<\/p>\n<p><a data-lightbox=\"article\" data-title=\" DR\" class=\"image detail fullwidth\" href=\"https:\/\/www.jds.fr\/medias\/image\/solidays-frappe-fort-avec-23-nouveaux-noms-a-l-aff-1-846824-1200-0-F.webp\" title=\" DR\" rel=\"nofollow noopener\" target=\"_blank\"><br \/>\n<img decoding=\"async\" loading=\"lazy\" src=\"https:\/\/www.europesays.com\/fr\/wp-content\/uploads\/2026\/02\/solidays-frappe-fort-avec-23-nouveaux-noms-a-l-aff-1-846824-1200-0.webp.webp\"   alt=\"Solidays 2026 frappe fort avec 23 nouveaux noms \u00e0 l\u2019affiche\" class=\"shortcode_image border\"\/><br \/>\n\u00a9 DR<br \/>\n<\/a>\n<\/p>\n<p>Vendredi 26 juin\u00a0<\/p>\n<ul>&#13;<\/p>\n<li><strong>Gims<\/strong><\/li>\n<p>&#13;<\/p>\n<li><strong>La Mano 1.9<\/strong><\/li>\n<p>&#13;<\/p>\n<li><strong>Sam Sauvage<\/strong><\/li>\n<p>&#13;<\/p>\n<li><strong>I Hate Models<\/strong><\/li>\n<p>&#13;<\/p>\n<li><strong>Guy2Bezbar<\/strong><\/li>\n<p>&#13;<\/p>\n<li><strong>Ino Casablanca<\/strong><\/li>\n<p>&#13;<\/p>\n<li><strong>2L<\/strong><\/li>\n<p>&#13;<\/p>\n<li><strong>Nico Moreno<\/strong><\/li>\n<p>&#13;<\/p>\n<li><strong>Vald x Vladimir Cauchemar x Todiefor<\/strong><\/li>\n<p>&#13;<\/p>\n<li><strong>Na\u00efka<\/strong><\/li>\n<p>&#13;<\/p>\n<li><strong>Helena<\/strong><\/li>\n<p>&#13;<\/p>\n<li><strong>Tshegue<\/strong><\/li>\n<p>&#13;\n<\/ul>\n<p>Samedi 27 juin<\/p>\n<ul>&#13;<\/p>\n<li><strong>Eve La Marka<\/strong><\/li>\n<p>&#13;<\/p>\n<li><strong>Josman<\/strong><\/li>\n<p>&#13;<\/p>\n<li><strong>Ro\u00fcge<\/strong><\/li>\n<p>&#13;<\/p>\n<li><strong>La Rvfleuze<\/strong><\/li>\n<p>&#13;<\/p>\n<li><strong>Major Lazer<\/strong><\/li>\n<p>&#13;<\/p>\n<li><strong>Nina Kraviz<\/strong><\/li>\n<p>&#13;<\/p>\n<li><strong>Alessi Rose<\/strong><\/li>\n<p>&#13;<\/p>\n<li><strong>Bigflo &amp; Oli<\/strong><\/li>\n<p>&#13;<\/p>\n<li><strong>Suzane<\/strong><\/li>\n<p>&#13;<\/p>\n<li><strong>Asdek x Ava Mind<\/strong><\/li>\n<p>&#13;<\/p>\n<li><strong>Amelie Lens<\/strong><\/li>\n<p>&#13;<\/p>\n<li><strong>Zaho<\/strong><\/li>\n<p>&#13;<\/p>\n<li><strong>Luiza<\/strong><\/li>\n<p>&#13;<\/p>\n<li><strong>Zara Larsson<\/strong><\/li>\n<p>&#13;\n<\/ul>\n<p>Dimanche 28 juin<\/p>\n<ul>&#13;<\/p>\n<li><strong>Skip The Use<\/strong><\/li>\n<p>&#13;<\/p>\n<li><strong>Mosimann<\/strong><\/li>\n<p>&#13;<\/p>\n<li><strong>Folie&rsquo;s<\/strong><\/li>\n<p>&#13;<\/p>\n<li><strong>Iliona<\/strong><\/li>\n<p>&#13;<\/p>\n<li><strong>Orelsan<\/strong><\/li>\n<p>&#13;<\/p>\n<li><strong>Yael Na\u00efm<\/strong><\/li>\n<p>&#13;<\/p>\n<li><strong>L2B<\/strong><\/li>\n<p>&#13;<\/p>\n<li><strong>Jolagreen23<\/strong><\/li>\n<p>&#13;\n<\/ul>\n<p>La billetterie pour Solidays 2026\u00a0<\/p>\n<p><a data-lightbox=\"article\" data-title=\" DR\" class=\"image detail fullwidth\" href=\"https:\/\/www.jds.fr\/medias\/image\/solidays-frappe-fort-avec-23-nouveaux-noms-a-l-aff-6-846829-1200-0-F.webp\" title=\" DR\" rel=\"nofollow noopener\" target=\"_blank\"><br \/>\n<img decoding=\"async\" loading=\"lazy\" src=\"https:\/\/www.europesays.com\/fr\/wp-content\/uploads\/2026\/02\/solidays-frappe-fort-avec-23-nouveaux-noms-a-l-aff-6-846829-1200-0.webp.webp\"   alt=\"Solidays 2026 frappe fort avec 23 nouveaux noms \u00e0 l\u2019affiche\" class=\"shortcode_image border\"\/><br \/>\n\u00a9 DR<br \/>\n<\/a>\n<\/p>\n<p>La programmation de Solidays 2026 vous donne l&rsquo;eau \u00e0 la bouche et vous n&rsquo;avez pas encore pris vos pass\u00a0? Bonne nouvelle\u00a0:<strong> il reste des places pour chaque jour, ainsi que des pass 3 jours<\/strong> pour profiter de l&rsquo;ensemble du festival cette ann\u00e9e.<\/p>\n<p>Les prix de Solidays 2026\u00a0:\u00a0<\/p>\n<ul>&#13;<\/p>\n<li><strong>Pass 3 jours<\/strong>\u00a0: 139\u20ac \u00e0 l&rsquo;heure o\u00f9 on r\u00e9dige cet article (une fois \u00e9puis\u00e9s, les pass passeront au prix sup\u00e9rieur &#8211; \u00e0 savoir 149\u20ac ou 159\u20ac pour les tout derniers)\u00a0<\/li>\n<p>&#13;<\/p>\n<li><strong>Pass vendredi \/ samedi \/ dimanche<\/strong> (1 jour)\u00a0: 64\u20ac en tarif classique (69\u20ac en tarif late pour les derniers billets)\u00a0<\/li>\n<p>&#13;<\/p>\n<li><strong>Pass nuit vendredi ou samedi<\/strong> (acc\u00e8s \u00e0 partir de 23h)\u00a0: 35\u20ac<\/li>\n<p>&#13;\n<\/ul>\n<p>Attention, avec cette prog&rsquo; de folie, \u00e7a risque de se remplir assez vite maintenant\u00a0!\u00a0<\/p>\n","protected":false},"excerpt":{"rendered":"Solidays continue de renforcer son affiche 2026 avec l\u2019annonce de 23 nouveaux noms. Une nouvelle salve qui confirme&hellip;\n","protected":false},"author":2,"featured_media":728799,"comment_status":"","ping_status":"","sticky":false,"template":"","format":"standard","meta":{"footnotes":"","_share_on_mastodon":"0"},"categories":[1888],"tags":[1111,1928,11,1927,1777,674,1011,27,12,1926,626,1925,25],"class_list":["post-728798","post","type-post","status-publish","format-standard","has-post-thumbnail","category-paris","tag-actu","tag-actu-paris","tag-actualites","tag-actualites-paris","tag-eu","tag-europe","tag-fr","tag-france","tag-news","tag-news-paris","tag-paris","tag-paris-news","tag-republique-francaise"],"share_on_mastodon":{"url":"https:\/\/pubeurope.com\/@fr\/116056358101761310","error":""},"_links":{"self":[{"href":"https:\/\/www.europesays.com\/fr\/wp-json\/wp\/v2\/posts\/728798","targetHints":{"allow":["GET"]}}],"collection":[{"href":"https:\/\/www.europesays.com\/fr\/wp-json\/wp\/v2\/posts"}],"about":[{"href":"https:\/\/www.europesays.com\/fr\/wp-json\/wp\/v2\/types\/post"}],"author":[{"embeddable":true,"href":"https:\/\/www.europesays.com\/fr\/wp-json\/wp\/v2\/users\/2"}],"replies":[{"embeddable":true,"href":"https:\/\/www.europesays.com\/fr\/wp-json\/wp\/v2\/comments?post=728798"}],"version-history":[{"count":0,"href":"https:\/\/www.europesays.com\/fr\/wp-json\/wp\/v2\/posts\/728798\/revisions"}],"wp:featuredmedia":[{"embeddable":true,"href":"https:\/\/www.europesays.com\/fr\/wp-json\/wp\/v2\/media\/728799"}],"wp:attachment":[{"href":"https:\/\/www.europesays.com\/fr\/wp-json\/wp\/v2\/media?parent=728798"}],"wp:term":[{"taxonomy":"category","embeddable":true,"href":"https:\/\/www.europesays.com\/fr\/wp-json\/wp\/v2\/categories?post=728798"},{"taxonomy":"post_tag","embeddable":true,"href":"https:\/\/www.europesays.com\/fr\/wp-json\/wp\/v2\/tags?post=728798"}],"curies":[{"name":"wp","href":"https:\/\/api.w.org\/{rel}","templated":true}]}}