{"id":728800,"date":"2026-02-12T06:57:27","date_gmt":"2026-02-12T06:57:27","guid":{"rendered":"https:\/\/www.europesays.com\/fr\/728800\/"},"modified":"2026-02-12T06:57:27","modified_gmt":"2026-02-12T06:57:27","slug":"dassault-systemes-decroche-a-paris-apres-des-resultats-2025-juges-decevants","status":"publish","type":"post","link":"https:\/\/www.europesays.com\/fr\/728800\/","title":{"rendered":"Dassault Syst\u00e8mes d\u00e9croche \u00e0 Paris apr\u00e8s des r\u00e9sultats 2025 jug\u00e9s d\u00e9cevants"},"content":{"rendered":"<p>\n    Avec une chute de 20,81% \u00e0 17,77 euros \u00e0 la cl\u00f4ture, jamais l\u2019\u00e9diteur de logiciels de conception 3D n\u2019avait connu une telle d\u00e9b\u00e2cle en bourse depuis son arriv\u00e9e \u00e0 la cote en 1996.\n  <\/p>\n<p>Le groupe fran\u00e7ais Dassault Syst\u00e8mes a chut\u00e9 lourdement mercredi \u00e0 la Bourse de Paris apr\u00e8s la publication de ses r\u00e9sultats annuels, jug\u00e9s d\u00e9cevants par les investisseurs, et des perspectives prudentes pour 2026.<\/p>\n<p>Avec une chute de 20,81% \u00e0 17,77 euros \u00e0 la cl\u00f4ture, jamais il n\u2019avait connu une telle d\u00e9b\u00e2cle en bourse depuis son arriv\u00e9e \u00e0 la cote en 1996.<\/p>\n<p>Il a vu s\u2019envoler plus de 6 milliards d\u2019euros de capitalisation boursi\u00e8re en une s\u00e9ance<\/p>\n<p>L\u2019\u00e9diteur de logiciels de conception 3D a connu une ann\u00e9e 2025 sans relief, avec un b\u00e9n\u00e9fice net et une croissance stables en donn\u00e9es publi\u00e9es.<\/p>\n<p>\u00abIl s\u2019agit d\u2019un rapport globalement d\u00e9cevant pour Dassault Syst\u00e8mes\u00bb, souligne une note de la banque Oddo BHF.<\/p>\n<p>Les analystes de Jefferies pointent du doigt \u00abune croissance du chiffre d\u2019affaires au quatri\u00e8me trimestre de seulement 1%, dans la fourchette basse des pr\u00e9visions et sous les attentes\u00bb.<\/p>\n<p>L\u2019entreprise, qui veut acc\u00e9l\u00e9rer son d\u00e9ploiement dans l\u2019intelligence artificielle (IA), se montre \u00e9galement prudente pour 2026.<\/p>\n<p>Elle table sur un chiffre d\u2019affaires total situ\u00e9 entre 6,2 et 6,4 milliards d\u2019euros, en hausse de 1% \u00e0 3% (3% \u00e0 5% \u00e0 taux de change constants), ainsi qu\u2019une marge op\u00e9rationnelle comprise entre 32,2% et 32,6%.<\/p>\n<p>\u00abNotre ambition est claire: mener la transformation de l\u2019IA industrielle\u00bb, mais \u00abune v\u00e9ritable transformation demande du temps, pour nos clients comme pour nous-m\u00eames\u00bb, a soulign\u00e9 le directeur g\u00e9n\u00e9ral du groupe Pascal Daloz, cit\u00e9 dans un communiqu\u00e9.<\/p>\n<p>Ces pr\u00e9visions sont \u00abl\u00e9g\u00e8rement inf\u00e9rieures aux attentes\u00bb selon Oddo BHF, qui s\u2019inqui\u00e8te des revenus r\u00e9currents \u00abtr\u00e8s d\u00e9cevants, alors que le groupe vise \u00e0 acc\u00e9l\u00e9rer sa transition vers les abonnements et le cloud\u00bb.<\/p>\n<p>Sur l\u2019exercice 2025, les ventes de Dassault Syst\u00e8mes ont atteint 6,2 milliards d\u2019euros et son r\u00e9sultat net 1,2 milliard.<\/p>\n<p>Pilier de son activit\u00e9, le logiciel phare 3DEXPERIENCE, plateforme permettant aux entreprises de connecter l\u2019ensemble de leur \u00e9cosyst\u00e8me, est en hausse de 10% sur l\u2019ann\u00e9e \u00e0 taux de change constants.<\/p>\n<p>\u00abToutefois, dans certaines r\u00e9gions d\u2019Europe, nous avons fait face \u00e0 des vents contraires li\u00e9s \u00e0 la faiblesse du secteur automobile\u00bb, a constat\u00e9 Rouven Bergmann, directeur g\u00e9n\u00e9ral adjoint du groupe.<\/p>\n<p>Son chiffre d\u2019affaires dans le domaine des sciences recule \u00e9galement de 6% en donn\u00e9es publi\u00e9es, notamment \u00e0 cause des difficult\u00e9s rencontr\u00e9es par Medidata, sa filiale de donn\u00e9es m\u00e9dicales.<\/p>\n<p>Cr\u00e9\u00e9 en 1981, le groupe fran\u00e7ais commercialise des logiciels de mod\u00e9lisation 3D permettant aux entreprises de reproduire des univers virtuels pour tester le cycle de vie de leurs produits et de leurs syst\u00e8mes de production, appel\u00e9s \u00abjumeaux num\u00e9riques\u00bb.<\/p>\n<p>Ces r\u00e9pliques virtuelles de b\u00e2timents ou de v\u00e9hicules sont notamment utilis\u00e9es pour faciliter leur conception.<\/p>\n<p>D\u00e9but f\u00e9vrier, le groupe a annonc\u00e9 la signature d\u2019un partenariat strat\u00e9gique avec le g\u00e9ant am\u00e9ricain des puces \u00e9lectroniques Nvidia pour d\u00e9velopper une plateforme d\u2019IA industrielle mondiale.<\/p>\n<p>Celle-ci va combiner la technologie des \u00abjumeaux num\u00e9riques\u00bb de Dassault Syst\u00e8mes avec l\u2019infrastructure et les mod\u00e8les de Nvidia, pour des applications dans le domaine de la sant\u00e9 ou de l\u2019ing\u00e9nierie industrielle.<\/p>\n","protected":false},"excerpt":{"rendered":"Avec une chute de 20,81% \u00e0 17,77 euros \u00e0 la cl\u00f4ture, jamais l\u2019\u00e9diteur de logiciels de conception 3D&hellip;\n","protected":false},"author":2,"featured_media":728801,"comment_status":"","ping_status":"","sticky":false,"template":"","format":"standard","meta":{"footnotes":"","_share_on_mastodon":"0"},"categories":[1888],"tags":[1111,1928,11,1927,1777,674,1011,27,12,1926,626,1925,25],"class_list":["post-728800","post","type-post","status-publish","format-standard","has-post-thumbnail","category-paris","tag-actu","tag-actu-paris","tag-actualites","tag-actualites-paris","tag-eu","tag-europe","tag-fr","tag-france","tag-news","tag-news-paris","tag-paris","tag-paris-news","tag-republique-francaise"],"share_on_mastodon":{"url":"https:\/\/pubeurope.com\/@fr\/116056361847057541","error":""},"_links":{"self":[{"href":"https:\/\/www.europesays.com\/fr\/wp-json\/wp\/v2\/posts\/728800","targetHints":{"allow":["GET"]}}],"collection":[{"href":"https:\/\/www.europesays.com\/fr\/wp-json\/wp\/v2\/posts"}],"about":[{"href":"https:\/\/www.europesays.com\/fr\/wp-json\/wp\/v2\/types\/post"}],"author":[{"embeddable":true,"href":"https:\/\/www.europesays.com\/fr\/wp-json\/wp\/v2\/users\/2"}],"replies":[{"embeddable":true,"href":"https:\/\/www.europesays.com\/fr\/wp-json\/wp\/v2\/comments?post=728800"}],"version-history":[{"count":0,"href":"https:\/\/www.europesays.com\/fr\/wp-json\/wp\/v2\/posts\/728800\/revisions"}],"wp:featuredmedia":[{"embeddable":true,"href":"https:\/\/www.europesays.com\/fr\/wp-json\/wp\/v2\/media\/728801"}],"wp:attachment":[{"href":"https:\/\/www.europesays.com\/fr\/wp-json\/wp\/v2\/media?parent=728800"}],"wp:term":[{"taxonomy":"category","embeddable":true,"href":"https:\/\/www.europesays.com\/fr\/wp-json\/wp\/v2\/categories?post=728800"},{"taxonomy":"post_tag","embeddable":true,"href":"https:\/\/www.europesays.com\/fr\/wp-json\/wp\/v2\/tags?post=728800"}],"curies":[{"name":"wp","href":"https:\/\/api.w.org\/{rel}","templated":true}]}}