{"id":728804,"date":"2026-02-12T06:59:11","date_gmt":"2026-02-12T06:59:11","guid":{"rendered":"https:\/\/www.europesays.com\/fr\/728804\/"},"modified":"2026-02-12T06:59:11","modified_gmt":"2026-02-12T06:59:11","slug":"cest-toute-une-histoire-quon-redecouvre-a-paris-le-cirque-dhiver-bouglione-va-retrouver-son-lustre-dantan","status":"publish","type":"post","link":"https:\/\/www.europesays.com\/fr\/728804\/","title":{"rendered":"\u00ab\u00a0C\u2019est toute une histoire qu\u2019on red\u00e9couvre\u00a0\u00bb\u00a0: \u00e0 Paris, le cirque d\u2019Hiver Bouglione va retrouver son lustre d\u2019antan"},"content":{"rendered":"<p class=\"paragraph text_align_left lp-f-body-02\">C\u2019est un joyau du patrimoine culturel de la capitale qui se replonge dans son histoire bient\u00f4t bicentenaire. Et <a href=\"https:\/\/www.leparisien.fr\/culture-loisirs\/sortir-region-parisienne\/patrimoine-le-cirque-d-hiver-piste-aux-etoiles-de-la-capitale-24-10-2020-8404757.php\" target=\"_self\" rel=\"nofollow noopener\">le plus vieux cirque en \u00ab dur \u00bb du monde<\/a> encore en activit\u00e9 retrouvera prochainement le m\u00eame faste qu\u2019\u00e0 sa construction sous Napol\u00e9on III, en 1852 \u00e0 <a href=\"https:\/\/www.leparisien.fr\/paris-75\/\" target=\"_self\" rel=\"nofollow noopener\">Paris<\/a> (XIe).<\/p>\n<p class=\"\">Propri\u00e9taire du cirque d\u2019Hiver depuis 1934, la famille Bouglione vient en effet de lancer un vaste programme de r\u00e9novation du site, con\u00e7u par <a href=\"https:\/\/www.leparisien.fr\/paris-75\/reussir-a-concilier-patrimoine-et-ecologie-la-reflexion-debute-sur-lavenir-de-la-place-de-la-concorde-05-04-2024-U2K4XJS7DRHBBC66HS6GO3LNNI.php\" target=\"_self\" rel=\"nofollow noopener\">l\u2019architecte Jacques Hittorff<\/a> en seulement neuf mois. Ce chantier doit s\u2019\u00e9taler sur les quatre prochaines ann\u00e9es, afin d\u2019assurer la continuit\u00e9 de la programmation \u00e9v\u00e9nementielle. Une r\u00e9habilitation supervis\u00e9e par l\u2019architecte St\u00e9phane Millet, d\u00e9j\u00e0 en charge de la r\u00e9novation de <a href=\"https:\/\/www.leparisien.fr\/paris-75\/vieillissants-et-sous-finances-450-millions-deuros-pour-moderniser-le-palais-garnier-et-lopera-bastille-03-09-2025-4LZUB54BOZBA5BF2I7JFGH453I.php\" target=\"_self\" rel=\"nofollow noopener\">l\u2019op\u00e9ra Garnier<\/a> (IXe) et habitu\u00e9 des lieux culturels d\u2019exception.<\/p>\n","protected":false},"excerpt":{"rendered":"C\u2019est un joyau du patrimoine culturel de la capitale qui se replonge dans son histoire bient\u00f4t bicentenaire. Et&hellip;\n","protected":false},"author":2,"featured_media":728805,"comment_status":"","ping_status":"","sticky":false,"template":"","format":"standard","meta":{"footnotes":"","_share_on_mastodon":"0"},"categories":[1888],"tags":[11,1777,674,1011,27,1944,12,626,25],"class_list":["post-728804","post","type-post","status-publish","format-standard","has-post-thumbnail","category-paris","tag-actualites","tag-eu","tag-europe","tag-fr","tag-france","tag-ma-ville","tag-news","tag-paris","tag-republique-francaise"],"share_on_mastodon":{"url":"https:\/\/pubeurope.com\/@fr\/116056369692651667","error":""},"_links":{"self":[{"href":"https:\/\/www.europesays.com\/fr\/wp-json\/wp\/v2\/posts\/728804","targetHints":{"allow":["GET"]}}],"collection":[{"href":"https:\/\/www.europesays.com\/fr\/wp-json\/wp\/v2\/posts"}],"about":[{"href":"https:\/\/www.europesays.com\/fr\/wp-json\/wp\/v2\/types\/post"}],"author":[{"embeddable":true,"href":"https:\/\/www.europesays.com\/fr\/wp-json\/wp\/v2\/users\/2"}],"replies":[{"embeddable":true,"href":"https:\/\/www.europesays.com\/fr\/wp-json\/wp\/v2\/comments?post=728804"}],"version-history":[{"count":0,"href":"https:\/\/www.europesays.com\/fr\/wp-json\/wp\/v2\/posts\/728804\/revisions"}],"wp:featuredmedia":[{"embeddable":true,"href":"https:\/\/www.europesays.com\/fr\/wp-json\/wp\/v2\/media\/728805"}],"wp:attachment":[{"href":"https:\/\/www.europesays.com\/fr\/wp-json\/wp\/v2\/media?parent=728804"}],"wp:term":[{"taxonomy":"category","embeddable":true,"href":"https:\/\/www.europesays.com\/fr\/wp-json\/wp\/v2\/categories?post=728804"},{"taxonomy":"post_tag","embeddable":true,"href":"https:\/\/www.europesays.com\/fr\/wp-json\/wp\/v2\/tags?post=728804"}],"curies":[{"name":"wp","href":"https:\/\/api.w.org\/{rel}","templated":true}]}}