{"id":72884,"date":"2025-05-03T22:59:10","date_gmt":"2025-05-03T22:59:10","guid":{"rendered":"https:\/\/www.europesays.com\/fr\/72884\/"},"modified":"2025-05-03T22:59:10","modified_gmt":"2025-05-03T22:59:10","slug":"nouvelle-greve-chez-decathlon-pour-reclamer-des-hausses-de-salaire-actualites","status":"publish","type":"post","link":"https:\/\/www.europesays.com\/fr\/72884\/","title":{"rendered":"Nouvelle gr\u00e8ve chez D\u00e9cathlon pour r\u00e9clamer des hausses de salaire : Actualit\u00e9s"},"content":{"rendered":"<p class=\"lead \">Quelques centaines de salari\u00e9s de la cha\u00eene de magasins d&rsquo;articles de sport Decathlon ont observ\u00e9 des arr\u00eats de travail vendredi et samedi dans toute la France \u00e0 l&rsquo;appel de la CFDT pour demander de meilleurs salaires et conditions de travail, a indiqu\u00e9 le syndicat \u00e0 l&rsquo;AFP<\/p>\n<p class=\"lead \">Selon S\u00e9bastien Chauvin, d\u00e9l\u00e9gu\u00e9 syndical CFDT, plus de 500 salari\u00e9s avaient r\u00e9pondu \u00e0 l&rsquo;appel \u00e0 la gr\u00e8ve vendredi et samedi, pour des arr\u00eats de travail de quelques heures ou d&rsquo;une journ\u00e9e, dans une centaine de magasins en France. Le mouvement n&rsquo;a toutefois pas entra\u00een\u00e9 de fermeture de magasin.<\/p>\n<p class=\"lead \">La groupe compte environ 20.000 salari\u00e9s en France dont 12.000 travaillent en magasin, selon M. Chauvin.<\/p>\n<p class=\"lead \">\u00ab\u00a0Nous revendiquons des salaires qui correspondent \u00e0 nos responsabilit\u00e9s et \u00e0 notre investissement, un meilleur syst\u00e8me d&rsquo;\u00e9valuation annuel et plus d&rsquo;effectifs en CDI\u00a0\u00bb, a-t-il d\u00e9taill\u00e9, pr\u00e9cisant que le mouvement \u00e9tait aussi soutenu par la CGT.<\/p>\n<p class=\"lead \">De son c\u00f4t\u00e9, la direction a indiqu\u00e9 \u00e0 l&rsquo;AFP que \u00ab\u00a0l&rsquo;enseigne rest(ait) particuli\u00e8rement attentive aux questionnements et revendications exprim\u00e9s. D\u00e9cathlon poursuit un dialogue direct et r\u00e9gulier avec ses \u00e9quipes\u00a0\u00bb.<\/p>\n<p class=\"lead \">La direction n&rsquo;\u00e9tait pas en mesure samedi d&rsquo;\u00e9valuer le nombre de gr\u00e9vistes.<\/p>\n<p class=\"lead \">A Paris, une dizaine d&#8217;employ\u00e9s de D\u00e9cathlon syndiqu\u00e9s \u00e0 la CFDT avaient pr\u00e9vu de se retrouver samedi apr\u00e8s-midi devant le magasin de la place de la Madeleine mais une averse de gr\u00eale a perturb\u00e9 le rassemblement, qui s&rsquo;est finalement d\u00e9roul\u00e9 dans les all\u00e9es du magasin.<\/p>\n<p class=\"lead \">Ils d\u00e9non\u00e7aient les conditions de travail dans ce magasin, degrad\u00e9es selon eux par les lourds travaux effectu\u00e9s depuis plusieurs mois dans l&rsquo;immeuble qui l&rsquo;abrite.<\/p>\n<p class=\"lead \">\u00ab\u00a0Ce magasin est celui qui fait le plus gros chiffre d&rsquo;affaires du groupe au niveau mondial, 60 millions d&rsquo;euros. La direction n&rsquo;a pas voulu le fermer pendant les travaux\u00a0\u00bb, regrette S\u00e9bastien Chauvin.<\/p>\n<p class=\"lead \">La CFDT, troisi\u00e8me organisation syndicale au sein du groupe mais premi\u00e8re chez les employ\u00e9s, avait d\u00e9j\u00e0 lanc\u00e9 un appel \u00e0 la gr\u00e8ve en d\u00e9cembre pour r\u00e9clamer des hausses de salaire.<\/p>\n<p class=\"lead \">Les gr\u00e8ves restent toutefois assez rares dans cette cha\u00eene qui appartient au groupe Mulliez (Auchan, Boulanger, Leroy Merlin).<\/p>\n<p class=\"small font-weight-bold text-gray3 \"> publi\u00e9 le 3 mai \u00e0 18h37, AFP<\/p>\n<p>                             Partager<\/p>\n","protected":false},"excerpt":{"rendered":"Quelques centaines de salari\u00e9s de la cha\u00eene de magasins d&rsquo;articles de sport Decathlon ont observ\u00e9 des arr\u00eats de&hellip;\n","protected":false},"author":2,"featured_media":72885,"comment_status":"","ping_status":"","sticky":false,"template":"","format":"standard","meta":{"footnotes":""},"categories":[6],"tags":[35,2105,33,34,1011,27,17654,1858,801,517,3427,602],"class_list":{"0":"post-72884","1":"post","2":"type-post","3":"status-publish","4":"format-standard","5":"has-post-thumbnail","7":"category-economie","8":"tag-business","9":"tag-distribution","10":"tag-economie","11":"tag-economy","12":"tag-fr","13":"tag-france","14":"tag-grves","15":"tag-services","16":"tag-social","17":"tag-sport","18":"tag-syndicats","19":"tag-tourisme"},"share_on_mastodon":{"url":"https:\/\/pubeurope.com\/@fr\/114446386076080230","error":""},"_links":{"self":[{"href":"https:\/\/www.europesays.com\/fr\/wp-json\/wp\/v2\/posts\/72884","targetHints":{"allow":["GET"]}}],"collection":[{"href":"https:\/\/www.europesays.com\/fr\/wp-json\/wp\/v2\/posts"}],"about":[{"href":"https:\/\/www.europesays.com\/fr\/wp-json\/wp\/v2\/types\/post"}],"author":[{"embeddable":true,"href":"https:\/\/www.europesays.com\/fr\/wp-json\/wp\/v2\/users\/2"}],"replies":[{"embeddable":true,"href":"https:\/\/www.europesays.com\/fr\/wp-json\/wp\/v2\/comments?post=72884"}],"version-history":[{"count":0,"href":"https:\/\/www.europesays.com\/fr\/wp-json\/wp\/v2\/posts\/72884\/revisions"}],"wp:featuredmedia":[{"embeddable":true,"href":"https:\/\/www.europesays.com\/fr\/wp-json\/wp\/v2\/media\/72885"}],"wp:attachment":[{"href":"https:\/\/www.europesays.com\/fr\/wp-json\/wp\/v2\/media?parent=72884"}],"wp:term":[{"taxonomy":"category","embeddable":true,"href":"https:\/\/www.europesays.com\/fr\/wp-json\/wp\/v2\/categories?post=72884"},{"taxonomy":"post_tag","embeddable":true,"href":"https:\/\/www.europesays.com\/fr\/wp-json\/wp\/v2\/tags?post=72884"}],"curies":[{"name":"wp","href":"https:\/\/api.w.org\/{rel}","templated":true}]}}