{"id":728914,"date":"2026-02-12T08:08:30","date_gmt":"2026-02-12T08:08:30","guid":{"rendered":"https:\/\/www.europesays.com\/fr\/728914\/"},"modified":"2026-02-12T08:08:30","modified_gmt":"2026-02-12T08:08:30","slug":"pourquoi-un-appartement-a-paris-est-la-meilleure-alternative-a-lhotel-pour-un-long-sejour","status":"publish","type":"post","link":"https:\/\/www.europesays.com\/fr\/728914\/","title":{"rendered":"pourquoi un appartement \u00e0 Paris est la meilleure alternative \u00e0 l&rsquo;h\u00f4tel pour un long s\u00e9jour"},"content":{"rendered":"<p>Oubliez le minibar et la moquette beige. En 2026, les voyageuses les plus malines ne r\u00e9servent plus une chambre d\u2019h\u00f4tel pour leurs longs s\u00e9jours parisiens. Elles louent un appartement \u00e0 Paris, ouvrent les volets sur les toits en zinc, descendent chercher des croissants en bas de chez elles et vivent Paris comme si elles y avaient toujours habit\u00e9. Le r\u00eave Emily in Paris, mais en version r\u00e9aliste. Voici comment faire pareil.<\/p>\n<p>On a toutes eu ce fantasme. L\u2019appartement sous les toits avec les poutres apparentes et la lumi\u00e8re du matin qui inonde le parquet. Le petit balcon avec vue sur une coupole. La boulangerie au coin de la rue o\u00f9 le boulanger finit par vous reconna\u00eetre. Emily in Paris a vendu ce r\u00eave \u00e0 des millions de spectatrices dans le monde entier, et soyons honn\u00eates : m\u00eame en trouvant la s\u00e9rie un peu clich\u00e9, on a toutes regard\u00e9 l\u2019appartement de la Place de l\u2019Estrapade en se disant \u00ab et si c\u2019\u00e9tait possible ? \u00bb.<\/p>\n<p>La bonne nouvelle ? \u00c7a l\u2019est. Et les chiffres le prouvent : selon le barom\u00e8tre Lodgis 2025, la dur\u00e9e moyenne des s\u00e9jours en location meubl\u00e9e \u00e0 Paris atteint d\u00e9sormais 8 mois, contre 7,2 mois un an plus t\u00f4t. De plus en plus de voyageuses, d\u2019expatri\u00e9es temporaires et de professionnelles en mobilit\u00e9 choisissent de poser leurs valises dans un vrai appartement parisien plut\u00f4t que dans une chambre d\u2019h\u00f4tel. Pas pour quelques nuits. Pour quelques semaines, quelques mois, le temps de vivre Paris pour de vrai. Et gr\u00e2ce aux plateformes de mise en relation directe,\u00a0<a href=\"https:\/\/www.123loger.com\/location\/paris\/\" rel=\"nofollow noopener\" target=\"_blank\">trouver un appartement \u00e0 Paris<\/a>\u00a0n\u2019a jamais \u00e9t\u00e9 aussi simple<\/p>\n<p>L\u2019h\u00f4tel \u00e0 Paris, c\u2019\u00e9tait bien. L\u2019appartement, c\u2019est mieux.<\/p>\n<p>Faisons les comptes, parce que le glamour n\u2019emp\u00eache pas la lucidit\u00e9. En 2026, une nuit dans un h\u00f4tel 4 \u00e9toiles \u00e0 Paris co\u00fbte en moyenne 189 euros selon hotels.com, et jusqu\u2019\u00e0 290 dollars (environ 270 euros) d\u2019apr\u00e8s Booking.com. Sur trois semaines, m\u00eame en \u00e9tant optimiste, la facture grimpe entre 4 000 et 5 700 euros. Un mois dans un cinq-\u00e9toiles ? Comptez au minimum 6 500 euros, et jusqu\u2019\u00e0 plus de 20 000 euros pour les adresses les plus prestigieuses.<\/p>\n<p><img loading=\"lazy\" decoding=\"async\" width=\"1024\" height=\"576\" src=\"data:image\/svg+xml,%3Csvg%20xmlns=\" http:=\"\" alt=\"&quot;Int\u00e9rieur d'un appartement parisien typique de style haussmannien avec parquet en chevrons, grandes fen\u00eatres ouvertes sur des balcons en fer forg\u00e9, un canap\u00e9 bleu \u00e9l\u00e9gant et une biblioth\u00e8que, baign\u00e9 de lumi\u00e8re naturelle.&quot;\" class=\"wp-image-210211\" data-lazy- data-lazy- data-lazy-src=\"https:\/\/www.europesays.com\/fr\/wp-content\/uploads\/2026\/02\/image-dappart-edited.jpeg\"\/><\/p>\n<p>Pour ce budget, la location meubl\u00e9e \u00e0 Paris offre une r\u00e9alit\u00e9 bien diff\u00e9rente. D\u2019apr\u00e8s certains professionnels, le loyer moyen d\u2019un appartement meubl\u00e9 \u00e0 Paris s\u2019\u00e9tablit \u00e0 1 725 euros par mois en 2025. Un deux-pi\u00e8ces de 40 m\u00b2 dans un quartier central tourne autour de 1 400 \u00e0 1 800 euros mensuels. Autrement dit, pour le prix de dix nuits d\u2019h\u00f4tel, vous avez un appartement entier pendant un mois. Avec une cuisine o\u00f9 pr\u00e9parer votre pasta du dimanche soir, un salon o\u00f9 recevoir vos amis, et ce luxe supr\u00eame \u00e0 Paris : de l\u2019espace pour poser vos valises ET vos achats du Bon March\u00e9.<\/p>\n<p>Mais au-del\u00e0 de l\u2019argument financier, il y a quelque chose que l\u2019h\u00f4tel ne pourra jamais offrir : l\u2019exp\u00e9rience de vivre \u00e0 la parisienne. Avoir ses cl\u00e9s, son quartier, ses habitudes. Descendre en robe d\u2019\u00e9t\u00e9 acheter des pivoines au march\u00e9. Prendre son caf\u00e9 en terrasse au bistrot d\u2019en bas, celui o\u00f9 personne ne parle anglais et o\u00f9 le serveur vous garde votre table. Rentrer chez soi le soir par des rues que l\u2019on commence \u00e0 conna\u00eetre par c\u0153ur, avec un sac en papier de chez Poil\u00e2ne sous le bras. C\u2019est cette intimit\u00e9 avec la ville qui transforme un simple s\u00e9jour en une histoire qu\u2019on raconte encore des ann\u00e9es plus tard.<\/p>\n<blockquote class=\"wp-block-quote is-layout-flow wp-block-quote-is-layout-flow\">\n<p>\u00ab Pour le prix de dix nuits d\u2019h\u00f4tel, vous avez un appartement entier pendant un mois. Avec une cuisine, un salon, et le luxe supr\u00eame \u00e0 Paris : de l\u2019espace. \u00bb<\/p>\n<\/blockquote>\n<p>Un march\u00e9 en plein boom \u00e0 Paris (et comment en profiter)<\/p>\n<p>Le ph\u00e9nom\u00e8ne n\u2019est pas anecdotique. En 2025, 59 % des locations \u00e0 Paris sont des meubl\u00e9s, contre seulement 38 % en 2019 selon les donn\u00e9es du secteur. La demande de locations meubl\u00e9es longue dur\u00e9e a bondi de 19 % au premier trimestre 2025 d\u2019apr\u00e8s le barom\u00e8tre Lodgis. Et 68 % des locataires parisiens recherchent d\u00e9sormais un bien meubl\u00e9. Le profil type ? Des professionnelles en mobilit\u00e9 (59 % des locataires Lodgis), suivies par les \u00e9tudiantes internationales. Des femmes qui viennent \u00e0 Paris pour un projet, une mission, une envie, et qui veulent vivre dans un vrai chez-soi, pas dans une chambre standardis\u00e9e.<\/p>\n<p>Le bail mobilit\u00e9 est votre meilleur alli\u00e9. Ce contrat, pens\u00e9 pour les s\u00e9jours temporaires de un \u00e0 dix mois, ne demande aucun d\u00e9p\u00f4t de garantie et s\u2019adresse \u00e0 toutes celles qui viennent \u00e0 Paris pour un projet professionnel, un stage, une formation ou simplement l\u2019envie de vivre ici le temps d\u2019une saison. C\u2019est le cadre juridique parfait pour transformer le r\u00eave en r\u00e9alit\u00e9, sans l\u2019engagement d\u2019un bail classique.<\/p>\n<p>Reste la question pratique : o\u00f9 chercher sans se ruiner en frais d\u2019agence ? Les plateformes de mise en relation directe entre locataires et propri\u00e9taires ont chang\u00e9 la donne.\u00a0<a href=\"http:\/\/&quot;https:\/\/www.123loger.com\/location\/paris\/\" target=\"_blank\" rel=\"noreferrer noopener nofollow\"><strong>123 Loger<\/strong><\/a>\u00a0fait partie de celles que notre r\u00e9daction recommande pour les s\u00e9jours longue dur\u00e9e \u00e0 Paris : recherche par arrondissement, alertes en temps r\u00e9el, contact direct avec les propri\u00e9taires, z\u00e9ro commission. Pour quelqu\u2019une qui d\u00e9barque de New York, Londres ou Milan avec un projet de trois mois \u00e0 Paris, c\u2019est le genre d\u2019outil qui fait gagner des jours de recherche et plusieurs centaines d\u2019euros de frais.<\/p>\n<p>Les quartiers de Paris o\u00f9 vivre votre moment parisien<\/p>\n<p>Le choix du quartier, c\u2019est d\u00e9j\u00e0 le d\u00e9but de l\u2019histoire. Chaque arrondissement a sa personnalit\u00e9, son \u00e9nergie, son type de parisienne. Voici ceux que nous aimons pour un s\u00e9jour longue dur\u00e9e \u00e0 Paris.<\/p>\n<p><strong>Le Marais (3e-4e)<\/strong>\u00a0pour celles qui veulent tout \u00e0 port\u00e9e de main. Galeries, concept stores, restaurants, vie nocturne. On y croise des filles en S\u00e9zane qui sortent de chez Merci avec un matcha \u00e0 la main. C\u2019est le Paris d\u2019Instagram, mais en vrai c\u2019est aussi beau. Comptez entre 1 800 et 2 800 euros par mois pour un meubl\u00e9 selon les donn\u00e9es SeLoger, un peu au-dessus de la moyenne parisienne mais le d\u00e9cor n\u2019a pas de prix.<\/p>\n<p><strong>Saint-Germain-des-Pr\u00e9s (6e)<\/strong>\u00a0pour l\u2019\u00e9l\u00e9gance litt\u00e9raire. Le quartier des librairies, des caf\u00e9s historiques et des fa\u00e7ades qui n\u2019ont pas chang\u00e9 depuis Fran\u00e7oise Sagan. Si vous r\u00eavez d\u2019\u00e9crire votre roman en terrasse du Caf\u00e9 de Flore (ou plus discr\u00e8tement chez Prescription Cocktail Club), c\u2019est ici. Budget plus \u00e9lev\u00e9, mais pour un s\u00e9jour de deux ou trois mois, cela reste infiniment plus accessible qu\u2019un h\u00f4tel du m\u00eame quartier.<\/p>\n<p><strong>Canal Saint-Martin (10e)<\/strong>\u00a0pour les cr\u00e9atives et les ind\u00e9pendantes. Ateliers de c\u00e9ramique, coffee shops o\u00f9 l\u2019on travaille sur son Mac, brunchs du week-end au bord de l\u2019eau. C\u2019est le quartier d\u2019Am\u00e9lie Poulain version 2026 : plus foodie, plus freelance, toujours aussi photog\u00e9nique. Et avec des loyers 15 \u00e0 20 % sous ceux du centre de Paris, votre budget respire.<\/p>\n<p><strong>Butte-aux-Cailles (13e)<\/strong>\u00a0pour celles qui veulent le Paris secret. Des ruelles pav\u00e9es, du street art, des bistrots \u00e0 l\u2019ancienne et une atmosph\u00e8re de village que m\u00eame les Parisiennes ne connaissent pas toutes. Les loyers dans le 13e tournent autour de 30 euros le m\u00b2, soit bien en dessous des 42 euros du centre, et la ligne 14 prolong\u00e9e met le quartier \u00e0 quinze minutes de tout.<\/p>\n<p><strong>Batignolles (17e)<\/strong>\u00a0pour celles qui cherchent le vrai Paris du quotidien. Le march\u00e9 bio du samedi matin, le parc Martin Luther King pour courir le dimanche, les petits restos de quartier o\u00f9 l\u2019on d\u00eene au comptoir. Moins glamour sur le papier, infiniment plus attachant apr\u00e8s quelques semaines. Et 20 \u00e0 30 % moins cher que le centre de Paris.<\/p>\n<p>La check-list avant de signer votre bail \u00e0 Paris<\/p>\n<p>M\u00eame quand on tombe amoureuse d\u2019un appartement au premier regard (\u00e7a arrive, c\u2019est Paris), on garde la t\u00eate froide. V\u00e9rifiez le DPE : depuis 2025, les passoires thermiques class\u00e9es G sont interdites \u00e0 la location, et un appart mal isol\u00e9 en janvier, c\u2019est le meilleur moyen de ruiner l\u2019ambiance. Contr\u00f4lez que le loyer respecte l\u2019encadrement en vigueur via le simulateur de la DRIHL. Demandez une visite en personne ou, si vous \u00eates encore \u00e0 l\u2019\u00e9tranger, une visite vid\u00e9o en direct (pas une vid\u00e9o pr\u00e9enregistr\u00e9e avec un filtre embellisseur).<\/p>\n<p>Et les d\u00e9tails qui changent tout au quotidien : testez le Wi-Fi (indispensable en t\u00e9l\u00e9travail), v\u00e9rifiez la literie (vous allez y dormir trois mois, pas trois nuits), et assurez-vous que la machine \u00e0 laver fonctionne. Ce n\u2019est pas tr\u00e8s po\u00e9tique, mais croyez-nous : apr\u00e8s deux semaines sans lave-linge \u00e0 Paris, le glamour de la vie parisienne prend un coup. Pensez aussi \u00e0 v\u00e9rifier que le bail mobilit\u00e9 respecte bien le cadre l\u00e9gal : dur\u00e9e d\u2019un \u00e0 dix mois, non renouvelable, sans d\u00e9p\u00f4t de garantie.<\/p>\n<p>Le vrai luxe \u00e0 Paris, ce n\u2019est pas un palace<\/p>\n<p>Il y a une sc\u00e8ne dans Emily in Paris, saison 1, o\u00f9 Emily d\u00e9couvre la vue depuis sa chambre de bonne. Les toits, la lumi\u00e8re, Paris \u00e0 ses pieds. On sourit parce que c\u2019est romanc\u00e9, parce que l\u2019appart est trop beau pour le prix, parce que c\u2019est Netflix. Mais le sentiment, lui, est vrai. Ce moment o\u00f9 l\u2019on ouvre ses volets le matin et o\u00f9 l\u2019on r\u00e9alise qu\u2019on vit \u00e0 Paris. Pas en touriste, pas en transit. On y vit.<\/p>\n<p>C\u2019est \u00e7a, le vrai luxe parisien. Pas un lobby en marbre ni un room service \u00e0 45 euros. C\u2019est une cuisine o\u00f9 l\u2019on pr\u00e9pare un d\u00eener pour des amis rencontr\u00e9s la semaine derni\u00e8re. Un salon o\u00f9 l\u2019on lit avec les fen\u00eatres ouvertes sur les bruits de la ville. Une adresse que l\u2019on donne en disant \u00ab chez moi \u00bb. Et cette certitude d\u00e9licieuse que pendant quelques semaines ou quelques mois, Paris n\u2019est pas juste une destination. C\u2019est chez vous.<\/p>\n","protected":false},"excerpt":{"rendered":"Oubliez le minibar et la moquette beige. En 2026, les voyageuses les plus malines ne r\u00e9servent plus une&hellip;\n","protected":false},"author":2,"featured_media":728915,"comment_status":"","ping_status":"","sticky":false,"template":"","format":"standard","meta":{"footnotes":"","_share_on_mastodon":"0"},"categories":[1888],"tags":[11,1777,674,1011,27,12,626,25],"class_list":["post-728914","post","type-post","status-publish","format-standard","has-post-thumbnail","category-paris","tag-actualites","tag-eu","tag-europe","tag-fr","tag-france","tag-news","tag-paris","tag-republique-francaise"],"share_on_mastodon":{"url":"https:\/\/pubeurope.com\/@fr\/116056641068999737","error":""},"_links":{"self":[{"href":"https:\/\/www.europesays.com\/fr\/wp-json\/wp\/v2\/posts\/728914","targetHints":{"allow":["GET"]}}],"collection":[{"href":"https:\/\/www.europesays.com\/fr\/wp-json\/wp\/v2\/posts"}],"about":[{"href":"https:\/\/www.europesays.com\/fr\/wp-json\/wp\/v2\/types\/post"}],"author":[{"embeddable":true,"href":"https:\/\/www.europesays.com\/fr\/wp-json\/wp\/v2\/users\/2"}],"replies":[{"embeddable":true,"href":"https:\/\/www.europesays.com\/fr\/wp-json\/wp\/v2\/comments?post=728914"}],"version-history":[{"count":0,"href":"https:\/\/www.europesays.com\/fr\/wp-json\/wp\/v2\/posts\/728914\/revisions"}],"wp:featuredmedia":[{"embeddable":true,"href":"https:\/\/www.europesays.com\/fr\/wp-json\/wp\/v2\/media\/728915"}],"wp:attachment":[{"href":"https:\/\/www.europesays.com\/fr\/wp-json\/wp\/v2\/media?parent=728914"}],"wp:term":[{"taxonomy":"category","embeddable":true,"href":"https:\/\/www.europesays.com\/fr\/wp-json\/wp\/v2\/categories?post=728914"},{"taxonomy":"post_tag","embeddable":true,"href":"https:\/\/www.europesays.com\/fr\/wp-json\/wp\/v2\/tags?post=728914"}],"curies":[{"name":"wp","href":"https:\/\/api.w.org\/{rel}","templated":true}]}}