{"id":72892,"date":"2025-05-03T23:03:09","date_gmt":"2025-05-03T23:03:09","guid":{"rendered":"https:\/\/www.europesays.com\/fr\/72892\/"},"modified":"2025-05-03T23:03:09","modified_gmt":"2025-05-03T23:03:09","slug":"monaco-sinstalle-a-la-deuxieme-place-apres-sa-victoire-a-saint-etienne","status":"publish","type":"post","link":"https:\/\/www.europesays.com\/fr\/72892\/","title":{"rendered":"Monaco s&rsquo;installe \u00e0 la deuxi\u00e8me place apr\u00e8s sa victoire \u00e0 Saint-Etienne"},"content":{"rendered":"<p>Apr\u00e8s deux r\u00e9sultats nuls contre Strasbourg (0-0) et Le Havre (1-1), Monaco a provisoirement repris la 2e place de la Ligue 1 apr\u00e8s s&rsquo;\u00eatre impos\u00e9 \u00e0 Saint-Etienne (3-1), au terme d&rsquo;un match anim\u00e9 de la 32e journ\u00e9e.<\/p>\n<p>Akliouche d&rsquo;entr\u00e9e<\/p>\n<p>Maghnaes Akliouche a ouvert la marque d&rsquo;entr\u00e9e apr\u00e8s un centre d\u00e9livr\u00e9 de l&rsquo;aile gauche par Caio Henrique \u00e0 la conclusion d&rsquo;une belle action collective (2).<\/p>\n<p>Akliouche aurait pu ajouter un deuxi\u00e8me but mais le gardien <a href=\"https:\/\/www.lejsl.com\/p\/gautier-larsonneur\" target=\"_blank\" rel=\"nofollow noopener\">Gautier Larsonneur<\/a> a sauv\u00e9 l&rsquo;ASSE au prix d&rsquo;une belle sortie (29).<\/p>\n<p>Les Mon\u00e9gasques n&rsquo;ont pas vraiment eu de peine \u00e0 contenir une \u00e9quipe st\u00e9phanoise limit\u00e9e, vaillante mais inoffensive notamment en l&rsquo;absence de son buteur, le Belge <a href=\"https:\/\/www.lejsl.com\/p\/lucas-stassin\" target=\"_blank\" rel=\"nofollow noopener\">Lucas Stassin<\/a>, bless\u00e9.\u00a0<\/p>\n<p><a href=\"https:\/\/www.lejsl.com\/p\/zuriko-davitashvili\" target=\"_blank\" rel=\"nofollow noopener\">Zuriko Davitashvili<\/a> a \u00e9galis\u00e9 d&rsquo;un tir du droit se logeant dans la lucarne (1-1, 65), la seule frappe cadr\u00e9e des Verts.<\/p>\n<p>Biereth sorti sur blessure<\/p>\n<p>Jusqu&rsquo;alors, la seconde p\u00e9riode avait \u00e9t\u00e9 tout \u00e0 l&rsquo;avantage de Monaco sans pour autant que l&rsquo;ASM ne se cr\u00e9e de r\u00e9elles occasions malgr\u00e9 quelques situations d\u00e9licates pour la d\u00e9fense de Saint-Etienne.\u00a0<\/p>\n<p>Sur l&rsquo;une d&rsquo;elles, Moatasem Al-Musrati a redonn\u00e9 l&rsquo;avantage aux Mon\u00e9gasques d&rsquo;un tir d\u00e9vi\u00e9 sur lequel Larsonneur est pass\u00e9 au travers (2-1, 68) avant que Folarin Balogun n&rsquo;ajoute un troisi\u00e8me but en profitant d&rsquo;un mauvais d\u00e9gagement de Maxime Bernauer (3-1, 78).<\/p>\n<p>Ce contenu est bloqu\u00e9 car vous n&rsquo;avez pas accept\u00e9 les cookies et autres traceurs.<\/p>\n<p>En cliquant sur \u00ab J\u2019accepte \u00bb, les cookies et autres traceurs seront d\u00e9pos\u00e9s et vous pourrez visualiser les contenus  (<a href=\"\" class=\"consentModule_policy\" target=\"_blank\" title=\"Consulter la politique de protection des donn\u00e9es du fournisseur\">plus d&rsquo;informations<\/a>).<\/p>\n<p>En cliquant sur \u00ab J\u2019accepte tous les cookies \u00bb, vous autorisez des d\u00e9p\u00f4ts de cookies et autres traceurs pour le stockage de vos donn\u00e9es sur nos sites et applications \u00e0 des fins de personnalisation et de ciblage publicitaire.<\/p>\n<p class=\"consentModule_secondaryText\">Vous gardez la possibilit\u00e9 de retirer votre consentement \u00e0 tout moment en consultant notre <a href=\"https:\/\/www.lejsl.com\/protection-des-donnees\" target=\"_blank\" title=\"Consulter notre politique de protection des donn\u00e9es\" rel=\"nofollow noopener\">politique de protection des donn\u00e9es<\/a>. <br \/>&#13;<br \/>\n            <a href=\"https:\/\/www.lejsl.com\/sport\/2025\/05\/03\/javascript:Didomi.notice.show()\" class=\"consentModule_cmp\" rel=\"nofollow noopener\" target=\"_blank\">G\u00e9rer mes choix<\/a>&#13;\n        <\/p>\n<p>&#13;<br \/>\n                        J&rsquo;accepte&#13;<br \/>\n            J&rsquo;accepte tous les cookies&#13;\n        <\/p>\n<p>Au cours de la rencontre, Monaco a, malheureusement, perdu son attaquant danois Mika Biereth, remplac\u00e9 d\u00e8s la 15e minute par le Suisse Breel Embolo, apr\u00e8s un coup re\u00e7u au visage dans un choc avec Micka\u00ebl Nad\u00e9.<\/p>\n<p>Dans l&rsquo;ensemble, les Mon\u00e9gasques ont livr\u00e9 une performance solide et ont m\u00e9rit\u00e9 leur victoire, la premi\u00e8re \u00e0 l&rsquo;ext\u00e9rieur apr\u00e8s celle \u00e0 Angers le 15 mars (2-0, 26e journ\u00e9e).<\/p>\n","protected":false},"excerpt":{"rendered":"Apr\u00e8s deux r\u00e9sultats nuls contre Strasbourg (0-0) et Le Havre (1-1), Monaco a provisoirement repris la 2e place&hellip;\n","protected":false},"author":2,"featured_media":72893,"comment_status":"","ping_status":"","sticky":false,"template":"","format":"standard","meta":{"footnotes":""},"categories":[9653],"tags":[1111,11,2430,1777,674,107,63,1011,27,12,25,4001,517,1947],"class_list":{"0":"post-72892","1":"post","2":"type-post","3":"status-publish","4":"format-standard","5":"has-post-thumbnail","7":"category-saint-etienne","8":"tag-actu","9":"tag-actualites","10":"tag-auvergne-rhone-alpes","11":"tag-eu","12":"tag-europe","13":"tag-fil-info","14":"tag-football","15":"tag-fr","16":"tag-france","17":"tag-news","18":"tag-republique-francaise","19":"tag-saint-etienne","20":"tag-sport","21":"tag-sport-national"},"share_on_mastodon":{"url":"https:\/\/pubeurope.com\/@fr\/114446402535030612","error":""},"_links":{"self":[{"href":"https:\/\/www.europesays.com\/fr\/wp-json\/wp\/v2\/posts\/72892","targetHints":{"allow":["GET"]}}],"collection":[{"href":"https:\/\/www.europesays.com\/fr\/wp-json\/wp\/v2\/posts"}],"about":[{"href":"https:\/\/www.europesays.com\/fr\/wp-json\/wp\/v2\/types\/post"}],"author":[{"embeddable":true,"href":"https:\/\/www.europesays.com\/fr\/wp-json\/wp\/v2\/users\/2"}],"replies":[{"embeddable":true,"href":"https:\/\/www.europesays.com\/fr\/wp-json\/wp\/v2\/comments?post=72892"}],"version-history":[{"count":0,"href":"https:\/\/www.europesays.com\/fr\/wp-json\/wp\/v2\/posts\/72892\/revisions"}],"wp:featuredmedia":[{"embeddable":true,"href":"https:\/\/www.europesays.com\/fr\/wp-json\/wp\/v2\/media\/72893"}],"wp:attachment":[{"href":"https:\/\/www.europesays.com\/fr\/wp-json\/wp\/v2\/media?parent=72892"}],"wp:term":[{"taxonomy":"category","embeddable":true,"href":"https:\/\/www.europesays.com\/fr\/wp-json\/wp\/v2\/categories?post=72892"},{"taxonomy":"post_tag","embeddable":true,"href":"https:\/\/www.europesays.com\/fr\/wp-json\/wp\/v2\/tags?post=72892"}],"curies":[{"name":"wp","href":"https:\/\/api.w.org\/{rel}","templated":true}]}}