{"id":72896,"date":"2025-05-03T23:06:10","date_gmt":"2025-05-03T23:06:10","guid":{"rendered":"https:\/\/www.europesays.com\/fr\/72896\/"},"modified":"2025-05-03T23:06:10","modified_gmt":"2025-05-03T23:06:10","slug":"vague-de-pollen-en-moselle-les-recommandations-a-suivre","status":"publish","type":"post","link":"https:\/\/www.europesays.com\/fr\/72896\/","title":{"rendered":"Vague de pollen en Moselle : les recommandations \u00e0 suivre"},"content":{"rendered":"<p>Ce mercredi 30 avril 2025, les pollens dans le Grand Est gagnent du terrain. Le <strong>taux de gramin\u00e9es dans l\u2019air va \u00eatre \u00e9lev\u00e9<\/strong>, selon les indications d\u2019Atmo, particuli\u00e8rement sur l\u2019axe Nancy-Metz et les zones alentour. Les personnes \u00e0 risque peuvent se pr\u00e9parer en cons\u00e9quence.<\/p>\n<p><img fetchpriority=\"high\" decoding=\"async\" width=\"1200\" height=\"800\" src=\"https:\/\/www.europesays.com\/fr\/wp-content\/uploads\/2025\/05\/Atmo_vendredi1ermai1-1-1200x800.jpg\" alt=\"\" class=\"wp-image-240285\"  \/>Vendredi matin, les zones autour de Nancy et Metz seront expos\u00e9es de fa\u00e7on \u00e9lev\u00e9e aux gramin\u00e9es (Cr\u00e9dit : Atmo Grand Est)<\/p>\n<p><a href=\"https:\/\/plateforme.atmo-grandest.eu\/cartotheque\/pollens\" rel=\"nofollow noopener\" target=\"_blank\">L\u2019indice Pollen d\u00e9velopp\u00e9 par Atmo est disponible en ligne<\/a> depuis le d\u00e9but du mois d\u2019avril 2025. Il permet de constater, en temps r\u00e9el et jour par jour, les risques allergiques dans le Grand Est. Les pr\u00e9visions portent sur 5 allerg\u00e8nes : aulne, gramin\u00e9es, bouleau, ambroisie, armoise.<\/p>\n<p>Les <strong>principaux sympt\u00f4mes de l\u2019allergie<\/strong> sont les yeux rouges, les \u00e9ternuements, les d\u00e9mangeaisons, le nez qui coule, les yeux larmoyants et des g\u00eanes respiratoires (toux, asthme, \u2026).\u00a0Plus vite les risques sont identifi\u00e9s, plus t\u00f4t le traitement des personnes allergiques peut \u00eatre adapt\u00e9, et plus efficace il sera. <\/p>\n<p>Si vous \u00eates allergique, vous pouvez <a href=\"https:\/\/www.pollinair.fr\/?select=allergique\" rel=\"nofollow noopener\" target=\"_blank\">\u00eatre inform\u00e9 en direct en vous inscrivant aux alertes pollens via le site internet d\u2019Atmo Grand Est<\/a>.<\/p>\n<p>Que faire quand on est allergique ? <\/p>\n<p>Les recommandations d\u2019Atmo Grand Est pour limiter l\u2019exposition aux pollens en p\u00e9riode de forte pollinisation sont les suivantes :\u00a0<\/p>\n<ul class=\"wp-block-list\">\n<li>Favoriser l\u2019ouverture des fen\u00eatres <strong>avant le lever et apr\u00e8s le coucher du soleil,<\/strong> car l\u2019\u00e9mission des pollens dans l\u2019air d\u00e9bute d\u00e8s le lever du soleil.<\/li>\n<li>En voiture, <strong>penser \u00e0 rouler les fen\u00eatres ferm\u00e9es<\/strong><\/li>\n<li><strong>\u00c9vitez de faire s\u00e9cher le linge \u00e0 l\u00a0\u00bbext\u00e9rieur<\/strong><\/li>\n<li>En rentrant chez soi, <strong>retirer ses v\u00eatements et se rincer les cheveux le soir<\/strong> car le pollen s\u2019y d\u00e9pose en grand nombre<\/li>\n<li><strong>Faire le m\u00e9nage r\u00e9guli\u00e8rement<\/strong><\/li>\n<li><strong>\u00c9vitez les activit\u00e9s ext\u00e9rieures<\/strong> qui entra\u00eenent une sur-exposition aux pollens (tonte du gazon, entretien du jardin, activit\u00e9s sportives, etc.) ; en cas de n\u00e9cessit\u00e9, privil\u00e9giez la fin de journ\u00e9e et le port de lunettes de protection et de masque.<\/li>\n<li><strong>\u00c9vitez de planter des v\u00e9g\u00e9taux dont le pollen peut provoquer des allergies<\/strong> (comme le bouleau, le ch\u00eane, le noisetier, le cypr\u00e8s, l\u2019olivier, le roseau, la f\u00e9tuque ou le carex).<\/li>\n<li>\u00c9vitez l\u2019exposition aux autres substances irritantes ou allergisantes en air int\u00e9rieur (tabac, produits d\u00a0\u00bbentretien, parfums d\u00a0\u00bbint\u00e9rieur, encens, etc.).<\/li>\n<\/ul>\n<p>En 2024 en France, les <strong>pollens sont responsables de r\u00e9actions allergiques chez pr\u00e8s de 25 % <\/strong>de la population, soit plusieurs centaines de milliers de personnes dans votre r\u00e9gion. En 2050, 50 % de la population devrait \u00eatre allergique au pollen en France.\u00a0<\/p>\n","protected":false},"excerpt":{"rendered":"Ce mercredi 30 avril 2025, les pollens dans le Grand Est gagnent du terrain. Le taux de gramin\u00e9es&hellip;\n","protected":false},"author":2,"featured_media":72897,"comment_status":"","ping_status":"","sticky":false,"template":"","format":"standard","meta":{"footnotes":""},"categories":[9635],"tags":[1111,11,898,15210,17655,1777,674,1011,27,775,1702,12,13415,25],"class_list":{"0":"post-72896","1":"post","2":"type-post","3":"status-publish","4":"format-standard","5":"has-post-thumbnail","7":"category-nancy","8":"tag-actu","9":"tag-actualites","10":"tag-alerte","11":"tag-allergies","12":"tag-atmo","13":"tag-eu","14":"tag-europe","15":"tag-fr","16":"tag-france","17":"tag-grand-est","18":"tag-nancy","19":"tag-news","20":"tag-pollen","21":"tag-republique-francaise"},"share_on_mastodon":{"url":"https:\/\/pubeurope.com\/@fr\/114446413608022865","error":""},"_links":{"self":[{"href":"https:\/\/www.europesays.com\/fr\/wp-json\/wp\/v2\/posts\/72896","targetHints":{"allow":["GET"]}}],"collection":[{"href":"https:\/\/www.europesays.com\/fr\/wp-json\/wp\/v2\/posts"}],"about":[{"href":"https:\/\/www.europesays.com\/fr\/wp-json\/wp\/v2\/types\/post"}],"author":[{"embeddable":true,"href":"https:\/\/www.europesays.com\/fr\/wp-json\/wp\/v2\/users\/2"}],"replies":[{"embeddable":true,"href":"https:\/\/www.europesays.com\/fr\/wp-json\/wp\/v2\/comments?post=72896"}],"version-history":[{"count":0,"href":"https:\/\/www.europesays.com\/fr\/wp-json\/wp\/v2\/posts\/72896\/revisions"}],"wp:featuredmedia":[{"embeddable":true,"href":"https:\/\/www.europesays.com\/fr\/wp-json\/wp\/v2\/media\/72897"}],"wp:attachment":[{"href":"https:\/\/www.europesays.com\/fr\/wp-json\/wp\/v2\/media?parent=72896"}],"wp:term":[{"taxonomy":"category","embeddable":true,"href":"https:\/\/www.europesays.com\/fr\/wp-json\/wp\/v2\/categories?post=72896"},{"taxonomy":"post_tag","embeddable":true,"href":"https:\/\/www.europesays.com\/fr\/wp-json\/wp\/v2\/tags?post=72896"}],"curies":[{"name":"wp","href":"https:\/\/api.w.org\/{rel}","templated":true}]}}