{"id":728990,"date":"2026-02-12T08:54:14","date_gmt":"2026-02-12T08:54:14","guid":{"rendered":"https:\/\/www.europesays.com\/fr\/728990\/"},"modified":"2026-02-12T08:54:14","modified_gmt":"2026-02-12T08:54:14","slug":"un-renouveau-presque-lance-pour-le-stade-lesdiguieres","status":"publish","type":"post","link":"https:\/\/www.europesays.com\/fr\/728990\/","title":{"rendered":"Un renouveau (presque) lanc\u00e9 pour le stade Lesdigui\u00e8res"},"content":{"rendered":"<p itemprop=\"description\" style=\"font-weight: 600;\">Le FC Grenoble Rugby (FCG) n\u2019attend que les subventions pour commencer les travaux, mais table sur une livraison avant la fin de l\u2019ann\u00e9e. Le stade restera propri\u00e9t\u00e9 de la Ville Grenoble mais le FCG peut se projeter sur une gestion pendant au moins quarante ans.<\/p>\n<p style=\"font-size:13px;font-weight:600;\">Le FC Grenoble Rugby va r\u00e9aliser des travaux sur le stade Lesdigui\u00e8res, notamment gr\u00e2ce \u00e0 la possibilit\u00e9 de signer un bail emphyt\u00e9otique avec la Ville de Grenoble pour exploiter le lieu au moins pendant quarante ans.<\/p>\n<p>\u00ab\u00a0C\u2019est l\u2019arl\u00e9sienne\u00a0\u00bb, admet Patrick Goffi, pr\u00e9sident du FC Grenoble Rugby, ce mardi 10\u00a0f\u00e9vrier\u00a0: la r\u00e9novation du stade Lesdigui\u00e8res se fait attendre, alors qu\u2019un calendrier avait \u00e9t\u00e9 annonc\u00e9 pour une fin de travaux l\u2019an dernier. Mais, il l\u2019assure\u00a0: \u00ab\u00a0Nous n\u2019en sommes plus \u00e0 l\u2019hypoth\u00e8se. Le projet se fera.\u00a0\u00bb Et les \u00e9quipes porteuses de cette r\u00e9novation misent sur un lancement du chantier \u00e0 la fin du premier semestre pour une livraison avant la fin de l\u2019ann\u00e9e.<\/p>\n<p>Vers un bail emphyt\u00e9otique<\/p>\n<p>Dans les faits, l\u2019association attend l\u2019accord des subventions (5\u00a0millions d\u2019euros attendus au total), accord\u00e9es par la R\u00e9gion Auvergne-Rh\u00f4ne-Alpes et par le D\u00e9partement de l\u2019Is\u00e8re, m\u00eame si Patrick Goffi annonce avoir d\u00e9j\u00e0 re\u00e7u \u00ab\u00a0un engagement\u00a0\u00bb de leur part. <\/p>\n<p><img decoding=\"async\" src=\"https:\/\/www.europesays.com\/fr\/wp-content\/uploads\/2026\/02\/PXL_20260210_140933904.PORTRAIT.ORIGINAL-1024x769.jpg\" alt=\"\" class=\"wp-image-4712387\"\/><\/p>\n<p>La Ville de Grenoble a, de son c\u00f4t\u00e9, vot\u00e9 \u00e0 l\u2019unanimit\u00e9, le 2\u00a0f\u00e9vrier, l\u2019autorisation d\u2019un bail emphyt\u00e9otique qui va permettre \u00e0 l\u2019association de rugby de porter l\u2019\u00e9quipement\u00a0: \u00ab\u00a0Elle a quarante ans devant elle, mais le stade Lesdigui\u00e8res reste propri\u00e9t\u00e9 de la Ville\u00a0\u00bb, explique Eric Piolle, maire de Grenoble, sachant qu\u2019il l\u2019affirme\u00a0: \u00ab\u00a0La Ville n\u2019\u00e9tait pas en capacit\u00e9 de porter l\u2019investissement\u00a0\u00bb des travaux. Le loyer pay\u00e9 par l\u2019association sera de 70\u00a0000\u00a0euros, \u00ab\u00a0un prix \u00e9tabli par France Domaine\u00a0\u00bb, pr\u00e9cise le maire. La Ville va accorder une subvention de 750\u00a0000\u00a0euros pour le projet, dont le co\u00fbt est de 9\u00a0millions d\u2019euros TTC.<\/p>\n<p><img decoding=\"async\" src=\"https:\/\/www.europesays.com\/fr\/wp-content\/uploads\/2026\/02\/PXL_20260210_132134996-1024x769.jpg\" alt=\"\" class=\"wp-image-4712386\"\/><\/p>\n<p>Trois tribunes seront d\u00e9truites, mais le FCG maintient qu\u2019il restera des gradins pour accueillir le public, avec 5\u00a0000\u00a0places dans la tribune restante qui sera r\u00e9nov\u00e9e. Un espace de terrain couvert sera install\u00e9, ainsi que diff\u00e9rents b\u00e2timents qui accueilleront des salles de formation, des espaces de sport, de baln\u00e9o, un self, une salle r\u00e9ceptive, etc.<\/p>\n<p>Un organisme de formation<\/p>\n<p>Des s\u00e9minaires pourront encore \u00eatre accueillis, avec des moyens agrandis, appr\u00e9cie le FCG\u00a0: \u00ab\u00a0Nous avons envie de d\u00e9velopper le lien entre les entreprises et le sport.\u00a0\u00bb Le projet est aussi de mettre en place un organisme de formation \u00ab\u00a0qui va d\u00e9marrer cette ann\u00e9e\u00a0\u00bb, communique le FCG. Malgr\u00e9 tout, la Ville pourra avoir acc\u00e8s au stade dix jours par an pour des \u00e9v\u00e9nements sportifs.<\/p>\n","protected":false},"excerpt":{"rendered":"Le FC Grenoble Rugby (FCG) n\u2019attend que les subventions pour commencer les travaux, mais table sur une livraison&hellip;\n","protected":false},"author":2,"featured_media":728991,"comment_status":"","ping_status":"","sticky":false,"template":"","format":"standard","meta":{"footnotes":"","_share_on_mastodon":"0"},"categories":[9566],"tags":[1111,11,2430,1777,674,1011,27,2731,12,25],"class_list":["post-728990","post","type-post","status-publish","format-standard","has-post-thumbnail","category-grenoble","tag-actu","tag-actualites","tag-auvergne-rhone-alpes","tag-eu","tag-europe","tag-fr","tag-france","tag-grenoble","tag-news","tag-republique-francaise"],"share_on_mastodon":{"url":"https:\/\/pubeurope.com\/@fr\/116056821854687889","error":""},"_links":{"self":[{"href":"https:\/\/www.europesays.com\/fr\/wp-json\/wp\/v2\/posts\/728990","targetHints":{"allow":["GET"]}}],"collection":[{"href":"https:\/\/www.europesays.com\/fr\/wp-json\/wp\/v2\/posts"}],"about":[{"href":"https:\/\/www.europesays.com\/fr\/wp-json\/wp\/v2\/types\/post"}],"author":[{"embeddable":true,"href":"https:\/\/www.europesays.com\/fr\/wp-json\/wp\/v2\/users\/2"}],"replies":[{"embeddable":true,"href":"https:\/\/www.europesays.com\/fr\/wp-json\/wp\/v2\/comments?post=728990"}],"version-history":[{"count":0,"href":"https:\/\/www.europesays.com\/fr\/wp-json\/wp\/v2\/posts\/728990\/revisions"}],"wp:featuredmedia":[{"embeddable":true,"href":"https:\/\/www.europesays.com\/fr\/wp-json\/wp\/v2\/media\/728991"}],"wp:attachment":[{"href":"https:\/\/www.europesays.com\/fr\/wp-json\/wp\/v2\/media?parent=728990"}],"wp:term":[{"taxonomy":"category","embeddable":true,"href":"https:\/\/www.europesays.com\/fr\/wp-json\/wp\/v2\/categories?post=728990"},{"taxonomy":"post_tag","embeddable":true,"href":"https:\/\/www.europesays.com\/fr\/wp-json\/wp\/v2\/tags?post=728990"}],"curies":[{"name":"wp","href":"https:\/\/api.w.org\/{rel}","templated":true}]}}