{"id":729025,"date":"2026-02-12T09:15:12","date_gmt":"2026-02-12T09:15:12","guid":{"rendered":"https:\/\/www.europesays.com\/fr\/729025\/"},"modified":"2026-02-12T09:15:12","modified_gmt":"2026-02-12T09:15:12","slug":"15-ans-de-prison-requis-pour-limportation-de-740-kg-de-cannabis-par-helicoptere","status":"publish","type":"post","link":"https:\/\/www.europesays.com\/fr\/729025\/","title":{"rendered":"15 ans de prison requis pour l\u2019importation de 740 kg de cannabis par h\u00e9licopt\u00e8re"},"content":{"rendered":"<p>D\u00e9j\u00e0 jug\u00e9, ce mardi, dans une premi\u00e8re affaire de trafic de drogue, Mounir Mansouri, 49 ans, consid\u00e9r\u00e9 comme l\u2019un des principaux narcotrafiquant francilien, devait r\u00e9pondre, ce mercredi, de l\u2019acheminement de cannabis par la voie des airs.<\/p>\n<p>La mine fatigu\u00e9e et les traits tir\u00e9s, Mounir Mansouri n\u2019avait pas l\u2019air \u00e0 son aise, ce mercredi 11\u00a0f\u00e9vrier, pour son deuxi\u00e8me round judiciaire, devant la 33e \u00a0chambre correctionnelle du tribunal judiciaire de Paris.<\/p>\n<p>La veille, <a href=\"https:\/\/www.parismatch.com\/actu\/faits-divers\/neuf-ans-de-prison-requis-contre-le-chauve-baron-presume-du-trafic-de-cannabis-en-ile-de-france-264314\" rel=\"nofollow noopener\" target=\"_blank\">il avait entendu le parquet requ\u00e9rir 9\u00a0ans de prison \u00e0 son encontre<\/a> dans une affaire de trafic de drogue, &#8211; reposant sur des \u00e9coutes peu convaincantes -, entre le Maroc, l\u2019Espagne et la r\u00e9gion parisienne sur la p\u00e9riode 2008-2011.<\/p>\n<p>    La suite apr\u00e8s cette publicit\u00e9<\/p>\n<p>Mercredi, le repr\u00e9sentant du Minist\u00e8re public a r\u00e9clam\u00e9 15\u00a0ans de prison, assortis d\u2019une p\u00e9riode de s\u00fbret\u00e9 des deux tiers, \u00e0 son encontre pour une importation de 740\u00a0kg de r\u00e9sine de cannabis par h\u00e9licopt\u00e8re, en mars\u00a02016 en Espagne. Celui qui est surnomm\u00e9 le chauve \u00e9tait aussi suspect\u00e9 d\u2019avoir achemin\u00e9 332\u00a0kg de la m\u00eame drogue, en mars\u00a02019, dans un box \u00e0 Vincennes (Val-de-Marne).<\/p>\n<p>    La suite apr\u00e8s cette publicit\u00e9<\/p>\n<p>L\u00e0 pour \u00ab\u00a0cr\u00e9dibiliser la location d\u2019un \u00ab\u00a0h\u00e9licopt\u00e8re\u00a0\u00bb et rien d\u2019autre<\/p>\n<p>\u00ab\u00a0On sait quelle est la position de M. Mansouri dans la physionomie du trafic francilien et international \u00e0 l\u2019\u00e9poque, a assur\u00e9 la procureure de la R\u00e9publique. Il en vit depuis des ann\u00e9es et malheureusement pour lui, c\u2019est l\u2019heure de solder les comptes\u00a0\u00bb.<\/p>\n<p>Dans ces deux affaires, le d\u00e9lib\u00e9r\u00e9 sera rendu le 12\u00a0mars prochain.<\/p>\n<p>    La suite apr\u00e8s cette publicit\u00e9<\/p>\n<p>    La suite apr\u00e8s cette publicit\u00e9<\/p>\n<p>\u00ab\u00a0Commanditaire et instigateur\u00a0\u00bb pour la justice, Mounir Mansouri, lui, s\u2019est d\u00e9peint comme simple intervenant pour \u00ab\u00a0cr\u00e9dibiliser\u00a0la location d\u2019un h\u00e9licopt\u00e8re\u00a0\u00bb du c\u00f4t\u00e9 de Toussus-le-Noble (Yvelines) en janvier\u00a02015. Une location d\u2019un an d\u2019un a\u00e9ronef de type \u00c9cureuil pour un ami du quartier de la Solidarit\u00e9 \u00e0 Montrouge (Hauts-de-Seine) o\u00f9 il a grandi.<\/p>\n<p>Un ami qui souhaitait \u00ab\u00a0parfaire sa formation de pilote\u00a0\u00bb. \u00ab\u00a0Il pilotait d\u00e9j\u00e0 et il voulait passer sa licence sur h\u00e9lico \u00e0 moteur \u00e0 turbine, pr\u00e9cise Mounir Mansouri. Il n\u2019en trouvait pas en Espagne o\u00f9 il habitait et c\u2019est pour \u00e7a qu\u2019il est revenu en France\u00a0\u00bb.<\/p>\n<p>D\u00e9nonc\u00e9 par un ami de son quartier de la Solidarit\u00e9 \u00e0 Montrouge<\/p>\n<p>    <img decoding=\"async\" src=\"https:\/\/www.europesays.com\/fr\/wp-content\/uploads\/2026\/02\/des-centaines-de-kilos-de-resine-de-cannabis-conditionnes-dans-des-valises-marocaines-ont-ete-saisis.jpeg\" alt=\"Des centaines de kilos de re\u0301sine de cannabis conditionne\u0301s dans des valises marocaines ont e\u0301te\u0301 saisis par la police.\" loading=\"lazy\"\/><\/p>\n<p>\n      Des centaines de kilos de re\u0301sine de cannabis conditionne\u0301s dans des valises marocaines ont e\u0301te\u0301 saisis par la police.<\/p>\n<p>                                \u00a9 DR<\/p>\n<p>Le probl\u00e8me est que cet ami, Rachid C., n\u2019a jamais restitu\u00e9 l\u2019h\u00e9licopt\u00e8re en question. Ce moyen de transport a\u00e9rien va finalement \u00eatre intercept\u00e9 par les policiers de la Guardia civile espagnole, le 6\u00a0mars 2016, dans le cadre d\u2019une op\u00e9ration antidrogue du c\u00f4t\u00e9 de la commune de Los Palacios y Villafranca dans la banlieue de S\u00e9ville dans le sud de l\u2019Espagne. Dans l\u2019habitacle, 740kg de r\u00e9sine de cannabis ont \u00e9t\u00e9 d\u00e9couverts.<\/p>\n<p>L\u2019exploitation du carnet de vol de l\u2019h\u00e9licopt\u00e8re a aussi permis d\u2019\u00e9tablir que l\u2019\u00c9cureuil avait effectu\u00e9 au moins vingt vols entre les mois de janvier et juillet\u00a02015.<\/p>\n<p>Dans le box vitr\u00e9 des pr\u00e9venus, le chauve explique encore que son ami a lui-m\u00eame \u00e9t\u00e9 victime d\u2019une \u00ab\u00a0escroquerie\u00a0\u00bb. \u00ab\u00a0Le pilote espagnol qui devait le former a utilis\u00e9 cet h\u00e9licopt\u00e8re \u00e0 son insu, avance-t-il. Voil\u00e0 l\u2019histoire. C\u2019est fantastique hein\u00a0? Ben, c\u2019est la r\u00e9alit\u00e9\u00a0\u00bb.<\/p>\n<p>L\u2019autre souci pour ce p\u00e8re de famille de\u00a049\u00a0ans, qui jouit d\u2019une certaine aura dans le milieu du banditisme francilien, est que Rachid C. a soutenu, au cours de son proc\u00e8s en France en 2023, que c\u2019est bien Mounir Mansouri qui lui avait demand\u00e9 de louer cet h\u00e9licopt\u00e8re sous la fausse identit\u00e9 de David Cohen. Un Mansouri qu\u2019il consid\u00e9rait comme \u00ab\u00a0un grand fr\u00e8re\u00a0\u00bb de la \u00ab\u00a0Solo\u00a0\u00bb, diminutif de leur quartier d\u2019origine.<\/p>\n<p><strong>D\u00e9j\u00e0 condamn\u00e9 \u00e0 5\u00a0ans de prison pour l\u2019importation de 503kg de cannabis et 44kg de coca\u00efne<\/strong><\/p>\n<p>Condamn\u00e9 \u00e0 5\u00a0ans de prison, Rachid C. est aujourd\u2019hui en fuite. Lors de son proc\u00e8s, \u00ab\u00a0il a enfonc\u00e9 quelqu\u2019un qui n\u2019\u00e9tait pas l\u00e0 et \u00e7a lui a servi, grince le chauve \u00e0 l\u2019adresse de son ex-comp\u00e8re. Il a r\u00e9ussi \u00e0 s\u2019en sortir. Il a pris 5\u00a0ans et moi 15\u00a0!\u00a0\u00bb. En cavale depuis 2012, Mounir Mansouri avait \u00e9t\u00e9 condamn\u00e9, en son absence, avant de faire opposition \u00e0 ce jugement apr\u00e8s son arrestation, en octobre\u00a02025 \u00e0 Paris.<\/p>\n<p>Ce baron pr\u00e9sum\u00e9 du trafic de drogue, qui a d\u00e9j\u00e0 \u00e9cop\u00e9 de 5\u00a0ans de prison \u00e0 Bordeaux (Gironde) apr\u00e8s la saisie de 503kg de cannabis et 44kg de coke, en mars\u00a02012, du c\u00f4t\u00e9 de Dax (Landes), s\u2019est confi\u00e9 sur ses activit\u00e9s illicites de \u00ab\u00a0saraf\u00a0\u00bb, nom issu de l\u2019arabe et donn\u00e9 au collecteur d\u2019argent dans le trafic de stup\u00e9fiants.<\/p>\n<p><strong>Mounir Mansouri se pr\u00e9sente comme collecteur d\u2019argent, pas trafiquant<\/strong><\/p>\n<p>Selon ses propres d\u00e9clarations, il avait pris l\u2019habitude, depuis 2010, de louer des box \u00e0 Vincennes afin d\u2019op\u00e9rer en toute discr\u00e9tion. Mais dans l\u2019un d\u2019eux, les policiers de la brigade des stup\u00e9fiants de la police judiciaire parisienne ont aussi retrouv\u00e9 332kg de r\u00e9sine de cannabis, le 4\u00a0mars 2019\u2026<\/p>\n<p>\u00ab\u00a0Ce box, c\u2019est moi qui l\u2019ai lou\u00e9 sous un faux nom pour mes activit\u00e9s de saraf, reconna\u00eet le chauve, dot\u00e9 d\u2019un charisme certain. C\u2019\u00e9tait ce que je faisais quand j\u2019\u00e9tais libre. J\u2019ai ensuite lou\u00e9 d\u2019autres box dans le 15e o\u00f9 j\u2019habitais. J\u2019avais la responsabilit\u00e9 de s\u00e9curiser les fonds. Je cachais l\u2019argent dans les ailes arri\u00e8re de voitures Opel Corsa. Mais comme je n\u2019avais plus l\u2019utilit\u00e9 de ces box \u00e0 Vincennes, je les ai sous-lou\u00e9s \u00e0 un ami\u00a0\u00bb.<\/p>\n<p>\u00ab\u00a0Oui, je savais que c\u2019\u00e9tait quelqu\u2019un qui pouvait donner dans le trafic de drogue\u00a0\u00bb, a-t-il avou\u00e9, mais sans aller jusqu\u2019\u00e0 r\u00e9v\u00e9ler l\u2019identit\u00e9 de son locataire.<\/p>\n<p>Au cours de sa plaidoirie, Me Marie Violleau, l\u2019un des avocats de Mounir Mansouri aux c\u00f4t\u00e9s de Rapha\u00ebl Chiche, &#8211; deux jeunes t\u00e9nors parisiens -, a demand\u00e9 \u00e0 la cour d\u2019\u00eatre \u00ab\u00a0ce rempart \u00e0 l\u2019\u00e9motion politicienne\u00a0\u00bb. \u00ab\u00a0Ne suivez pas les slogans qu\u2019on vous propose, a-t-elle scand\u00e9. La diff\u00e9rence entre la vacuit\u00e9 de ce dossier et la peine requise est abyssale\u00a0!\u00a0\u00bb<\/p>\n<p>\u00ab\u00a0La justice n\u2019a pas vocation \u00e0 enregistrer les secousses du moment pour les amplifier sous forme de condamnation exemplaire\u00a0\u00bb, a-t-elle encore d\u00e9nonc\u00e9, avant de demander la \u00ab\u00a0relaxe\u00a0\u00bb de son client.<\/p>\n","protected":false},"excerpt":{"rendered":"D\u00e9j\u00e0 jug\u00e9, ce mardi, dans une premi\u00e8re affaire de trafic de drogue, Mounir Mansouri, 49 ans, consid\u00e9r\u00e9 comme&hellip;\n","protected":false},"author":2,"featured_media":729026,"comment_status":"","ping_status":"","sticky":false,"template":"","format":"standard","meta":{"footnotes":"","_share_on_mastodon":"0"},"categories":[1888],"tags":[1111,1928,11,1927,1777,674,1011,27,12,1926,626,1925,25],"class_list":["post-729025","post","type-post","status-publish","format-standard","has-post-thumbnail","category-paris","tag-actu","tag-actu-paris","tag-actualites","tag-actualites-paris","tag-eu","tag-europe","tag-fr","tag-france","tag-news","tag-news-paris","tag-paris","tag-paris-news","tag-republique-francaise"],"share_on_mastodon":{"url":"https:\/\/pubeurope.com\/@fr\/116056904497239379","error":""},"_links":{"self":[{"href":"https:\/\/www.europesays.com\/fr\/wp-json\/wp\/v2\/posts\/729025","targetHints":{"allow":["GET"]}}],"collection":[{"href":"https:\/\/www.europesays.com\/fr\/wp-json\/wp\/v2\/posts"}],"about":[{"href":"https:\/\/www.europesays.com\/fr\/wp-json\/wp\/v2\/types\/post"}],"author":[{"embeddable":true,"href":"https:\/\/www.europesays.com\/fr\/wp-json\/wp\/v2\/users\/2"}],"replies":[{"embeddable":true,"href":"https:\/\/www.europesays.com\/fr\/wp-json\/wp\/v2\/comments?post=729025"}],"version-history":[{"count":0,"href":"https:\/\/www.europesays.com\/fr\/wp-json\/wp\/v2\/posts\/729025\/revisions"}],"wp:featuredmedia":[{"embeddable":true,"href":"https:\/\/www.europesays.com\/fr\/wp-json\/wp\/v2\/media\/729026"}],"wp:attachment":[{"href":"https:\/\/www.europesays.com\/fr\/wp-json\/wp\/v2\/media?parent=729025"}],"wp:term":[{"taxonomy":"category","embeddable":true,"href":"https:\/\/www.europesays.com\/fr\/wp-json\/wp\/v2\/categories?post=729025"},{"taxonomy":"post_tag","embeddable":true,"href":"https:\/\/www.europesays.com\/fr\/wp-json\/wp\/v2\/tags?post=729025"}],"curies":[{"name":"wp","href":"https:\/\/api.w.org\/{rel}","templated":true}]}}