{"id":72903,"date":"2025-05-03T23:10:08","date_gmt":"2025-05-03T23:10:08","guid":{"rendered":"https:\/\/www.europesays.com\/fr\/72903\/"},"modified":"2025-05-03T23:10:08","modified_gmt":"2025-05-03T23:10:08","slug":"previsions-du-dimanche-4-mai-2025","status":"publish","type":"post","link":"https:\/\/www.europesays.com\/fr\/72903\/","title":{"rendered":"pr\u00e9visions du dimanche 4 mai 2025"},"content":{"rendered":"<p>\u00c0 Montpellier, les maximales pourront atteindre 20\u00b0C dans la journ\u00e9e alors que les minimales seront de 14\u00b0C. Un vent de nord-est rafra\u00eechira l\u00e9g\u00e8rement l&rsquo;atmosph\u00e8re. Le matin, il est probable que de l\u00e9g\u00e8res averses se d\u00e9clarent. Les temp\u00e9ratures seront comprises entre 16 et 18\u00b0C. Des orages de faible intensit\u00e9 auront lieu dans l&rsquo;apr\u00e8s-midi. Les valeurs afficheront entre 18 et 20\u00b0C. Il y a un risque d&rsquo;averses le soir. Il va faire environ 16\u00b0C. Entre dimanche et lundi, la nuit sera pluvieuse.<\/p>\n<p>Il va falloir \u00eatre pr\u00e9voyant demain : de petites averses auront lieu \u00e0 Montpellier. Une diminution des temp\u00e9ratures est \u00e0 pr\u00e9voir. Il fera 15\u00b0C en moyenne. Une modeste brise de nord-ouest sera ressentie par les habitants. Le matin, le thermom\u00e8tre affichera 16\u00b0C en moyenne. Les temp\u00e9ratures seront de 16\u00b0C au plus bas et de 17\u00b0C au plus haut l&rsquo;apr\u00e8s-midi. Les nuages en pr\u00e9vision demain soir, et un ciel encore maussade. La m\u00e9t\u00e9o sera marqu\u00e9e par des pluies \u00e9parses. Les valeurs s&rsquo;\u00e9chelonneront de 14 \u00e0 15\u00b0C.<\/p>\n<p>Des changements sont attendus les prochains jours. On pr\u00e9voit une d\u00e9gradation mercredi, apr\u00e8s une journ\u00e9e ensoleill\u00e9e mardi.<\/p>\n<p><\/p>\n","protected":false},"excerpt":{"rendered":"\u00c0 Montpellier, les maximales pourront atteindre 20\u00b0C dans la journ\u00e9e alors que les minimales seront de 14\u00b0C. Un&hellip;\n","protected":false},"author":2,"featured_media":72904,"comment_status":"","ping_status":"","sticky":false,"template":"","format":"standard","meta":{"footnotes":""},"categories":[9599],"tags":[1111,11,1777,674,1011,27,7089,2681,2208,12,2680,2119,25],"class_list":{"0":"post-72903","1":"post","2":"type-post","3":"status-publish","4":"format-standard","5":"has-post-thumbnail","7":"category-montpellier","8":"tag-actu","9":"tag-actualites","10":"tag-eu","11":"tag-europe","12":"tag-fr","13":"tag-france","14":"tag-herault","15":"tag-languedoc-roussillon","16":"tag-montpellier","17":"tag-news","18":"tag-occitanie","19":"tag-previsions-meteo","20":"tag-republique-francaise"},"share_on_mastodon":{"url":"https:\/\/pubeurope.com\/@fr\/114446429249192871","error":""},"_links":{"self":[{"href":"https:\/\/www.europesays.com\/fr\/wp-json\/wp\/v2\/posts\/72903","targetHints":{"allow":["GET"]}}],"collection":[{"href":"https:\/\/www.europesays.com\/fr\/wp-json\/wp\/v2\/posts"}],"about":[{"href":"https:\/\/www.europesays.com\/fr\/wp-json\/wp\/v2\/types\/post"}],"author":[{"embeddable":true,"href":"https:\/\/www.europesays.com\/fr\/wp-json\/wp\/v2\/users\/2"}],"replies":[{"embeddable":true,"href":"https:\/\/www.europesays.com\/fr\/wp-json\/wp\/v2\/comments?post=72903"}],"version-history":[{"count":0,"href":"https:\/\/www.europesays.com\/fr\/wp-json\/wp\/v2\/posts\/72903\/revisions"}],"wp:featuredmedia":[{"embeddable":true,"href":"https:\/\/www.europesays.com\/fr\/wp-json\/wp\/v2\/media\/72904"}],"wp:attachment":[{"href":"https:\/\/www.europesays.com\/fr\/wp-json\/wp\/v2\/media?parent=72903"}],"wp:term":[{"taxonomy":"category","embeddable":true,"href":"https:\/\/www.europesays.com\/fr\/wp-json\/wp\/v2\/categories?post=72903"},{"taxonomy":"post_tag","embeddable":true,"href":"https:\/\/www.europesays.com\/fr\/wp-json\/wp\/v2\/tags?post=72903"}],"curies":[{"name":"wp","href":"https:\/\/api.w.org\/{rel}","templated":true}]}}