{"id":72911,"date":"2025-05-03T23:15:16","date_gmt":"2025-05-03T23:15:16","guid":{"rendered":"https:\/\/www.europesays.com\/fr\/72911\/"},"modified":"2025-05-03T23:15:16","modified_gmt":"2025-05-03T23:15:16","slug":"quatorze-coups-de-feu-a-rennes-la-guerre-des-stups-fait-deux-nouveaux-blesses-a-villejean-maville-com","status":"publish","type":"post","link":"https:\/\/www.europesays.com\/fr\/72911\/","title":{"rendered":"Quatorze coups de feu \u00e0 Rennes : la guerre des stups fait deux nouveaux bless\u00e9s \u00e0 Villejean &#8211; Maville.com"},"content":{"rendered":"<ol>\n<li><a href=\"https:\/\/news.google.com\/rss\/articles\/CBMi8gFBVV95cUxQWWM5Mzk1YnJkY3lTVWNDNVNRMFh6cWVDMkdVM0ZWbVJQSU1vTEo5Wmp5YkRCV19sZ0NaMDZQMEtGTDZQeWhRLUlhYnN5Tm9PQnIxaUI1N3hBSzBIeFBvblFfQ0ZPNnVkejBBUkNwclZ0SUVuSWRvV0g3VUxTVDk4U3laUGpxd2YzZ1BZVE1oQVhZeDdsTUtTTV9ZcWVTVHIwSTBnRFhPZGlPX0VYblFoNkk4M0piZF9TaEdsVWE3bTBrZnZTdl9xcnR1SXBnTVpKeFIxR3djeEpkdVBnNzd1TS1mX2dieGVBaUVDeExkeDlLUQ?oc=5\" target=\"_blank\" rel=\"noopener\">Quatorze coups de feu \u00e0 Rennes : la guerre des stups fait deux nouveaux bless\u00e9s \u00e0 Villejean<\/a>&nbsp;&nbsp;Maville.com<\/li>\n<li><a href=\"https:\/\/news.google.com\/rss\/articles\/CBMikgJBVV95cUxNTnV0bUVBWVp2WjJkMU9DcXNWcktNMFcxNnZhbG9FN2tCZDVPOVlPTGotaU83OEx3cUVtcXdtWW5sTU9Qai12dE9ZSXBMZGd2MlZZQ0lLV0FzcTVqc0Iwcjh1SUV3WXZid3JLbmZsblk3Y2ZMLVpXbG1mV2x4a3FzUGVJbV9MTWJxX3B5aC1xZXp0T3ZxYlBDYW1Hd01LcmNhYjJtbVF6cVZQTE9hM09KNFpBSGEtc1lWaTVNaTVPYlZheFdzTTAyNlNfdkFoLXQzVXlyMDVIRkc1T2FWb2dtckpOMmpPYWxJNUdzNWY3ZXh0VHphY0lUbjZ6TlZwdlRUeFZCWndjekhpNmxMRlJTRHNB?oc=5\" target=\"_blank\" rel=\"noopener\">Nouveaux tirs \u00e0 Rennes : deux jeunes bless\u00e9s par balles \u00e0 Villejean, trois hommes interpell\u00e9s<\/a>&nbsp;&nbsp;Ouest-France<\/li>\n<li><a href=\"https:\/\/news.google.com\/rss\/articles\/CBMiygFBVV95cUxOTG9UenJ5TFExZE81VmhxdnJuRlk3WjZIS09GbFJacmR6dVN6Y1ZSOTJKUzRBeTRuWTVkYTRVSUFnQU5KV1hobDFic081cG9KRGszRHlXXzRra1dYc3c5VkVobXBZY2diNngya1lJcjFDZmRuT3FyRVZRT3prS3hjWkxVQm1pb3U5TWNvYTVpa1kwemkwX19tTlJEWHJWNXZZQWwwRjN5MzctaXE2RWFRMWloREtqQ3czVG51dnBpSTJYR3hDdnItb0dn?oc=5\" target=\"_blank\" rel=\"noopener\">Rennes : deux hommes bless\u00e9s par balles au cours d\u2019une fusillade, trois interpellations<\/a>&nbsp;&nbsp;Le Figaro<\/li>\n<li><a href=\"https:\/\/news.google.com\/rss\/articles\/CBMi3AFBVV95cUxQcGZLb0IxQ0tlcVJ1ZWVyc1F1MnFqZzlHVFlObGRFWkdSTjVSYnNCd180SHR3Mm9zSnZzR04yejVZc1VSZU93NFEzNnNWNkJNRGZEdWJPckdWZXZGV2VMTnFreElwRjJLcWF3UmZsMUsydEwxLXJ1X29iSHdfbE03U19hbldkckZvZ2pZMXcyS0pXWmVBRXJOTzRmYUdPU2lfNXJKUE1ISEl2Rm5PZ3pjNFdfOEFSTkNWajNNUnVsMWN0Y3Bjb3pqWm0tSGxwQVFkOGZ5ZXN1SzdpaC13?oc=5\" target=\"_blank\" rel=\"noopener\">Deux hommes bless\u00e9s par balles, trois interpellations \u00e0 Rennes ce samedi<\/a>&nbsp;&nbsp;La Provence<\/li>\n<li><a href=\"https:\/\/news.google.com\/rss\/articles\/CBMi2AFBVV95cUxOamhPYW55dXlMNC0xbDNxQmRKdHRHaTluckVZdjM2U0pVQkVmUGZzR0Q0RVJiR18zN3RLYVhrNDBfeG4tV3E2cXAzcUJQUmNyMjltM3JrcldxNGx5VTdpQlVKaDBFX3ZXT0wxWGVEcGlBcXVzWDdrZ2s4ZEhqcmxQa1pGUmU2aUQ5eG05YUdZdHlZbzBGRWFrOWFpVTNSNFFWQmN6MW5NUGJNejJzUzJXb1lfY0haOEpCUE9QRzdSZU01VVdNQnd2cGhVRFVadFdZVUxxbkRfZjg?oc=5\" target=\"_blank\" rel=\"noopener\">Deux adolescents bless\u00e9s dont un gravement apr\u00e8s une nouvelle fusillade \u00e0 Rennes<\/a>&nbsp;&nbsp;francebleu.fr<\/li>\n<\/ol>\n","protected":false},"excerpt":{"rendered":"Quatorze coups de feu \u00e0 Rennes : la guerre des stups fait deux nouveaux bless\u00e9s \u00e0 Villejean&nbsp;&nbsp;Maville.com Nouveaux&hellip;\n","protected":false},"author":2,"featured_media":72912,"comment_status":"","ping_status":"","sticky":false,"template":"","format":"standard","meta":{"footnotes":""},"categories":[2821],"tags":[1111,11,4901,829,854,1777,674,21,1312,1011,27,1146,17660,12,2845,584,25,17659,5375],"class_list":{"0":"post-72911","1":"post","2":"type-post","3":"status-publish","4":"format-standard","5":"has-post-thumbnail","7":"category-rennes","8":"tag-actu","9":"tag-actualites","10":"tag-blesses","11":"tag-bretagne","12":"tag-coups","13":"tag-eu","14":"tag-europe","15":"tag-fait","16":"tag-feu","17":"tag-fr","18":"tag-france","19":"tag-guerre","20":"tag-lannion-perros","21":"tag-news","22":"tag-nouveaux","23":"tag-rennes","24":"tag-republique-francaise","25":"tag-stups","26":"tag-villejean"},"share_on_mastodon":{"url":"https:\/\/pubeurope.com\/@fr\/114446448935286226","error":""},"_links":{"self":[{"href":"https:\/\/www.europesays.com\/fr\/wp-json\/wp\/v2\/posts\/72911","targetHints":{"allow":["GET"]}}],"collection":[{"href":"https:\/\/www.europesays.com\/fr\/wp-json\/wp\/v2\/posts"}],"about":[{"href":"https:\/\/www.europesays.com\/fr\/wp-json\/wp\/v2\/types\/post"}],"author":[{"embeddable":true,"href":"https:\/\/www.europesays.com\/fr\/wp-json\/wp\/v2\/users\/2"}],"replies":[{"embeddable":true,"href":"https:\/\/www.europesays.com\/fr\/wp-json\/wp\/v2\/comments?post=72911"}],"version-history":[{"count":0,"href":"https:\/\/www.europesays.com\/fr\/wp-json\/wp\/v2\/posts\/72911\/revisions"}],"wp:featuredmedia":[{"embeddable":true,"href":"https:\/\/www.europesays.com\/fr\/wp-json\/wp\/v2\/media\/72912"}],"wp:attachment":[{"href":"https:\/\/www.europesays.com\/fr\/wp-json\/wp\/v2\/media?parent=72911"}],"wp:term":[{"taxonomy":"category","embeddable":true,"href":"https:\/\/www.europesays.com\/fr\/wp-json\/wp\/v2\/categories?post=72911"},{"taxonomy":"post_tag","embeddable":true,"href":"https:\/\/www.europesays.com\/fr\/wp-json\/wp\/v2\/tags?post=72911"}],"curies":[{"name":"wp","href":"https:\/\/api.w.org\/{rel}","templated":true}]}}